{"id":5162,"date":"2025-05-05T07:32:28","date_gmt":"2025-05-05T10:32:28","guid":{"rendered":"https:\/\/noticiasregionais.com.br\/?p=5162"},"modified":"2025-05-05T07:33:00","modified_gmt":"2025-05-05T10:33:00","slug":"prf-prende-mulher-de-25-anos-com-20-kg-de-pasta-base-de-cocaina-em-marilia","status":"publish","type":"post","link":"https:\/\/noticiasregionais.com.br\/?p=5162","title":{"rendered":"PRF prende mulher de 25 anos com 20 kg de pasta base de coca\u00edna em Mar\u00edlia"},"content":{"rendered":"\n<p>Uma mulher de 25 anos foi presa na tarde deste domingo (4), por volta das 15h, transportando cerca de 20 quilos de pasta base de coca\u00edna em um compartimento oculto no para-choque traseiro de um ve\u00edculo Jeep Renegade, na regi\u00e3o de Mar\u00edlia (SP).<\/p>\n\n\n\n<p>A abordagem foi realizada por agentes da Pol\u00edcia Rodovi\u00e1ria Federal (PRF) no entroncamento da BR-153 com a SP-294. De acordo com a corpora\u00e7\u00e3o, a condutora demonstrou nervosismo excessivo e apresentou informa\u00e7\u00f5es contradit\u00f3rias sobre o motivo da viagem, o que levantou suspeitas.<\/p>\n\n\n\n<p>Durante a vistoria no carro, os policiais localizaram um espa\u00e7o adaptado para o transporte de entorpecentes, onde encontraram o carregamento da droga. Ap\u00f3s a descoberta, a suspeita confessou que havia sido contratada por um desconhecido na cidade de S\u00e3o Paulo para buscar um ve\u00edculo carregado com drogas na Bol\u00edvia e traz\u00ea-lo de volta \u00e0 capital paulista. Pelo transporte, ela disse que receberia R$ 30 mil.<\/p>\n\n\n\n<p>Diante dos fatos, a mulher recebeu voz de pris\u00e3o em flagrante por tr\u00e1fico de drogas e foi encaminhada \u00e0 Central de Pol\u00edcia Judici\u00e1ria (CPJ) de Mar\u00edlia para as provid\u00eancias legais.<\/p>\n\n\n\n<figure class=\"wp-block-embed is-type-video is-provider-youtube wp-block-embed-youtube wp-embed-aspect-16-9 wp-has-aspect-ratio\"><div class=\"wp-block-embed__wrapper\">\n<iframe loading=\"lazy\" title=\"PRF apreende Pasta Base de Coca\u00edna em Mar\u00edlia escondida em para-choques\" width=\"640\" height=\"360\" src=\"https:\/\/www.youtube.com\/embed\/dI9CzSn1aEE?feature=oembed\" frameborder=\"0\" allow=\"accelerometer; autoplay; clipboard-write; encrypted-media; gyroscope; picture-in-picture; web-share\" referrerpolicy=\"strict-origin-when-cross-origin\" allowfullscreen><\/iframe>\n<\/div><\/figure>\n<input type=\"hidden\" id=\"baseurl\" value=\"https:\/\/noticiasregionais.com.br\"><input type=\"hidden\" id=\"audio_nonce\" value=\"5c13e0637f\">","protected":false},"excerpt":{"rendered":"<p>Uma mulher de 25 anos foi presa na tarde deste domingo (4), por volta das 15h, transportando cerca de 20&hellip;<\/p>\n","protected":false},"author":1,"featured_media":5163,"comment_status":"closed","ping_status":"open","sticky":false,"template":"","format":"standard","meta":{"sfsi_plus_gutenberg_text_before_share":"","sfsi_plus_gutenberg_show_text_before_share":"","sfsi_plus_gutenberg_icon_type":"","sfsi_plus_gutenberg_icon_alignemt":"","sfsi_plus_gutenburg_max_per_row":"","footnotes":""},"categories":[6,12,1],"tags":[25],"class_list":["post-5162","post","type-post","status-publish","format-standard","has-post-thumbnail","hentry","category-sao_paulo","category-capa","category-noticias","tag-marilia"],"_links":{"self":[{"href":"https:\/\/noticiasregionais.com.br\/index.php?rest_route=\/wp\/v2\/posts\/5162","targetHints":{"allow":["GET"]}}],"collection":[{"href":"https:\/\/noticiasregionais.com.br\/index.php?rest_route=\/wp\/v2\/posts"}],"about":[{"href":"https:\/\/noticiasregionais.com.br\/index.php?rest_route=\/wp\/v2\/types\/post"}],"author":[{"embeddable":true,"href":"https:\/\/noticiasregionais.com.br\/index.php?rest_route=\/wp\/v2\/users\/1"}],"replies":[{"embeddable":true,"href":"https:\/\/noticiasregionais.com.br\/index.php?rest_route=%2Fwp%2Fv2%2Fcomments&post=5162"}],"version-history":[{"count":1,"href":"https:\/\/noticiasregionais.com.br\/index.php?rest_route=\/wp\/v2\/posts\/5162\/revisions"}],"predecessor-version":[{"id":5164,"href":"https:\/\/noticiasregionais.com.br\/index.php?rest_route=\/wp\/v2\/posts\/5162\/revisions\/5164"}],"wp:featuredmedia":[{"embeddable":true,"href":"https:\/\/noticiasregionais.com.br\/index.php?rest_route=\/wp\/v2\/media\/5163"}],"wp:attachment":[{"href":"https:\/\/noticiasregionais.com.br\/index.php?rest_route=%2Fwp%2Fv2%2Fmedia&parent=5162"}],"wp:term":[{"taxonomy":"category","embeddable":true,"href":"https:\/\/noticiasregionais.com.br\/index.php?rest_route=%2Fwp%2Fv2%2Fcategories&post=5162"},{"taxonomy":"post_tag","embeddable":true,"href":"https:\/\/noticiasregionais.com.br\/index.php?rest_route=%2Fwp%2Fv2%2Ftags&post=5162"}],"curies":[{"name":"wp","href":"https:\/\/api.w.org\/{rel}","templated":true}]}}