{"id":5165,"date":"2025-05-05T07:48:05","date_gmt":"2025-05-05T10:48:05","guid":{"rendered":"https:\/\/noticiasregionais.com.br\/?p=5165"},"modified":"2025-05-05T07:48:09","modified_gmt":"2025-05-05T10:48:09","slug":"confianca-na-construcao-civil-recua-no-inicio-de-2025-aponta-cni","status":"publish","type":"post","link":"https:\/\/noticiasregionais.com.br\/?p=5165","title":{"rendered":"Confian\u00e7a na constru\u00e7\u00e3o civil recua no in\u00edcio de 2025, aponta CNI"},"content":{"rendered":"\n<p>O setor da constru\u00e7\u00e3o civil iniciou 2025 com sinais de alerta. Segundo levantamento da Confedera\u00e7\u00e3o Nacional da Ind\u00fastria (CNI), o \u00cdndice de Confian\u00e7a do Empres\u00e1rio da Constru\u00e7\u00e3o (ICEI-Constru\u00e7\u00e3o) caiu para 47,2 pontos em abril, ficando abaixo da marca de 50, que separa otimismo de pessimismo.<\/p>\n\n\n\n<p>Entre os principais desafios enfrentados pelo setor, destacam-se os juros elevados, a alta carga tribut\u00e1ria e as dificuldades relacionadas \u00e0 m\u00e3o de obra qualificada \u2014 tanto pelo custo quanto pela escassez. A pesquisa tamb\u00e9m apontou aumento na insatisfa\u00e7\u00e3o dos empres\u00e1rios com a rentabilidade e com a sa\u00fade financeira das empresas.<\/p>\n\n\n\n<p>Em rela\u00e7\u00e3o \u00e0 atividade do setor, o \u00edndice de evolu\u00e7\u00e3o apresentou leve alta em mar\u00e7o, alcan\u00e7ando tamb\u00e9m 47,2 pontos, n\u00famero inferior ao registrado no mesmo m\u00eas de 2024, que foi de 48,4. O n\u00edvel de emprego permaneceu praticamente est\u00e1vel, com 48,1 pontos.<\/p>\n\n\n\n<p>Outro dado que chama aten\u00e7\u00e3o \u00e9 a queda na percep\u00e7\u00e3o de acesso ao cr\u00e9dito, que recuou para 37,4 pontos no primeiro trimestre de 2025 \u2014 uma leve redu\u00e7\u00e3o de 0,3 ponto em compara\u00e7\u00e3o ao per\u00edodo anterior. J\u00e1 a avalia\u00e7\u00e3o da situa\u00e7\u00e3o financeira caiu de 49 para 46,4 pontos na compara\u00e7\u00e3o entre o quarto trimestre de 2024 e o primeiro de 2025.<\/p>\n\n\n\n<p>A pesquisa ouviu 316 empresas de diferentes portes entre os dias 1\u00ba e 10 de abril, em parceria com a C\u00e2mara Brasileira da Ind\u00fastria da Constru\u00e7\u00e3o (CBIC).<\/p>\n<input type=\"hidden\" id=\"baseurl\" value=\"https:\/\/noticiasregionais.com.br\"><input type=\"hidden\" id=\"audio_nonce\" value=\"5c13e0637f\">","protected":false},"excerpt":{"rendered":"<p>O setor da constru\u00e7\u00e3o civil iniciou 2025 com sinais de alerta. Segundo levantamento da Confedera\u00e7\u00e3o Nacional da Ind\u00fastria (CNI), o&hellip;<\/p>\n","protected":false},"author":1,"featured_media":5166,"comment_status":"closed","ping_status":"open","sticky":false,"template":"","format":"standard","meta":{"sfsi_plus_gutenberg_text_before_share":"","sfsi_plus_gutenberg_show_text_before_share":"","sfsi_plus_gutenberg_icon_type":"","sfsi_plus_gutenberg_icon_alignemt":"","sfsi_plus_gutenburg_max_per_row":"","footnotes":""},"categories":[8,10,1],"tags":[],"class_list":["post-5165","post","type-post","status-publish","format-standard","has-post-thumbnail","hentry","category-brasil","category-destaques","category-noticias"],"_links":{"self":[{"href":"https:\/\/noticiasregionais.com.br\/index.php?rest_route=\/wp\/v2\/posts\/5165","targetHints":{"allow":["GET"]}}],"collection":[{"href":"https:\/\/noticiasregionais.com.br\/index.php?rest_route=\/wp\/v2\/posts"}],"about":[{"href":"https:\/\/noticiasregionais.com.br\/index.php?rest_route=\/wp\/v2\/types\/post"}],"author":[{"embeddable":true,"href":"https:\/\/noticiasregionais.com.br\/index.php?rest_route=\/wp\/v2\/users\/1"}],"replies":[{"embeddable":true,"href":"https:\/\/noticiasregionais.com.br\/index.php?rest_route=%2Fwp%2Fv2%2Fcomments&post=5165"}],"version-history":[{"count":1,"href":"https:\/\/noticiasregionais.com.br\/index.php?rest_route=\/wp\/v2\/posts\/5165\/revisions"}],"predecessor-version":[{"id":5167,"href":"https:\/\/noticiasregionais.com.br\/index.php?rest_route=\/wp\/v2\/posts\/5165\/revisions\/5167"}],"wp:featuredmedia":[{"embeddable":true,"href":"https:\/\/noticiasregionais.com.br\/index.php?rest_route=\/wp\/v2\/media\/5166"}],"wp:attachment":[{"href":"https:\/\/noticiasregionais.com.br\/index.php?rest_route=%2Fwp%2Fv2%2Fmedia&parent=5165"}],"wp:term":[{"taxonomy":"category","embeddable":true,"href":"https:\/\/noticiasregionais.com.br\/index.php?rest_route=%2Fwp%2Fv2%2Fcategories&post=5165"},{"taxonomy":"post_tag","embeddable":true,"href":"https:\/\/noticiasregionais.com.br\/index.php?rest_route=%2Fwp%2Fv2%2Ftags&post=5165"}],"curies":[{"name":"wp","href":"https:\/\/api.w.org\/{rel}","templated":true}]}}