{"id":5168,"date":"2025-05-05T07:52:58","date_gmt":"2025-05-05T10:52:58","guid":{"rendered":"https:\/\/noticiasregionais.com.br\/?p=5168"},"modified":"2025-05-05T07:53:01","modified_gmt":"2025-05-05T10:53:01","slug":"conta-de-luz-fica-mais-cara-em-maio-com-a-volta-da-bandeira-amarela-veja-dicas-para-economizar-energia","status":"publish","type":"post","link":"https:\/\/noticiasregionais.com.br\/?p=5168","title":{"rendered":"Conta de luz fica mais cara em maio com a volta da bandeira amarela; veja dicas para economizar energia"},"content":{"rendered":"\n<p>Desde o in\u00edcio de maio, as contas de energia el\u00e9trica dos brasileiros passaram a incluir a cobran\u00e7a da bandeira amarela. A medida foi anunciada pela Ag\u00eancia Nacional de Energia El\u00e9trica (Aneel) e acrescenta um valor extra de R$ 1,88 a cada 100 kWh consumidos.<\/p>\n\n\n\n<p>O motivo da mudan\u00e7a est\u00e1 na diminui\u00e7\u00e3o das chuvas neste per\u00edodo de transi\u00e7\u00e3o entre as esta\u00e7\u00f5es chuvosa e seca, o que compromete a gera\u00e7\u00e3o de energia nas usinas hidrel\u00e9tricas \u2014 principais respons\u00e1veis pelo abastecimento no pa\u00eds. Com isso, o custo de produ\u00e7\u00e3o aumenta e o valor \u00e9 repassado ao consumidor.<\/p>\n\n\n\n<p>Diante do cen\u00e1rio, \u00e9 fundamental repensar o uso da energia el\u00e9trica em casa para evitar surpresas no fim do m\u00eas. Algumas atitudes simples podem fazer diferen\u00e7a na conta de luz:<\/p>\n\n\n\n<h3 class=\"wp-block-heading\">\u2705 <strong>Dicas para reduzir o consumo de energia:<\/strong><\/h3>\n\n\n\n<ul class=\"wp-block-list\">\n<li><strong>Desligue aparelhos da tomada<\/strong>: mesmo fora de uso, equipamentos como TVs, micro-ondas e carregadores continuam consumindo energia no modo standby. Retire-os da tomada sempre que poss\u00edvel.<\/li>\n\n\n\n<li><strong>Evite hor\u00e1rios de pico (18h \u00e0s 21h)<\/strong>: o consumo costuma ser mais elevado nesse per\u00edodo. Priorize o uso de eletrodom\u00e9sticos fora desse intervalo.<\/li>\n\n\n\n<li><strong>Use a m\u00e1quina de lavar com intelig\u00eancia<\/strong>: acumule roupas para evitar m\u00faltiplas lavagens e prefira secar no varal, economizando energia com a secadora.<\/li>\n\n\n\n<li><strong>Prefira eletrodom\u00e9sticos com selo Procel<\/strong>: equipamentos com classifica\u00e7\u00e3o \u201cA\u201d s\u00e3o mais eficientes e reduzem o consumo a longo prazo.<\/li>\n\n\n\n<li><strong>Aproveite a luz do dia<\/strong>: abra janelas e cortinas para reduzir o uso de l\u00e2mpadas durante o dia.<\/li>\n\n\n\n<li><strong>Troque l\u00e2mpadas comuns por modelos de LED<\/strong>: elas consomem at\u00e9 80% menos energia e duram muito mais.<\/li>\n\n\n\n<li><strong>Ajuste o ar-condicionado<\/strong>: mantenha a temperatura entre 23\u00b0C e 25\u00b0C para equilibrar conforto e economia.<\/li>\n\n\n\n<li><strong>Monitore seu consumo mensalmente<\/strong>: utilize aplicativos ou ferramentas das concession\u00e1rias para acompanhar o gasto de energia e identificar aumentos inesperados.<\/li>\n<\/ul>\n\n\n\n<p>Manter-se informado sobre as bandeiras tarif\u00e1rias e adotar h\u00e1bitos mais conscientes s\u00e3o atitudes que ajudam n\u00e3o s\u00f3 no or\u00e7amento dom\u00e9stico, mas tamb\u00e9m no uso mais sustent\u00e1vel da energia el\u00e9trica.<\/p>\n<input type=\"hidden\" id=\"baseurl\" value=\"https:\/\/noticiasregionais.com.br\"><input type=\"hidden\" id=\"audio_nonce\" value=\"5c13e0637f\">","protected":false},"excerpt":{"rendered":"<p>Desde o in\u00edcio de maio, as contas de energia el\u00e9trica dos brasileiros passaram a incluir a cobran\u00e7a da bandeira amarela.&hellip;<\/p>\n","protected":false},"author":1,"featured_media":5169,"comment_status":"closed","ping_status":"open","sticky":false,"template":"","format":"standard","meta":{"sfsi_plus_gutenberg_text_before_share":"","sfsi_plus_gutenberg_show_text_before_share":"","sfsi_plus_gutenberg_icon_type":"","sfsi_plus_gutenberg_icon_alignemt":"","sfsi_plus_gutenburg_max_per_row":"","footnotes":""},"categories":[8,10,1],"tags":[],"class_list":["post-5168","post","type-post","status-publish","format-standard","has-post-thumbnail","hentry","category-brasil","category-destaques","category-noticias"],"_links":{"self":[{"href":"https:\/\/noticiasregionais.com.br\/index.php?rest_route=\/wp\/v2\/posts\/5168","targetHints":{"allow":["GET"]}}],"collection":[{"href":"https:\/\/noticiasregionais.com.br\/index.php?rest_route=\/wp\/v2\/posts"}],"about":[{"href":"https:\/\/noticiasregionais.com.br\/index.php?rest_route=\/wp\/v2\/types\/post"}],"author":[{"embeddable":true,"href":"https:\/\/noticiasregionais.com.br\/index.php?rest_route=\/wp\/v2\/users\/1"}],"replies":[{"embeddable":true,"href":"https:\/\/noticiasregionais.com.br\/index.php?rest_route=%2Fwp%2Fv2%2Fcomments&post=5168"}],"version-history":[{"count":1,"href":"https:\/\/noticiasregionais.com.br\/index.php?rest_route=\/wp\/v2\/posts\/5168\/revisions"}],"predecessor-version":[{"id":5170,"href":"https:\/\/noticiasregionais.com.br\/index.php?rest_route=\/wp\/v2\/posts\/5168\/revisions\/5170"}],"wp:featuredmedia":[{"embeddable":true,"href":"https:\/\/noticiasregionais.com.br\/index.php?rest_route=\/wp\/v2\/media\/5169"}],"wp:attachment":[{"href":"https:\/\/noticiasregionais.com.br\/index.php?rest_route=%2Fwp%2Fv2%2Fmedia&parent=5168"}],"wp:term":[{"taxonomy":"category","embeddable":true,"href":"https:\/\/noticiasregionais.com.br\/index.php?rest_route=%2Fwp%2Fv2%2Fcategories&post=5168"},{"taxonomy":"post_tag","embeddable":true,"href":"https:\/\/noticiasregionais.com.br\/index.php?rest_route=%2Fwp%2Fv2%2Ftags&post=5168"}],"curies":[{"name":"wp","href":"https:\/\/api.w.org\/{rel}","templated":true}]}}