{"id":5171,"date":"2025-05-05T16:25:32","date_gmt":"2025-05-05T19:25:32","guid":{"rendered":"https:\/\/noticiasregionais.com.br\/?p=5171"},"modified":"2025-05-05T16:25:35","modified_gmt":"2025-05-05T19:25:35","slug":"policia-rodoviaria-estadual-divulga-balanco-positivo-da-operacao-dia-do-trabalho-2025","status":"publish","type":"post","link":"https:\/\/noticiasregionais.com.br\/?p=5171","title":{"rendered":"Pol\u00edcia Rodovi\u00e1ria Estadual divulga balan\u00e7o positivo da Opera\u00e7\u00e3o &#8220;Dia do Trabalho 2025&#8221;"},"content":{"rendered":"\n<p>A 3\u00aa Companhia do 2\u00ba Batalh\u00e3o de Pol\u00edcia Rodovi\u00e1ria da Pol\u00edcia Militar do Estado de S\u00e3o Paulo, sediada em Assis, divulgou nesta segunda-feira o balan\u00e7o da Opera\u00e7\u00e3o \u201cFeriado Dia do Trabalho &#8211; 2025\u201d, realizada entre os dias 30 de abril e 4 de maio. O policiamento abrangeu mais de 1.700 km de rodovias estaduais nas regi\u00f5es de Assis, Mar\u00edlia e Ourinhos.<\/p>\n\n\n\n<p>A opera\u00e7\u00e3o contou com o empenho total do efetivo operacional e administrativo, que atuou de forma estrat\u00e9gica e intensiva nas \u00e1reas de maior incid\u00eancia de crimes e acidentes. A a\u00e7\u00e3o teve o apoio do DER, concession\u00e1rias de rodovias, ARTESP e outros parceiros.<\/p>\n\n\n\n<p><strong>Principais n\u00fameros da opera\u00e7\u00e3o:<\/strong><\/p>\n\n\n\n<ul class=\"wp-block-list\">\n<li><strong>627 autua\u00e7\u00f5es de tr\u00e2nsito<\/strong>, com destaque para:\n<ul class=\"wp-block-list\">\n<li>194 motoristas sem cinto de seguran\u00e7a ou dispositivos de reten\u00e7\u00e3o;<\/li>\n\n\n\n<li>66 condutores sob influ\u00eancia de \u00e1lcool ou que se recusaram ao teste do etil\u00f4metro;<\/li>\n\n\n\n<li>9 ultrapassagens em locais proibidos;<\/li>\n\n\n\n<li>2.980 imagens captadas por excesso de velocidade.<\/li>\n<\/ul>\n<\/li>\n\n\n\n<li><strong>1.501 motoristas<\/strong> foram submetidos ao teste do baf\u00f4metro.<\/li>\n\n\n\n<li><strong>14 sinistros de tr\u00e2nsito<\/strong> foram registrados, <strong>sem nenhuma v\u00edtima fatal<\/strong>.<\/li>\n<\/ul>\n\n\n\n<p>A maioria dos acidentes poderia ter sido evitada, segundo o relat\u00f3rio, pois foram causados principalmente por imprud\u00eancia, neglig\u00eancia, imper\u00edcia e desrespeito \u00e0 sinaliza\u00e7\u00e3o.<\/p>\n\n\n\n<p>O comando da opera\u00e7\u00e3o destacou que a aus\u00eancia de mortes \u00e9 resultado direto do esfor\u00e7o conjunto das for\u00e7as envolvidas e refor\u00e7a a import\u00e2ncia de atitudes respons\u00e1veis no tr\u00e2nsito. O lema da campanha \u2014 <em>\u201cRespeito, paci\u00eancia e empatia salvam vidas\u201d<\/em> \u2014 foi enfatizado na nota \u00e0 imprensa.<\/p>\n\n\n\n<p>A Pol\u00edcia Rodovi\u00e1ria reafirma seu compromisso com a preserva\u00e7\u00e3o da vida e refor\u00e7a o apelo por um tr\u00e2nsito mais seguro.<\/p>\n<input type=\"hidden\" id=\"baseurl\" value=\"https:\/\/noticiasregionais.com.br\"><input type=\"hidden\" id=\"audio_nonce\" value=\"533fbb67b1\">","protected":false},"excerpt":{"rendered":"<p>A 3\u00aa Companhia do 2\u00ba Batalh\u00e3o de Pol\u00edcia Rodovi\u00e1ria da Pol\u00edcia Militar do Estado de S\u00e3o Paulo, sediada em Assis,&hellip;<\/p>\n","protected":false},"author":1,"featured_media":1736,"comment_status":"closed","ping_status":"open","sticky":false,"template":"","format":"standard","meta":{"sfsi_plus_gutenberg_text_before_share":"","sfsi_plus_gutenberg_show_text_before_share":"","sfsi_plus_gutenberg_icon_type":"","sfsi_plus_gutenberg_icon_alignemt":"","sfsi_plus_gutenburg_max_per_row":"","footnotes":""},"categories":[6,10,1],"tags":[],"class_list":["post-5171","post","type-post","status-publish","format-standard","has-post-thumbnail","hentry","category-sao_paulo","category-destaques","category-noticias"],"_links":{"self":[{"href":"https:\/\/noticiasregionais.com.br\/index.php?rest_route=\/wp\/v2\/posts\/5171","targetHints":{"allow":["GET"]}}],"collection":[{"href":"https:\/\/noticiasregionais.com.br\/index.php?rest_route=\/wp\/v2\/posts"}],"about":[{"href":"https:\/\/noticiasregionais.com.br\/index.php?rest_route=\/wp\/v2\/types\/post"}],"author":[{"embeddable":true,"href":"https:\/\/noticiasregionais.com.br\/index.php?rest_route=\/wp\/v2\/users\/1"}],"replies":[{"embeddable":true,"href":"https:\/\/noticiasregionais.com.br\/index.php?rest_route=%2Fwp%2Fv2%2Fcomments&post=5171"}],"version-history":[{"count":1,"href":"https:\/\/noticiasregionais.com.br\/index.php?rest_route=\/wp\/v2\/posts\/5171\/revisions"}],"predecessor-version":[{"id":5172,"href":"https:\/\/noticiasregionais.com.br\/index.php?rest_route=\/wp\/v2\/posts\/5171\/revisions\/5172"}],"wp:featuredmedia":[{"embeddable":true,"href":"https:\/\/noticiasregionais.com.br\/index.php?rest_route=\/wp\/v2\/media\/1736"}],"wp:attachment":[{"href":"https:\/\/noticiasregionais.com.br\/index.php?rest_route=%2Fwp%2Fv2%2Fmedia&parent=5171"}],"wp:term":[{"taxonomy":"category","embeddable":true,"href":"https:\/\/noticiasregionais.com.br\/index.php?rest_route=%2Fwp%2Fv2%2Fcategories&post=5171"},{"taxonomy":"post_tag","embeddable":true,"href":"https:\/\/noticiasregionais.com.br\/index.php?rest_route=%2Fwp%2Fv2%2Ftags&post=5171"}],"curies":[{"name":"wp","href":"https:\/\/api.w.org\/{rel}","templated":true}]}}