{"id":5173,"date":"2025-05-06T20:35:28","date_gmt":"2025-05-06T23:35:28","guid":{"rendered":"https:\/\/noticiasregionais.com.br\/?p=5173"},"modified":"2025-05-06T20:35:31","modified_gmt":"2025-05-06T23:35:31","slug":"circuito-sesc-de-artes-agita-ourinhos-com-cultura-gratuita-e-comercio-local-no-dia-das-maes","status":"publish","type":"post","link":"https:\/\/noticiasregionais.com.br\/?p=5173","title":{"rendered":"Circuito Sesc de Artes agita Ourinhos com cultura gratuita e com\u00e9rcio local no Dia das M\u00e3es"},"content":{"rendered":"\n<h4 class=\"wp-block-heading has-text-align-center\">Evento na Pra\u00e7a Mello Peixoto re\u00fane m\u00fasica, dan\u00e7a, oficinas e experi\u00eancias imersivas no dia 10 de maio, v\u00e9spera do Dia das M\u00e3es<\/h4>\n\n\n\n<p>Ourinhos vai respirar cultura neste s\u00e1bado, 10 de maio, das 16h \u00e0s 22h, com a chegada do <strong>Circuito Sesc de Artes 2025<\/strong> \u00e0 Pra\u00e7a Mello Peixoto. O evento, gratuito e aberto ao p\u00fablico, \u00e9 uma parceria entre o <strong>SESC S\u00e3o Paulo<\/strong> e a <strong>Secretaria Municipal de Cultura de Ourinhos<\/strong>, e promete movimentar o centro da cidade com uma programa\u00e7\u00e3o repleta de arte, criatividade e experi\u00eancias para toda a fam\u00edlia.<\/p>\n\n\n\n<p>A data foi escolhida estrategicamente: <strong>v\u00e9spera do Dia das M\u00e3es<\/strong>, um dos per\u00edodos de maior movimento para o com\u00e9rcio. A iniciativa une cultura e economia local, oferecendo entretenimento de qualidade enquanto incentiva a popula\u00e7\u00e3o a prestigiar as lojas da cidade.<\/p>\n\n\n\n<hr class=\"wp-block-separator has-alpha-channel-opacity\"\/>\n\n\n\n<h2 class=\"wp-block-heading\">Programa\u00e7\u00e3o diversificada para todas as idades<\/h2>\n\n\n\n<p>O <strong>Circuito Sesc de Artes<\/strong> tem como miss\u00e3o <strong>democratizar o acesso \u00e0 cultura<\/strong>, levando atividades art\u00edsticas gratuitas para cidades que n\u00e3o possuem unidades f\u00edsicas do Sesc. Em Ourinhos, o evento transforma a Pra\u00e7a Mello Peixoto em um verdadeiro palco cultural com atra\u00e7\u00f5es para todas as idades.<\/p>\n\n\n\n<p>Confira os destaques da programa\u00e7\u00e3o:<\/p>\n\n\n\n<h3 class=\"wp-block-heading\">\ud83c\udfa7 DJ Na\u00f4mi (Ribeir\u00e3o Preto)<\/h3>\n\n\n\n<p>Set vibrante com artistas negros e negras de diversos g\u00eaneros musicais. M\u00fasica, identidade e resist\u00eancia em uma mesma batida.<\/p>\n\n\n\n<h3 class=\"wp-block-heading\">\ud83c\udfa8 Oficina Chaveiros Pixel Art<\/h3>\n\n\n\n<p>Com o artista Paulo Roberto de Castro Oliveira Filho. A t\u00e9cnica usa pequenos pixels pl\u00e1sticos para criar chaveiros personalizados, inspirados nos gr\u00e1ficos dos videogames cl\u00e1ssicos.<\/p>\n\n\n\n<h3 class=\"wp-block-heading\">\ud83c\udfa5 Rotas Afro XR \u2013 Cinema com Realidade Virtual<\/h3>\n\n\n\n<p>Uma experi\u00eancia imersiva que narra a hist\u00f3ria de personalidades negras do interior paulista por meio de realidade virtual e aumentada.<\/p>\n\n\n\n<h3 class=\"wp-block-heading\">\ud83d\udcda Hist\u00f3rias Pretinhas \u2013 Cia. Caruru<\/h3>\n\n\n\n<p>Conta\u00e7\u00e3o de hist\u00f3rias afro-brasileiras que promovem identidade e valorizam a literatura de autoria negra, em um espa\u00e7o acolhedor e l\u00fadico.<\/p>\n\n\n\n<h3 class=\"wp-block-heading\">\ud83d\udc83 Requebrando \u2013 Cia. Diladim<\/h3>\n\n\n\n<p>Dan\u00e7a que parte do funk para celebrar corpos perif\u00e9ricos e a ancestralidade por meio do movimento do quadril. Um \u201cbaile\u201d que mistura ritmos e hist\u00f3rias pessoais.<\/p>\n\n\n\n<h3 class=\"wp-block-heading\">\ud83c\udfaa Fabuloso Acrotejo Musical \u2013 Cia. Naniko\u2019s Circus<\/h3>\n\n\n\n<p>Espet\u00e1culo circense com acrobacias, malabarismo, m\u00fasica ao vivo e artistas em pernas de pau. Divers\u00e3o garantida para toda a fam\u00edlia!<\/p>\n\n\n\n<hr class=\"wp-block-separator has-alpha-channel-opacity\"\/>\n\n\n\n<h2 class=\"wp-block-heading\">Com\u00e9rcio aquecido e clima de celebra\u00e7\u00e3o<\/h2>\n\n\n\n<p>Com a expectativa de grande p\u00fablico, o evento tamb\u00e9m traz impacto positivo para a economia da cidade. \u201cA gente acredita que cultura e com\u00e9rcio possam caminhar juntos. Esse tipo de evento cria um ambiente positivo, convida as pessoas a sa\u00edrem de casa e aproveitarem o centro da cidade\u201d, destaca o <strong>Secret\u00e1rio de Cultura de Ourinhos<\/strong>.<\/p>\n\n\n\n<p>A proposta \u00e9 simples: <strong>curtir cultura e fazer compras para o Dia das M\u00e3es<\/strong> em um ambiente seguro, festivo e cheio de atra\u00e7\u00f5es.<\/p>\n\n\n\n<hr class=\"wp-block-separator has-alpha-channel-opacity\"\/>\n\n\n\n<h2 class=\"wp-block-heading\">Sobre o Circuito Sesc de Artes 2025<\/h2>\n\n\n\n<p>Entre os dias 3 de maio e 8 de junho, o Circuito percorre <strong>132 munic\u00edpios<\/strong> do estado de S\u00e3o Paulo, com mais de <strong>840 atividades gratuitas<\/strong> nas \u00e1reas de artes visuais, cinema, circo, dan\u00e7a, literatura, m\u00fasica, teatro e turismo.<\/p>\n\n\n\n<p>A edi\u00e7\u00e3o de 2025 valoriza fortemente a produ\u00e7\u00e3o cultural regional, com <strong>42 grupos art\u00edsticos do interior, litoral e Grande S\u00e3o Paulo<\/strong> entre os 76 selecionados. Na regi\u00e3o do Sesc Bauru, o Circuito tamb\u00e9m passa por Palmital, Mar\u00edlia, Pederneiras, Botucatu e Len\u00e7\u00f3is Paulista.<\/p>\n\n\n\n<figure class=\"wp-block-gallery has-nested-images columns-5 is-cropped wp-block-gallery-1 is-layout-flex wp-block-gallery-is-layout-flex\">\n<figure class=\"wp-block-image size-large\"><a href=\"https:\/\/noticiasregionais.com.br\/wp-content\/uploads\/2025\/05\/WhatsApp-Image-2025-05-06-at-11.24.34.jpeg\"><img decoding=\"async\" width=\"682\" height=\"1024\" data-id=\"5176\" src=\"https:\/\/noticiasregionais.com.br\/wp-content\/uploads\/2025\/05\/WhatsApp-Image-2025-05-06-at-11.24.34-682x1024.jpeg\" alt=\"\" class=\"wp-image-5176\" srcset=\"https:\/\/noticiasregionais.com.br\/wp-content\/uploads\/2025\/05\/WhatsApp-Image-2025-05-06-at-11.24.34-682x1024.jpeg 682w, https:\/\/noticiasregionais.com.br\/wp-content\/uploads\/2025\/05\/WhatsApp-Image-2025-05-06-at-11.24.34-200x300.jpeg 200w, https:\/\/noticiasregionais.com.br\/wp-content\/uploads\/2025\/05\/WhatsApp-Image-2025-05-06-at-11.24.34-768x1153.jpeg 768w, https:\/\/noticiasregionais.com.br\/wp-content\/uploads\/2025\/05\/WhatsApp-Image-2025-05-06-at-11.24.34-1023x1536.jpeg 1023w, https:\/\/noticiasregionais.com.br\/wp-content\/uploads\/2025\/05\/WhatsApp-Image-2025-05-06-at-11.24.34.jpeg 1066w\" sizes=\"(max-width: 682px) 100vw, 682px\" \/><\/a><\/figure>\n\n\n\n<figure class=\"wp-block-image size-large\"><a href=\"https:\/\/noticiasregionais.com.br\/wp-content\/uploads\/2025\/05\/WhatsApp-Image-2025-05-06-at-11.24.25.jpeg\"><img decoding=\"async\" width=\"1024\" height=\"682\" data-id=\"5179\" src=\"https:\/\/noticiasregionais.com.br\/wp-content\/uploads\/2025\/05\/WhatsApp-Image-2025-05-06-at-11.24.25-1024x682.jpeg\" alt=\"\" class=\"wp-image-5179\" srcset=\"https:\/\/noticiasregionais.com.br\/wp-content\/uploads\/2025\/05\/WhatsApp-Image-2025-05-06-at-11.24.25-1024x682.jpeg 1024w, https:\/\/noticiasregionais.com.br\/wp-content\/uploads\/2025\/05\/WhatsApp-Image-2025-05-06-at-11.24.25-300x200.jpeg 300w, https:\/\/noticiasregionais.com.br\/wp-content\/uploads\/2025\/05\/WhatsApp-Image-2025-05-06-at-11.24.25-768x512.jpeg 768w, https:\/\/noticiasregionais.com.br\/wp-content\/uploads\/2025\/05\/WhatsApp-Image-2025-05-06-at-11.24.25-1536x1023.jpeg 1536w, https:\/\/noticiasregionais.com.br\/wp-content\/uploads\/2025\/05\/WhatsApp-Image-2025-05-06-at-11.24.25.jpeg 1600w\" sizes=\"(max-width: 1024px) 100vw, 1024px\" \/><\/a><\/figure>\n\n\n\n<figure class=\"wp-block-image size-large\"><a href=\"https:\/\/noticiasregionais.com.br\/wp-content\/uploads\/2025\/05\/WhatsApp-Image-2025-05-06-at-11.24.12.jpeg\"><img decoding=\"async\" width=\"1024\" height=\"675\" data-id=\"5181\" src=\"https:\/\/noticiasregionais.com.br\/wp-content\/uploads\/2025\/05\/WhatsApp-Image-2025-05-06-at-11.24.12-1024x675.jpeg\" alt=\"\" class=\"wp-image-5181\" srcset=\"https:\/\/noticiasregionais.com.br\/wp-content\/uploads\/2025\/05\/WhatsApp-Image-2025-05-06-at-11.24.12-1024x675.jpeg 1024w, https:\/\/noticiasregionais.com.br\/wp-content\/uploads\/2025\/05\/WhatsApp-Image-2025-05-06-at-11.24.12-300x198.jpeg 300w, https:\/\/noticiasregionais.com.br\/wp-content\/uploads\/2025\/05\/WhatsApp-Image-2025-05-06-at-11.24.12-768x506.jpeg 768w, https:\/\/noticiasregionais.com.br\/wp-content\/uploads\/2025\/05\/WhatsApp-Image-2025-05-06-at-11.24.12-1536x1012.jpeg 1536w, https:\/\/noticiasregionais.com.br\/wp-content\/uploads\/2025\/05\/WhatsApp-Image-2025-05-06-at-11.24.12.jpeg 1600w\" sizes=\"(max-width: 1024px) 100vw, 1024px\" \/><\/a><\/figure>\n\n\n\n<figure class=\"wp-block-image size-large\"><a href=\"https:\/\/noticiasregionais.com.br\/wp-content\/uploads\/2025\/05\/WhatsApp-Image-2025-05-06-at-11.24.02.jpeg\"><img decoding=\"async\" width=\"1024\" height=\"682\" data-id=\"5174\" src=\"https:\/\/noticiasregionais.com.br\/wp-content\/uploads\/2025\/05\/WhatsApp-Image-2025-05-06-at-11.24.02-1024x682.jpeg\" alt=\"\" class=\"wp-image-5174\" srcset=\"https:\/\/noticiasregionais.com.br\/wp-content\/uploads\/2025\/05\/WhatsApp-Image-2025-05-06-at-11.24.02-1024x682.jpeg 1024w, https:\/\/noticiasregionais.com.br\/wp-content\/uploads\/2025\/05\/WhatsApp-Image-2025-05-06-at-11.24.02-300x200.jpeg 300w, https:\/\/noticiasregionais.com.br\/wp-content\/uploads\/2025\/05\/WhatsApp-Image-2025-05-06-at-11.24.02-768x512.jpeg 768w, https:\/\/noticiasregionais.com.br\/wp-content\/uploads\/2025\/05\/WhatsApp-Image-2025-05-06-at-11.24.02-1536x1023.jpeg 1536w, https:\/\/noticiasregionais.com.br\/wp-content\/uploads\/2025\/05\/WhatsApp-Image-2025-05-06-at-11.24.02.jpeg 1600w\" sizes=\"(max-width: 1024px) 100vw, 1024px\" \/><\/a><\/figure>\n\n\n\n<figure class=\"wp-block-image size-large\"><a href=\"https:\/\/noticiasregionais.com.br\/wp-content\/uploads\/2025\/05\/WhatsApp-Image-2025-05-06-at-11.23.41.jpeg\"><img decoding=\"async\" width=\"1024\" height=\"809\" data-id=\"5183\" src=\"https:\/\/noticiasregionais.com.br\/wp-content\/uploads\/2025\/05\/WhatsApp-Image-2025-05-06-at-11.23.41-1024x809.jpeg\" alt=\"\" class=\"wp-image-5183\" srcset=\"https:\/\/noticiasregionais.com.br\/wp-content\/uploads\/2025\/05\/WhatsApp-Image-2025-05-06-at-11.23.41-1024x809.jpeg 1024w, https:\/\/noticiasregionais.com.br\/wp-content\/uploads\/2025\/05\/WhatsApp-Image-2025-05-06-at-11.23.41-300x237.jpeg 300w, https:\/\/noticiasregionais.com.br\/wp-content\/uploads\/2025\/05\/WhatsApp-Image-2025-05-06-at-11.23.41-768x607.jpeg 768w, https:\/\/noticiasregionais.com.br\/wp-content\/uploads\/2025\/05\/WhatsApp-Image-2025-05-06-at-11.23.41-1536x1213.jpeg 1536w, https:\/\/noticiasregionais.com.br\/wp-content\/uploads\/2025\/05\/WhatsApp-Image-2025-05-06-at-11.23.41.jpeg 1600w\" sizes=\"(max-width: 1024px) 100vw, 1024px\" \/><\/a><\/figure>\n\n\n\n<figure class=\"wp-block-image size-large\"><a href=\"https:\/\/noticiasregionais.com.br\/wp-content\/uploads\/2025\/05\/WhatsApp-Image-2025-05-06-at-11.23.32.jpeg\"><img decoding=\"async\" width=\"1024\" height=\"682\" data-id=\"5175\" src=\"https:\/\/noticiasregionais.com.br\/wp-content\/uploads\/2025\/05\/WhatsApp-Image-2025-05-06-at-11.23.32-1024x682.jpeg\" alt=\"\" class=\"wp-image-5175\" srcset=\"https:\/\/noticiasregionais.com.br\/wp-content\/uploads\/2025\/05\/WhatsApp-Image-2025-05-06-at-11.23.32-1024x682.jpeg 1024w, https:\/\/noticiasregionais.com.br\/wp-content\/uploads\/2025\/05\/WhatsApp-Image-2025-05-06-at-11.23.32-300x200.jpeg 300w, https:\/\/noticiasregionais.com.br\/wp-content\/uploads\/2025\/05\/WhatsApp-Image-2025-05-06-at-11.23.32-768x512.jpeg 768w, https:\/\/noticiasregionais.com.br\/wp-content\/uploads\/2025\/05\/WhatsApp-Image-2025-05-06-at-11.23.32.jpeg 1280w\" sizes=\"(max-width: 1024px) 100vw, 1024px\" \/><\/a><\/figure>\n\n\n\n<figure class=\"wp-block-image size-large\"><a href=\"https:\/\/noticiasregionais.com.br\/wp-content\/uploads\/2025\/05\/WhatsApp-Image-2025-05-06-at-11.23.19.jpeg\"><img decoding=\"async\" width=\"1024\" height=\"682\" data-id=\"5177\" src=\"https:\/\/noticiasregionais.com.br\/wp-content\/uploads\/2025\/05\/WhatsApp-Image-2025-05-06-at-11.23.19-1024x682.jpeg\" alt=\"\" class=\"wp-image-5177\" srcset=\"https:\/\/noticiasregionais.com.br\/wp-content\/uploads\/2025\/05\/WhatsApp-Image-2025-05-06-at-11.23.19-1024x682.jpeg 1024w, https:\/\/noticiasregionais.com.br\/wp-content\/uploads\/2025\/05\/WhatsApp-Image-2025-05-06-at-11.23.19-300x200.jpeg 300w, https:\/\/noticiasregionais.com.br\/wp-content\/uploads\/2025\/05\/WhatsApp-Image-2025-05-06-at-11.23.19-768x512.jpeg 768w, https:\/\/noticiasregionais.com.br\/wp-content\/uploads\/2025\/05\/WhatsApp-Image-2025-05-06-at-11.23.19.jpeg 1280w\" sizes=\"(max-width: 1024px) 100vw, 1024px\" \/><\/a><\/figure>\n\n\n\n<figure class=\"wp-block-image size-large\"><a href=\"https:\/\/noticiasregionais.com.br\/wp-content\/uploads\/2025\/05\/WhatsApp-Image-2025-05-06-at-11.23.10.jpeg\"><img decoding=\"async\" width=\"682\" height=\"1024\" data-id=\"5180\" src=\"https:\/\/noticiasregionais.com.br\/wp-content\/uploads\/2025\/05\/WhatsApp-Image-2025-05-06-at-11.23.10-682x1024.jpeg\" alt=\"\" class=\"wp-image-5180\" srcset=\"https:\/\/noticiasregionais.com.br\/wp-content\/uploads\/2025\/05\/WhatsApp-Image-2025-05-06-at-11.23.10-682x1024.jpeg 682w, https:\/\/noticiasregionais.com.br\/wp-content\/uploads\/2025\/05\/WhatsApp-Image-2025-05-06-at-11.23.10-200x300.jpeg 200w, https:\/\/noticiasregionais.com.br\/wp-content\/uploads\/2025\/05\/WhatsApp-Image-2025-05-06-at-11.23.10-768x1153.jpeg 768w, https:\/\/noticiasregionais.com.br\/wp-content\/uploads\/2025\/05\/WhatsApp-Image-2025-05-06-at-11.23.10-1023x1536.jpeg 1023w, https:\/\/noticiasregionais.com.br\/wp-content\/uploads\/2025\/05\/WhatsApp-Image-2025-05-06-at-11.23.10.jpeg 1066w\" sizes=\"(max-width: 682px) 100vw, 682px\" \/><\/a><\/figure>\n\n\n\n<figure class=\"wp-block-image size-large\"><a href=\"https:\/\/noticiasregionais.com.br\/wp-content\/uploads\/2025\/05\/WhatsApp-Image-2025-05-06-at-11.22.59.jpeg\"><img decoding=\"async\" width=\"1024\" height=\"682\" data-id=\"5178\" src=\"https:\/\/noticiasregionais.com.br\/wp-content\/uploads\/2025\/05\/WhatsApp-Image-2025-05-06-at-11.22.59-1024x682.jpeg\" alt=\"\" class=\"wp-image-5178\" srcset=\"https:\/\/noticiasregionais.com.br\/wp-content\/uploads\/2025\/05\/WhatsApp-Image-2025-05-06-at-11.22.59-1024x682.jpeg 1024w, https:\/\/noticiasregionais.com.br\/wp-content\/uploads\/2025\/05\/WhatsApp-Image-2025-05-06-at-11.22.59-300x200.jpeg 300w, https:\/\/noticiasregionais.com.br\/wp-content\/uploads\/2025\/05\/WhatsApp-Image-2025-05-06-at-11.22.59-768x512.jpeg 768w, https:\/\/noticiasregionais.com.br\/wp-content\/uploads\/2025\/05\/WhatsApp-Image-2025-05-06-at-11.22.59-1536x1023.jpeg 1536w, https:\/\/noticiasregionais.com.br\/wp-content\/uploads\/2025\/05\/WhatsApp-Image-2025-05-06-at-11.22.59.jpeg 1600w\" sizes=\"(max-width: 1024px) 100vw, 1024px\" \/><\/a><\/figure>\n\n\n\n<figure class=\"wp-block-image size-large\"><a href=\"https:\/\/noticiasregionais.com.br\/wp-content\/uploads\/2025\/05\/WhatsApp-Image-2025-05-06-at-11.22.21.jpeg\"><img decoding=\"async\" width=\"1024\" height=\"682\" data-id=\"5182\" src=\"https:\/\/noticiasregionais.com.br\/wp-content\/uploads\/2025\/05\/WhatsApp-Image-2025-05-06-at-11.22.21-1024x682.jpeg\" alt=\"\" class=\"wp-image-5182\" srcset=\"https:\/\/noticiasregionais.com.br\/wp-content\/uploads\/2025\/05\/WhatsApp-Image-2025-05-06-at-11.22.21-1024x682.jpeg 1024w, https:\/\/noticiasregionais.com.br\/wp-content\/uploads\/2025\/05\/WhatsApp-Image-2025-05-06-at-11.22.21-300x200.jpeg 300w, https:\/\/noticiasregionais.com.br\/wp-content\/uploads\/2025\/05\/WhatsApp-Image-2025-05-06-at-11.22.21-768x512.jpeg 768w, https:\/\/noticiasregionais.com.br\/wp-content\/uploads\/2025\/05\/WhatsApp-Image-2025-05-06-at-11.22.21-1536x1023.jpeg 1536w, https:\/\/noticiasregionais.com.br\/wp-content\/uploads\/2025\/05\/WhatsApp-Image-2025-05-06-at-11.22.21.jpeg 1600w\" sizes=\"(max-width: 1024px) 100vw, 1024px\" \/><\/a><\/figure>\n<\/figure>\n<input type=\"hidden\" id=\"baseurl\" value=\"https:\/\/noticiasregionais.com.br\"><input type=\"hidden\" id=\"audio_nonce\" value=\"533fbb67b1\">","protected":false},"excerpt":{"rendered":"<p>Evento na Pra\u00e7a Mello Peixoto re\u00fane m\u00fasica, dan\u00e7a, oficinas e experi\u00eancias imersivas no dia 10 de maio, v\u00e9spera do Dia&hellip;<\/p>\n","protected":false},"author":1,"featured_media":5184,"comment_status":"closed","ping_status":"open","sticky":false,"template":"","format":"standard","meta":{"sfsi_plus_gutenberg_text_before_share":"","sfsi_plus_gutenberg_show_text_before_share":"","sfsi_plus_gutenberg_icon_type":"","sfsi_plus_gutenberg_icon_alignemt":"","sfsi_plus_gutenburg_max_per_row":"","footnotes":""},"categories":[5,10,1],"tags":[16],"class_list":["post-5173","post","type-post","status-publish","format-standard","has-post-thumbnail","hentry","category-ourinhos","category-destaques","category-noticias","tag-ourinhos"],"_links":{"self":[{"href":"https:\/\/noticiasregionais.com.br\/index.php?rest_route=\/wp\/v2\/posts\/5173","targetHints":{"allow":["GET"]}}],"collection":[{"href":"https:\/\/noticiasregionais.com.br\/index.php?rest_route=\/wp\/v2\/posts"}],"about":[{"href":"https:\/\/noticiasregionais.com.br\/index.php?rest_route=\/wp\/v2\/types\/post"}],"author":[{"embeddable":true,"href":"https:\/\/noticiasregionais.com.br\/index.php?rest_route=\/wp\/v2\/users\/1"}],"replies":[{"embeddable":true,"href":"https:\/\/noticiasregionais.com.br\/index.php?rest_route=%2Fwp%2Fv2%2Fcomments&post=5173"}],"version-history":[{"count":1,"href":"https:\/\/noticiasregionais.com.br\/index.php?rest_route=\/wp\/v2\/posts\/5173\/revisions"}],"predecessor-version":[{"id":5185,"href":"https:\/\/noticiasregionais.com.br\/index.php?rest_route=\/wp\/v2\/posts\/5173\/revisions\/5185"}],"wp:featuredmedia":[{"embeddable":true,"href":"https:\/\/noticiasregionais.com.br\/index.php?rest_route=\/wp\/v2\/media\/5184"}],"wp:attachment":[{"href":"https:\/\/noticiasregionais.com.br\/index.php?rest_route=%2Fwp%2Fv2%2Fmedia&parent=5173"}],"wp:term":[{"taxonomy":"category","embeddable":true,"href":"https:\/\/noticiasregionais.com.br\/index.php?rest_route=%2Fwp%2Fv2%2Fcategories&post=5173"},{"taxonomy":"post_tag","embeddable":true,"href":"https:\/\/noticiasregionais.com.br\/index.php?rest_route=%2Fwp%2Fv2%2Ftags&post=5173"}],"curies":[{"name":"wp","href":"https:\/\/api.w.org\/{rel}","templated":true}]}}