{"id":5186,"date":"2025-05-07T07:20:37","date_gmt":"2025-05-07T10:20:37","guid":{"rendered":"https:\/\/noticiasregionais.com.br\/?p=5186"},"modified":"2025-05-07T09:25:52","modified_gmt":"2025-05-07T12:25:52","slug":"foragido-e-preso-por-trafico-de-drogas-em-jacarezinho-com-grande-quantidade-de-entorpecentes","status":"publish","type":"post","link":"https:\/\/noticiasregionais.com.br\/?p=5186","title":{"rendered":"Foragido \u00e9 preso por tr\u00e1fico de drogas em Jacarezinho com grande quantidade de entorpecentes"},"content":{"rendered":"\n<p class=\"has-text-align-center\"><em><strong>PM do 2\u00ba BPM apreende coca\u00edna, crack, dinheiro e celulares durante opera\u00e7\u00e3o no Jardim S\u00e3o Luiz<\/strong><\/em><\/p>\n\n\n\n<p>Na manh\u00e3 desta ter\u00e7a-feira (6), uma opera\u00e7\u00e3o da Pol\u00edcia Militar do 2\u00ba Batalh\u00e3o resultou na pris\u00e3o de um homem de 30 anos por tr\u00e1fico de drogas em Jacarezinho, no Norte Pioneiro do Paran\u00e1. A a\u00e7\u00e3o aconteceu por volta das 9h40 no bairro Jardim S\u00e3o Luiz e tamb\u00e9m cumpriu um mandado de recaptura, j\u00e1 que o indiv\u00edduo estava foragido do sistema prisional e possu\u00eda condena\u00e7\u00e3o anterior pelo mesmo crime.<\/p>\n\n\n\n<p>Segundo a PM, a opera\u00e7\u00e3o foi desencadeada ap\u00f3s dias de monitoramento e den\u00fancias apontando intensa movimenta\u00e7\u00e3o de tr\u00e1fico na regi\u00e3o. Ao chegarem no local indicado, os policiais foram recebidos com tentativa de fuga por parte do suspeito, que correu para o interior da resid\u00eancia, mas foi rapidamente contido. Mesmo diante da resist\u00eancia, a abordagem foi realizada de forma t\u00e9cnica, respeitando os protocolos de seguran\u00e7a.<\/p>\n\n\n\n<p>Durante as buscas iniciais, foram encontradas 20 por\u00e7\u00f5es de crack embaladas em formato de ter\u00e7o e R$ 230,00 em dinheiro trocado. Tamb\u00e9m foram apreendidos dois celulares, sendo que um deles, de cor preta, continha mensagens ligadas a um grupo criminoso.<\/p>\n\n\n\n<p>Na sequ\u00eancia, os policiais localizaram uma bolsa preta que pertencia ao suspeito. Dentro dela, havia um tablete de coca\u00edna pesando aproximadamente 400,8 gramas, al\u00e9m de 176 por\u00e7\u00f5es de crack prontas para venda e um peda\u00e7o maior da mesma subst\u00e2ncia. Foram encontrados ainda dois cadernos com anota\u00e7\u00f5es sobre a contabilidade do tr\u00e1fico, um rolo de sacos pl\u00e1sticos usados para embalar as drogas e mais dinheiro trocado.<\/p>\n\n\n\n<p>Com a confirma\u00e7\u00e3o do suspeito sobre a propriedade dos entorpecentes, ele recebeu voz de pris\u00e3o por tr\u00e1fico de drogas. Ap\u00f3s atendimento m\u00e9dico \u2013 sem registro de les\u00f5es \u2013 foi encaminhado \u00e0 Delegacia de Pol\u00edcia Civil para os procedimentos legais.<\/p>\n\n\n\n<p><strong>Resumo da apreens\u00e3o:<\/strong><\/p>\n\n\n\n<ul class=\"wp-block-list\">\n<li>1 homem preso (30 anos, foragido e condenado por tr\u00e1fico);<\/li>\n\n\n\n<li>400 g de coca\u00edna em tablete;<\/li>\n\n\n\n<li>196 por\u00e7\u00f5es de crack (29 g no total) e um peda\u00e7o maior da droga;<\/li>\n\n\n\n<li>2 celulares apreendidos;<\/li>\n\n\n\n<li>R$ 230,00 em dinheiro trocado;<\/li>\n\n\n\n<li>Cadernos com anota\u00e7\u00f5es do tr\u00e1fico;<\/li>\n\n\n\n<li>Sacos pl\u00e1sticos utilizados para embalar entorpecentes.<\/li>\n<\/ul>\n\n\n\n<p>Com essa opera\u00e7\u00e3o, a Pol\u00edcia Militar reafirma seu compromisso no combate ao crime organizado e ao tr\u00e1fico de drogas em Jacarezinho e regi\u00e3o.<\/p>\n<input type=\"hidden\" id=\"baseurl\" value=\"https:\/\/noticiasregionais.com.br\"><input type=\"hidden\" id=\"audio_nonce\" value=\"533fbb67b1\">","protected":false},"excerpt":{"rendered":"<p>PM do 2\u00ba BPM apreende coca\u00edna, crack, dinheiro e celulares durante opera\u00e7\u00e3o no Jardim S\u00e3o Luiz Na manh\u00e3 desta ter\u00e7a-feira&hellip;<\/p>\n","protected":false},"author":1,"featured_media":5187,"comment_status":"closed","ping_status":"open","sticky":false,"template":"","format":"standard","meta":{"sfsi_plus_gutenberg_text_before_share":"","sfsi_plus_gutenberg_show_text_before_share":"","sfsi_plus_gutenberg_icon_type":"","sfsi_plus_gutenberg_icon_alignemt":"","sfsi_plus_gutenburg_max_per_row":"","footnotes":""},"categories":[7,10,1],"tags":[18],"class_list":["post-5186","post","type-post","status-publish","format-standard","has-post-thumbnail","hentry","category-parana","category-destaques","category-noticias","tag-jacarezinho"],"_links":{"self":[{"href":"https:\/\/noticiasregionais.com.br\/index.php?rest_route=\/wp\/v2\/posts\/5186","targetHints":{"allow":["GET"]}}],"collection":[{"href":"https:\/\/noticiasregionais.com.br\/index.php?rest_route=\/wp\/v2\/posts"}],"about":[{"href":"https:\/\/noticiasregionais.com.br\/index.php?rest_route=\/wp\/v2\/types\/post"}],"author":[{"embeddable":true,"href":"https:\/\/noticiasregionais.com.br\/index.php?rest_route=\/wp\/v2\/users\/1"}],"replies":[{"embeddable":true,"href":"https:\/\/noticiasregionais.com.br\/index.php?rest_route=%2Fwp%2Fv2%2Fcomments&post=5186"}],"version-history":[{"count":1,"href":"https:\/\/noticiasregionais.com.br\/index.php?rest_route=\/wp\/v2\/posts\/5186\/revisions"}],"predecessor-version":[{"id":5188,"href":"https:\/\/noticiasregionais.com.br\/index.php?rest_route=\/wp\/v2\/posts\/5186\/revisions\/5188"}],"wp:featuredmedia":[{"embeddable":true,"href":"https:\/\/noticiasregionais.com.br\/index.php?rest_route=\/wp\/v2\/media\/5187"}],"wp:attachment":[{"href":"https:\/\/noticiasregionais.com.br\/index.php?rest_route=%2Fwp%2Fv2%2Fmedia&parent=5186"}],"wp:term":[{"taxonomy":"category","embeddable":true,"href":"https:\/\/noticiasregionais.com.br\/index.php?rest_route=%2Fwp%2Fv2%2Fcategories&post=5186"},{"taxonomy":"post_tag","embeddable":true,"href":"https:\/\/noticiasregionais.com.br\/index.php?rest_route=%2Fwp%2Fv2%2Ftags&post=5186"}],"curies":[{"name":"wp","href":"https:\/\/api.w.org\/{rel}","templated":true}]}}