{"id":5189,"date":"2025-05-07T07:25:50","date_gmt":"2025-05-07T10:25:50","guid":{"rendered":"https:\/\/noticiasregionais.com.br\/?p=5189"},"modified":"2025-05-07T07:25:53","modified_gmt":"2025-05-07T10:25:53","slug":"imposto-de-renda-2025-prazo-final-de-entrega-vai-ate-30-de-maio","status":"publish","type":"post","link":"https:\/\/noticiasregionais.com.br\/?p=5189","title":{"rendered":"Imposto de Renda 2025: prazo final de entrega vai at\u00e9 30 de maio"},"content":{"rendered":"\n<p>A entrega da declara\u00e7\u00e3o do Imposto de Renda 2025, referente ao ano-base 2024, deve ser feita at\u00e9 o dia <strong>30 de maio<\/strong>. At\u00e9 esta ter\u00e7a-feira (6), mais de <strong>20 milh\u00f5es de declara\u00e7\u00f5es<\/strong> j\u00e1 haviam sido enviadas \u00e0 Receita Federal, que espera receber cerca de <strong>46,2 milh\u00f5es<\/strong> at\u00e9 o fim do prazo.<\/p>\n\n\n\n<h4 class=\"wp-block-heading\">Onde declarar?<\/h4>\n\n\n\n<p>Os contribuintes podem preencher e enviar a declara\u00e7\u00e3o por tr\u00eas caminhos:<\/p>\n\n\n\n<ul class=\"wp-block-list\">\n<li><strong>Computador<\/strong>: usando o Programa Gerador da Declara\u00e7\u00e3o (PGD), dispon\u00edvel no site da Receita Federal.<\/li>\n\n\n\n<li><strong>Celular ou tablet<\/strong>: por meio do app <strong>Meu Imposto de Renda (MIR)<\/strong>.<\/li>\n\n\n\n<li><strong>Internet<\/strong>: diretamente no portal e-CAC, se o contribuinte tiver conta prata ou ouro no Gov.br.<\/li>\n<\/ul>\n\n\n\n<h4 class=\"wp-block-heading\">Quem \u00e9 obrigado a declarar?<\/h4>\n\n\n\n<p>A seguir, alguns dos principais perfis que devem prestar contas ao Fisco neste ano:<\/p>\n\n\n\n<ul class=\"wp-block-list\">\n<li><strong>Renda tribut\u00e1vel<\/strong> acima de R$ 33.888,00 (como sal\u00e1rios, aposentadorias e alugu\u00e9is).<\/li>\n\n\n\n<li><strong>Rendimentos isentos ou tributados na fonte<\/strong>, acima de R$ 200 mil (como indeniza\u00e7\u00f5es).<\/li>\n\n\n\n<li><strong>Movimenta\u00e7\u00f5es na Bolsa de Valores<\/strong> superiores a R$ 40 mil ou com ganho tribut\u00e1vel.<\/li>\n\n\n\n<li><strong>Patrim\u00f4nio<\/strong> superior a R$ 800 mil ou venda de im\u00f3vel com isen\u00e7\u00e3o condicionada \u00e0 compra de outro.<\/li>\n\n\n\n<li><strong>Bens no exterior<\/strong>: quem optou pelo Regime de Transpar\u00eancia Fiscal e detinha trusts ou contratos similares fora do pa\u00eds at\u00e9 31\/12\/2024, conforme a Lei n\u00ba 14.754\/2023.<\/li>\n<\/ul>\n\n\n\n<h4 class=\"wp-block-heading\">O que acontece se n\u00e3o declarar?<\/h4>\n\n\n\n<p>Quem perder o prazo pode enfrentar penalidades, como:<\/p>\n\n\n\n<ul class=\"wp-block-list\">\n<li>Multa m\u00ednima de R$ 165,74 ou at\u00e9 20% do imposto devido.<\/li>\n\n\n\n<li>Restri\u00e7\u00e3o ao CPF, dificultando emiss\u00e3o de certid\u00f5es e acesso a servi\u00e7os da Receita.<\/li>\n\n\n\n<li>Risco de cair na malha fina, com poss\u00edveis san\u00e7\u00f5es criminais por sonega\u00e7\u00e3o.<\/li>\n<\/ul>\n\n\n\n<blockquote class=\"wp-block-quote is-layout-flow wp-block-quote-is-layout-flow\">\n<p>\u201cSem a declara\u00e7\u00e3o, o CPF fica travado para v\u00e1rias situa\u00e7\u00f5es, e a pessoa ainda corre o risco de responder por crime fiscal\u201d, alerta o advogado tributarista Asafe Gon\u00e7alves.<\/p>\n<\/blockquote>\n<input type=\"hidden\" id=\"baseurl\" value=\"https:\/\/noticiasregionais.com.br\"><input type=\"hidden\" id=\"audio_nonce\" value=\"533fbb67b1\">","protected":false},"excerpt":{"rendered":"<p>A entrega da declara\u00e7\u00e3o do Imposto de Renda 2025, referente ao ano-base 2024, deve ser feita at\u00e9 o dia 30&hellip;<\/p>\n","protected":false},"author":1,"featured_media":5190,"comment_status":"closed","ping_status":"open","sticky":false,"template":"","format":"standard","meta":{"sfsi_plus_gutenberg_text_before_share":"","sfsi_plus_gutenberg_show_text_before_share":"","sfsi_plus_gutenberg_icon_type":"","sfsi_plus_gutenberg_icon_alignemt":"","sfsi_plus_gutenburg_max_per_row":"","footnotes":""},"categories":[8,10,1],"tags":[],"class_list":["post-5189","post","type-post","status-publish","format-standard","has-post-thumbnail","hentry","category-brasil","category-destaques","category-noticias"],"_links":{"self":[{"href":"https:\/\/noticiasregionais.com.br\/index.php?rest_route=\/wp\/v2\/posts\/5189","targetHints":{"allow":["GET"]}}],"collection":[{"href":"https:\/\/noticiasregionais.com.br\/index.php?rest_route=\/wp\/v2\/posts"}],"about":[{"href":"https:\/\/noticiasregionais.com.br\/index.php?rest_route=\/wp\/v2\/types\/post"}],"author":[{"embeddable":true,"href":"https:\/\/noticiasregionais.com.br\/index.php?rest_route=\/wp\/v2\/users\/1"}],"replies":[{"embeddable":true,"href":"https:\/\/noticiasregionais.com.br\/index.php?rest_route=%2Fwp%2Fv2%2Fcomments&post=5189"}],"version-history":[{"count":1,"href":"https:\/\/noticiasregionais.com.br\/index.php?rest_route=\/wp\/v2\/posts\/5189\/revisions"}],"predecessor-version":[{"id":5191,"href":"https:\/\/noticiasregionais.com.br\/index.php?rest_route=\/wp\/v2\/posts\/5189\/revisions\/5191"}],"wp:featuredmedia":[{"embeddable":true,"href":"https:\/\/noticiasregionais.com.br\/index.php?rest_route=\/wp\/v2\/media\/5190"}],"wp:attachment":[{"href":"https:\/\/noticiasregionais.com.br\/index.php?rest_route=%2Fwp%2Fv2%2Fmedia&parent=5189"}],"wp:term":[{"taxonomy":"category","embeddable":true,"href":"https:\/\/noticiasregionais.com.br\/index.php?rest_route=%2Fwp%2Fv2%2Fcategories&post=5189"},{"taxonomy":"post_tag","embeddable":true,"href":"https:\/\/noticiasregionais.com.br\/index.php?rest_route=%2Fwp%2Fv2%2Ftags&post=5189"}],"curies":[{"name":"wp","href":"https:\/\/api.w.org\/{rel}","templated":true}]}}