{"id":5192,"date":"2025-05-07T06:52:00","date_gmt":"2025-05-07T09:52:00","guid":{"rendered":"https:\/\/noticiasregionais.com.br\/?p=5192"},"modified":"2025-05-07T07:54:16","modified_gmt":"2025-05-07T10:54:16","slug":"deputado-ricardo-madalena-e-homenageado-na-santa-casa-de-ourinhos-por-apoio-a-oncologia","status":"publish","type":"post","link":"https:\/\/noticiasregionais.com.br\/?p=5192","title":{"rendered":"Deputado Ricardo Madalena \u00e9 homenageado na Santa Casa de Ourinhos por apoio \u00e0 oncologia"},"content":{"rendered":"\n<h4 class=\"wp-block-heading has-text-align-center\">Emenda de R$ 1 milh\u00e3o fortaleceu atendimento a pacientes oncol\u00f3gicos; parlamentar recebeu o t\u00edtulo de \u201cAmigo da Santa Casa\u201d<\/h4>\n\n\n\n<p>A Unidade de Oncologia da Santa Casa de Miseric\u00f3rdia de Ourinhos recebeu, nesta segunda-feira (5), a visita do deputado estadual Ricardo Madalena, que foi homenageado pela institui\u00e7\u00e3o com a entrega da placa de \u201cAmigo da Santa Casa\u201d. A honraria reconhece parlamentares que contribuem significativamente para o fortalecimento da sa\u00fade p\u00fablica local por meio de apoio institucional e envio de emendas parlamentares.<\/p>\n\n\n\n<p>O deputado destinou, em 2023, uma emenda no valor de <strong>R$ 1 milh\u00e3o<\/strong> para a Unidade de Oncologia, recurso que tem sido fundamental para a manuten\u00e7\u00e3o e melhoria dos servi\u00e7os prestados nos setores de Radioterapia e Quimioterapia da institui\u00e7\u00e3o. <\/p>\n\n\n\n<p>\u201c\u00c9 uma grande satisfa\u00e7\u00e3o ver que o recurso est\u00e1 sendo bem investido e que os pacientes est\u00e3o recebendo um atendimento digno e acolhedor. Vamos continuar trabalhando por Ourinhos, ao lado do prefeito Guilherme, dos vereadores e da Santa Casa, para ampliar cada vez mais os investimentos na sa\u00fade\u201d, declarou Madalena.<\/p>\n\n\n\n<p>Durante a visita, o deputado percorreu os principais setores da oncologia, conheceu a estrutura e os equipamentos da unidade e conversou com profissionais da sa\u00fade e pacientes em tratamento. A comitiva contou com a presen\u00e7a do prefeito de Ourinhos, Guilherme Gon\u00e7alves, do secret\u00e1rio municipal de Sa\u00fade, Diego Singolani, do prefeito de Ipaussu, Luiz Carlos Souto (Luiz\u00e3o), al\u00e9m de lideran\u00e7as locais.<\/p>\n\n\n\n<p>O administrador da Santa Casa, Paulo Ot\u00e1vio, destacou a import\u00e2ncia da parceria com o parlamentar:<\/p>\n\n\n\n<blockquote class=\"wp-block-quote is-layout-flow wp-block-quote-is-layout-flow\">\n<p>\u201cO apoio do deputado Ricardo Madalena tem sido essencial para que possamos manter a qualidade no atendimento oncol\u00f3gico. Essa emenda nos ajudou a garantir estrutura e acolhimento a quem mais precisa.\u201d<\/p>\n<\/blockquote>\n\n\n\n<p>A visita tamb\u00e9m foi marcada por um momento de grande emo\u00e7\u00e3o: a paciente Vanessa Cristina Correia Flores tocou o sino que simboliza o fim do tratamento contra o c\u00e2ncer \u2014 um gesto que representa esperan\u00e7a, supera\u00e7\u00e3o e o recome\u00e7o.<\/p>\n\n\n\n<p>Ao final, Ricardo Madalena recebeu a placa de reconhecimento da diretoria da Santa Casa como s\u00edmbolo de gratid\u00e3o pelo compromisso com a sa\u00fade p\u00fablica da regi\u00e3o.<\/p>\n\n\n\n<figure class=\"wp-block-gallery has-nested-images columns-default is-cropped wp-block-gallery-1 is-layout-flex wp-block-gallery-is-layout-flex\">\n<figure class=\"wp-block-image size-large\"><img decoding=\"async\" width=\"768\" height=\"1024\" data-id=\"5196\" src=\"https:\/\/noticiasregionais.com.br\/wp-content\/uploads\/2025\/05\/WhatsApp-Image-2025-05-05-at-17.40.20-768x1024.jpeg\" alt=\"\" class=\"wp-image-5196\" srcset=\"https:\/\/noticiasregionais.com.br\/wp-content\/uploads\/2025\/05\/WhatsApp-Image-2025-05-05-at-17.40.20-768x1024.jpeg 768w, https:\/\/noticiasregionais.com.br\/wp-content\/uploads\/2025\/05\/WhatsApp-Image-2025-05-05-at-17.40.20-225x300.jpeg 225w, https:\/\/noticiasregionais.com.br\/wp-content\/uploads\/2025\/05\/WhatsApp-Image-2025-05-05-at-17.40.20.jpeg 960w\" sizes=\"(max-width: 768px) 100vw, 768px\" \/><\/figure>\n\n\n\n<figure class=\"wp-block-image size-large\"><img decoding=\"async\" width=\"576\" height=\"1024\" data-id=\"5195\" src=\"https:\/\/noticiasregionais.com.br\/wp-content\/uploads\/2025\/05\/WhatsApp-Image-2025-05-05-at-17.40.18-576x1024.jpeg\" alt=\"\" class=\"wp-image-5195\" srcset=\"https:\/\/noticiasregionais.com.br\/wp-content\/uploads\/2025\/05\/WhatsApp-Image-2025-05-05-at-17.40.18-576x1024.jpeg 576w, https:\/\/noticiasregionais.com.br\/wp-content\/uploads\/2025\/05\/WhatsApp-Image-2025-05-05-at-17.40.18-169x300.jpeg 169w, https:\/\/noticiasregionais.com.br\/wp-content\/uploads\/2025\/05\/WhatsApp-Image-2025-05-05-at-17.40.18-768x1365.jpeg 768w, https:\/\/noticiasregionais.com.br\/wp-content\/uploads\/2025\/05\/WhatsApp-Image-2025-05-05-at-17.40.18-864x1536.jpeg 864w, https:\/\/noticiasregionais.com.br\/wp-content\/uploads\/2025\/05\/WhatsApp-Image-2025-05-05-at-17.40.18.jpeg 900w\" sizes=\"(max-width: 576px) 100vw, 576px\" \/><\/figure>\n<\/figure>\n<input type=\"hidden\" id=\"baseurl\" value=\"https:\/\/noticiasregionais.com.br\"><input type=\"hidden\" id=\"audio_nonce\" value=\"533fbb67b1\">","protected":false},"excerpt":{"rendered":"<p>Emenda de R$ 1 milh\u00e3o fortaleceu atendimento a pacientes oncol\u00f3gicos; parlamentar recebeu o t\u00edtulo de \u201cAmigo da Santa Casa\u201d A&hellip;<\/p>\n","protected":false},"author":1,"featured_media":5194,"comment_status":"closed","ping_status":"open","sticky":false,"template":"","format":"standard","meta":{"sfsi_plus_gutenberg_text_before_share":"","sfsi_plus_gutenberg_show_text_before_share":"","sfsi_plus_gutenberg_icon_type":"","sfsi_plus_gutenberg_icon_alignemt":"","sfsi_plus_gutenburg_max_per_row":"","footnotes":""},"categories":[5,10,1],"tags":[16],"class_list":["post-5192","post","type-post","status-publish","format-standard","has-post-thumbnail","hentry","category-ourinhos","category-destaques","category-noticias","tag-ourinhos"],"_links":{"self":[{"href":"https:\/\/noticiasregionais.com.br\/index.php?rest_route=\/wp\/v2\/posts\/5192","targetHints":{"allow":["GET"]}}],"collection":[{"href":"https:\/\/noticiasregionais.com.br\/index.php?rest_route=\/wp\/v2\/posts"}],"about":[{"href":"https:\/\/noticiasregionais.com.br\/index.php?rest_route=\/wp\/v2\/types\/post"}],"author":[{"embeddable":true,"href":"https:\/\/noticiasregionais.com.br\/index.php?rest_route=\/wp\/v2\/users\/1"}],"replies":[{"embeddable":true,"href":"https:\/\/noticiasregionais.com.br\/index.php?rest_route=%2Fwp%2Fv2%2Fcomments&post=5192"}],"version-history":[{"count":1,"href":"https:\/\/noticiasregionais.com.br\/index.php?rest_route=\/wp\/v2\/posts\/5192\/revisions"}],"predecessor-version":[{"id":5197,"href":"https:\/\/noticiasregionais.com.br\/index.php?rest_route=\/wp\/v2\/posts\/5192\/revisions\/5197"}],"wp:featuredmedia":[{"embeddable":true,"href":"https:\/\/noticiasregionais.com.br\/index.php?rest_route=\/wp\/v2\/media\/5194"}],"wp:attachment":[{"href":"https:\/\/noticiasregionais.com.br\/index.php?rest_route=%2Fwp%2Fv2%2Fmedia&parent=5192"}],"wp:term":[{"taxonomy":"category","embeddable":true,"href":"https:\/\/noticiasregionais.com.br\/index.php?rest_route=%2Fwp%2Fv2%2Fcategories&post=5192"},{"taxonomy":"post_tag","embeddable":true,"href":"https:\/\/noticiasregionais.com.br\/index.php?rest_route=%2Fwp%2Fv2%2Ftags&post=5192"}],"curies":[{"name":"wp","href":"https:\/\/api.w.org\/{rel}","templated":true}]}}