{"id":5198,"date":"2025-05-07T09:25:07","date_gmt":"2025-05-07T12:25:07","guid":{"rendered":"https:\/\/noticiasregionais.com.br\/?p=5198"},"modified":"2025-05-07T09:25:21","modified_gmt":"2025-05-07T12:25:21","slug":"baile-do-dia-das-maes-sera-no-clube-aeco-com-show-do-musical-cia-da-noite","status":"publish","type":"post","link":"https:\/\/noticiasregionais.com.br\/?p=5198","title":{"rendered":"Baile do Dia das M\u00e3es ser\u00e1 no Clube AECO com show do Musical Cia da Noite"},"content":{"rendered":"\n<p>O tradicional <strong>Baile do Dia das M\u00e3es<\/strong> acontece nesta <strong>sexta-feira, 10 de maio, a partir das 21h<\/strong>, no <strong>Clube AECO<\/strong>, em Ourinhos-SP, e promete uma noite especial de muita dan\u00e7a, anima\u00e7\u00e3o e alegria.<\/p>\n\n\n\n<p>A atra\u00e7\u00e3o principal da noite ser\u00e1 o <strong>Musical Cia da Noite<\/strong>, grupo conhecido por suas apresenta\u00e7\u00f5es envolventes e repert\u00f3rio dan\u00e7ante, ideal para quem quer celebrar em grande estilo. O evento \u00e9 organizado pela <strong>Equipe Baila Comigo<\/strong>, reconhecida por proporcionar festas acolhedoras e bem organizadas.<\/p>\n\n\n\n<p>O <strong>Clube AECO<\/strong> est\u00e1 localizado na <strong>Rua Maranh\u00e3o, 425 \u2013 Ourinhos-SP<\/strong>, atr\u00e1s do Supermercado Avenida, oferecendo f\u00e1cil acesso e conforto aos participantes.<\/p>\n\n\n\n<p>Para quem n\u00e3o quer ficar de fora, \u00e9 poss\u00edvel garantir <strong>informa\u00e7\u00f5es e reservas pelo telefone (14) 99799-6611<\/strong>.<\/p>\n\n\n\n<p>\ud83d\udcc5 <strong>Data:<\/strong> 10\/05 (sexta-feira)<br>\ud83d\udd58 <strong>Hor\u00e1rio:<\/strong> 21h<br>\ud83c\udfa4 <strong>Atra\u00e7\u00e3o:<\/strong> Musical Cia da Noite<br>\ud83d\udccd <strong>Local:<\/strong> Clube AECO \u2013 Rua Maranh\u00e3o, 425, atr\u00e1s do Supermercado Avenida<br>\ud83d\udcde <strong>Informa\u00e7\u00f5es e reservas:<\/strong> (14) 99799-6611<br>\ud83c\udf89 <strong>Organiza\u00e7\u00e3o:<\/strong> Equipe Baila Comigo<\/p>\n\n\n\n<p>Venha celebrar o Dia das M\u00e3es com muita emo\u00e7\u00e3o, m\u00fasica ao vivo e um ambiente pensado para proporcionar uma noite inesquec\u00edvel!<\/p>\n<input type=\"hidden\" id=\"baseurl\" value=\"https:\/\/noticiasregionais.com.br\"><input type=\"hidden\" id=\"audio_nonce\" value=\"533fbb67b1\">","protected":false},"excerpt":{"rendered":"<p>O tradicional Baile do Dia das M\u00e3es acontece nesta sexta-feira, 10 de maio, a partir das 21h, no Clube AECO,&hellip;<\/p>\n","protected":false},"author":1,"featured_media":5199,"comment_status":"closed","ping_status":"open","sticky":false,"template":"","format":"standard","meta":{"sfsi_plus_gutenberg_text_before_share":"","sfsi_plus_gutenberg_show_text_before_share":"","sfsi_plus_gutenberg_icon_type":"","sfsi_plus_gutenberg_icon_alignemt":"","sfsi_plus_gutenburg_max_per_row":"","footnotes":""},"categories":[5,12,1],"tags":[16],"class_list":["post-5198","post","type-post","status-publish","format-standard","has-post-thumbnail","hentry","category-ourinhos","category-capa","category-noticias","tag-ourinhos"],"_links":{"self":[{"href":"https:\/\/noticiasregionais.com.br\/index.php?rest_route=\/wp\/v2\/posts\/5198","targetHints":{"allow":["GET"]}}],"collection":[{"href":"https:\/\/noticiasregionais.com.br\/index.php?rest_route=\/wp\/v2\/posts"}],"about":[{"href":"https:\/\/noticiasregionais.com.br\/index.php?rest_route=\/wp\/v2\/types\/post"}],"author":[{"embeddable":true,"href":"https:\/\/noticiasregionais.com.br\/index.php?rest_route=\/wp\/v2\/users\/1"}],"replies":[{"embeddable":true,"href":"https:\/\/noticiasregionais.com.br\/index.php?rest_route=%2Fwp%2Fv2%2Fcomments&post=5198"}],"version-history":[{"count":1,"href":"https:\/\/noticiasregionais.com.br\/index.php?rest_route=\/wp\/v2\/posts\/5198\/revisions"}],"predecessor-version":[{"id":5200,"href":"https:\/\/noticiasregionais.com.br\/index.php?rest_route=\/wp\/v2\/posts\/5198\/revisions\/5200"}],"wp:featuredmedia":[{"embeddable":true,"href":"https:\/\/noticiasregionais.com.br\/index.php?rest_route=\/wp\/v2\/media\/5199"}],"wp:attachment":[{"href":"https:\/\/noticiasregionais.com.br\/index.php?rest_route=%2Fwp%2Fv2%2Fmedia&parent=5198"}],"wp:term":[{"taxonomy":"category","embeddable":true,"href":"https:\/\/noticiasregionais.com.br\/index.php?rest_route=%2Fwp%2Fv2%2Fcategories&post=5198"},{"taxonomy":"post_tag","embeddable":true,"href":"https:\/\/noticiasregionais.com.br\/index.php?rest_route=%2Fwp%2Fv2%2Ftags&post=5198"}],"curies":[{"name":"wp","href":"https:\/\/api.w.org\/{rel}","templated":true}]}}