{"id":52,"date":"2023-08-31T23:25:01","date_gmt":"2023-09-01T02:25:01","guid":{"rendered":"https:\/\/noticiasregionais.com.br\/?p=52"},"modified":"2023-09-01T23:35:45","modified_gmt":"2023-09-02T02:35:45","slug":"pagamento-do-4o-lote-de-restituicao-do-imposto-de-renda-2023-falha","status":"publish","type":"post","link":"https:\/\/noticiasregionais.com.br\/?p=52","title":{"rendered":"Pagamento do 4\u00ba lote de restitui\u00e7\u00e3o do Imposto de Renda 2023 falha"},"content":{"rendered":"\n<p>Parte dos contribuintes inclu\u00eddos no quarto lote de restitui\u00e7\u00e3o do Imposto de Renda 2023 n\u00e3o receberam os valores programados para serem pagos nesta quinta-feira (31). A maioria deles buscou as redes sociais para fazer reclama\u00e7\u00f5es.<\/p>\n\n\n\n<p>Nesta quinta, a Receita Federal pagou o maior lote de restitui\u00e7\u00e3o deste ano, no valor de R$ 7,5 bilh\u00f5es, para 6,1 milh\u00f5es de contribuintes entre priorit\u00e1rios e n\u00e3o priorit\u00e1rios. Falhas, consideradas pontuais pelo fisco, impediram pagamentos, que, segundo alguns bancos, tinham at\u00e9 as 18h para serem realizados.<\/p>\n\n\n\n<p>O lote, que \u00e9 o pen\u00faltimo, tem corre\u00e7\u00e3o de 3,14% com base na Selic, taxa b\u00e1sica de juros da economia, atualmente em 13,25% ao ano. A consulta para saber se vai receber foi aberta no dia 24 e pode ser feita no site ou pelo aplicativo da Receita Federal.<\/p>\n\n\n\n<p>Em nota, a Receita informou que &#8220;devido ao grande volume de restitui\u00e7\u00f5es do lote de agosto, ocorreu uma demora nos pagamentos de TED&#8221;. Segundo o \u00f3rg\u00e3o, por volta das 16h, a situa\u00e7\u00e3o j\u00e1 havia sido regularizada.<\/p>\n\n\n\n<p>A recomenda\u00e7\u00e3o \u00e9 para que o contribuinte verifique novamente se a restitui\u00e7\u00e3o foi creditada. &#8220;Em caso negativo, a restitui\u00e7\u00e3o pode n\u00e3o ter sido paga por erros cometidos pelo contribuinte na informa\u00e7\u00e3o da conta. Se for este o caso, ent\u00e3o o contribuinte precisar\u00e1 fazer um reagendamento&#8221;, diz o \u00f3rg\u00e3o.<\/p>\n\n\n\n<p>Procurados, os bancos citados por clientes responderam que n\u00e3o havia irregularidades na transfer\u00eancia. &#8220;O Banco do Brasil n\u00e3o identificou indisponibilidade em seus sistemas neste dia 31 de agosto e todos os pagamentos foram efetuados.&#8221;<\/p>\n\n\n\n<p>&#8220;O Bradesco informa que todos os lotes recebidos pelo agente pagador foram prontamente creditados na conta dos favorecidos&#8221;, disse.<\/p>\n\n\n\n<p>No Santander, n\u00e3o foram encontradas irregularidades. Ita\u00fa e Nubank n\u00e3o se posicionaram.<\/p>\n\n\n\n<p>Do total pago neste lote, R$ 914,4 milh\u00f5es s\u00e3o destinados a contribuintes priorit\u00e1rios, sendo 11.160 idosos acima de 80 anos, 86.427 que est\u00e3o entre 60 e 79 anos, 9.065 contribuintes com alguma defici\u00eancia f\u00edsica, mental ou doen\u00e7a grave, e 30.453 contribuintes cuja maior fonte de renda seja o magist\u00e9rio.<\/p>\n\n\n\n<p>Foram contemplados ainda 219.288 contribuintes sem prioridade legal, mas que entraram na fila priorit\u00e1ria por terem utilizado a declara\u00e7\u00e3o pr\u00e9-preenchida ou optado por receber a restitui\u00e7\u00e3o por Pix.<\/p>\n\n\n\n<p>O lote contempla ainda 5,8 milh\u00f5es de contribuintes n\u00e3o priorit\u00e1rios que entregaram a declara\u00e7\u00e3o at\u00e9 o dia 29 de maio, poucos dias antes do prazo final do IR, que se encerrou em 31 de maio.<\/p>\n\n\n\n<p>Caso o cr\u00e9dito em conta n\u00e3o seja realizado, os valores ficar\u00e3o dispon\u00edveis para resgate por um ano no Banco do Brasil. Neste caso, \u00e9 poss\u00edvel reagendar o cr\u00e9dito pelo:<\/p>\n\n\n\n<p>&#8211; Portal BB, no endere\u00e7o https:\/\/www.bb.com.br\/irpf,<\/p>\n\n\n\n<p>&#8211; Pela central de relacionamento BB por meio dos telefones 4004-0001 (capitais), 0800-7290001 (demais localidades) e 0800-7290088 (telefone especial exclusivo para deficientes auditivos). Caso o valor n\u00e3o seja resgatado, dever\u00e1 ser feito um pedido dos valores no Portal e-CAC (Centro Virtual de Atendimento da Receita Federal). Para isso, o contribuinte dever\u00e1:<\/p>\n\n\n\n<p>&#8211; Selecionar &#8220;Declara\u00e7\u00f5es e Demonstrativos&#8221;<\/p>\n\n\n\n<p>&#8211; Depois, clicar em &#8220;Meu Imposto de Renda&#8221;<\/p>\n\n\n\n<p>&#8211; Em seguida, em &#8220;Solicitar restitui\u00e7\u00e3o n\u00e3o resgatada na rede banc\u00e1ria&#8221;<\/p>\n<input type=\"hidden\" id=\"baseurl\" value=\"https:\/\/noticiasregionais.com.br\"><input type=\"hidden\" id=\"audio_nonce\" value=\"533fbb67b1\">","protected":false},"excerpt":{"rendered":"<p>Parte dos contribuintes inclu\u00eddos no quarto lote de restitui\u00e7\u00e3o do Imposto de Renda 2023 n\u00e3o receberam os valores programados para&hellip;<\/p>\n","protected":false},"author":1,"featured_media":53,"comment_status":"closed","ping_status":"open","sticky":false,"template":"","format":"standard","meta":{"sfsi_plus_gutenberg_text_before_share":"","sfsi_plus_gutenberg_show_text_before_share":"","sfsi_plus_gutenberg_icon_type":"","sfsi_plus_gutenberg_icon_alignemt":"","sfsi_plus_gutenburg_max_per_row":"","footnotes":""},"categories":[8,10,1],"tags":[],"class_list":["post-52","post","type-post","status-publish","format-standard","has-post-thumbnail","hentry","category-brasil","category-destaques","category-noticias"],"_links":{"self":[{"href":"https:\/\/noticiasregionais.com.br\/index.php?rest_route=\/wp\/v2\/posts\/52","targetHints":{"allow":["GET"]}}],"collection":[{"href":"https:\/\/noticiasregionais.com.br\/index.php?rest_route=\/wp\/v2\/posts"}],"about":[{"href":"https:\/\/noticiasregionais.com.br\/index.php?rest_route=\/wp\/v2\/types\/post"}],"author":[{"embeddable":true,"href":"https:\/\/noticiasregionais.com.br\/index.php?rest_route=\/wp\/v2\/users\/1"}],"replies":[{"embeddable":true,"href":"https:\/\/noticiasregionais.com.br\/index.php?rest_route=%2Fwp%2Fv2%2Fcomments&post=52"}],"version-history":[{"count":1,"href":"https:\/\/noticiasregionais.com.br\/index.php?rest_route=\/wp\/v2\/posts\/52\/revisions"}],"predecessor-version":[{"id":54,"href":"https:\/\/noticiasregionais.com.br\/index.php?rest_route=\/wp\/v2\/posts\/52\/revisions\/54"}],"wp:featuredmedia":[{"embeddable":true,"href":"https:\/\/noticiasregionais.com.br\/index.php?rest_route=\/wp\/v2\/media\/53"}],"wp:attachment":[{"href":"https:\/\/noticiasregionais.com.br\/index.php?rest_route=%2Fwp%2Fv2%2Fmedia&parent=52"}],"wp:term":[{"taxonomy":"category","embeddable":true,"href":"https:\/\/noticiasregionais.com.br\/index.php?rest_route=%2Fwp%2Fv2%2Fcategories&post=52"},{"taxonomy":"post_tag","embeddable":true,"href":"https:\/\/noticiasregionais.com.br\/index.php?rest_route=%2Fwp%2Fv2%2Ftags&post=52"}],"curies":[{"name":"wp","href":"https:\/\/api.w.org\/{rel}","templated":true}]}}