{"id":5201,"date":"2025-05-12T10:02:14","date_gmt":"2025-05-12T13:02:14","guid":{"rendered":"https:\/\/noticiasregionais.com.br\/?p=5201"},"modified":"2025-05-12T10:02:16","modified_gmt":"2025-05-12T13:02:16","slug":"problema-antigo-e-cano-rompido-causam-grande-transtorno-na-secretaria-de-saude-em-ourinhos","status":"publish","type":"post","link":"https:\/\/noticiasregionais.com.br\/?p=5201","title":{"rendered":"Problema antigo e cano rompido causam grande transtorno na Secretaria de Sa\u00fade em Ourinhos"},"content":{"rendered":"\n<p>Na manh\u00e3 desta segunda-feira (12), um cano estourado causou alagamento na Farm\u00e1cia Central e no audit\u00f3rio da Secretaria Municipal de Sa\u00fade, afetando temporariamente a estrutura f\u00edsica e os servi\u00e7os prestados nesses locais.<\/p>\n\n\n\n<p>Segundo a Secretaria, o rompimento ocorreu em uma \u00e1rea que j\u00e1 apresentava sinais de deteriora\u00e7\u00e3o, resultado da aus\u00eancia de manuten\u00e7\u00e3o preventiva durante a gest\u00e3o anterior. A atual administra\u00e7\u00e3o j\u00e1 havia identificado a necessidade de reparos e programado interven\u00e7\u00f5es, que estavam previstas para ocorrer nos pr\u00f3ximos dias, ap\u00f3s o destravamento de processos administrativos que haviam sido negligenciados anteriormente.<\/p>\n\n\n\n<p>Com o ocorrido, foi determinada a realiza\u00e7\u00e3o imediata de reparos emergenciais. Como medida de precau\u00e7\u00e3o, a Farm\u00e1cia Central permanecer\u00e1 fechada temporariamente, at\u00e9 que o Corpo de Bombeiros conclua uma avalia\u00e7\u00e3o completa de seguran\u00e7a.<\/p>\n\n\n\n<p>As equipes da Prefeitura est\u00e3o atuando para conter os danos, preservar a integridade das instala\u00e7\u00f5es e retomar os atendimentos o mais r\u00e1pido poss\u00edvel.<\/p>\n\n\n\n<p>A Secretaria de Sa\u00fade pede desculpas pelos transtornos causados e refor\u00e7a seu compromisso com a seguran\u00e7a, a transpar\u00eancia e a qualidade dos servi\u00e7os p\u00fablicos \u00e0 popula\u00e7\u00e3o.<\/p>\n<input type=\"hidden\" id=\"baseurl\" value=\"https:\/\/noticiasregionais.com.br\"><input type=\"hidden\" id=\"audio_nonce\" value=\"533fbb67b1\">","protected":false},"excerpt":{"rendered":"<p>Na manh\u00e3 desta segunda-feira (12), um cano estourado causou alagamento na Farm\u00e1cia Central e no audit\u00f3rio da Secretaria Municipal de&hellip;<\/p>\n","protected":false},"author":1,"featured_media":5202,"comment_status":"closed","ping_status":"open","sticky":false,"template":"","format":"standard","meta":{"sfsi_plus_gutenberg_text_before_share":"","sfsi_plus_gutenberg_show_text_before_share":"","sfsi_plus_gutenberg_icon_type":"","sfsi_plus_gutenberg_icon_alignemt":"","sfsi_plus_gutenburg_max_per_row":"","footnotes":""},"categories":[5,12,1],"tags":[],"class_list":["post-5201","post","type-post","status-publish","format-standard","has-post-thumbnail","hentry","category-ourinhos","category-capa","category-noticias"],"_links":{"self":[{"href":"https:\/\/noticiasregionais.com.br\/index.php?rest_route=\/wp\/v2\/posts\/5201","targetHints":{"allow":["GET"]}}],"collection":[{"href":"https:\/\/noticiasregionais.com.br\/index.php?rest_route=\/wp\/v2\/posts"}],"about":[{"href":"https:\/\/noticiasregionais.com.br\/index.php?rest_route=\/wp\/v2\/types\/post"}],"author":[{"embeddable":true,"href":"https:\/\/noticiasregionais.com.br\/index.php?rest_route=\/wp\/v2\/users\/1"}],"replies":[{"embeddable":true,"href":"https:\/\/noticiasregionais.com.br\/index.php?rest_route=%2Fwp%2Fv2%2Fcomments&post=5201"}],"version-history":[{"count":1,"href":"https:\/\/noticiasregionais.com.br\/index.php?rest_route=\/wp\/v2\/posts\/5201\/revisions"}],"predecessor-version":[{"id":5203,"href":"https:\/\/noticiasregionais.com.br\/index.php?rest_route=\/wp\/v2\/posts\/5201\/revisions\/5203"}],"wp:featuredmedia":[{"embeddable":true,"href":"https:\/\/noticiasregionais.com.br\/index.php?rest_route=\/wp\/v2\/media\/5202"}],"wp:attachment":[{"href":"https:\/\/noticiasregionais.com.br\/index.php?rest_route=%2Fwp%2Fv2%2Fmedia&parent=5201"}],"wp:term":[{"taxonomy":"category","embeddable":true,"href":"https:\/\/noticiasregionais.com.br\/index.php?rest_route=%2Fwp%2Fv2%2Fcategories&post=5201"},{"taxonomy":"post_tag","embeddable":true,"href":"https:\/\/noticiasregionais.com.br\/index.php?rest_route=%2Fwp%2Fv2%2Ftags&post=5201"}],"curies":[{"name":"wp","href":"https:\/\/api.w.org\/{rel}","templated":true}]}}