{"id":5204,"date":"2025-05-12T10:16:13","date_gmt":"2025-05-12T13:16:13","guid":{"rendered":"https:\/\/noticiasregionais.com.br\/?p=5204"},"modified":"2025-05-12T10:16:25","modified_gmt":"2025-05-12T13:16:25","slug":"samu-de-ourinhos-retorna-a-gestao-da-ummes-com-foco-em-reconstrucao-e-valorizacao-do-servico","status":"publish","type":"post","link":"https:\/\/noticiasregionais.com.br\/?p=5204","title":{"rendered":"SAMU de Ourinhos retorna \u00e0 gest\u00e3o da UMMES com foco em reconstru\u00e7\u00e3o e valoriza\u00e7\u00e3o do servi\u00e7o"},"content":{"rendered":"\n<p>A Prefeitura de Ourinhos informa que o Servi\u00e7o de Atendimento M\u00f3vel de Urg\u00eancia (SAMU) voltou a ser gerido pela UMMES (Uni\u00e3o dos Munic\u00edpios da M\u00e9dia Sorocabana), consolidando mais uma a\u00e7\u00e3o do governo municipal voltada ao fortalecimento da sa\u00fade regional.<\/p>\n\n\n\n<p>Com a retomada da administra\u00e7\u00e3o pela UMMES, chega ao fim o per\u00edodo de gest\u00e3o pela SAMAIS. A transi\u00e7\u00e3o revelou um cen\u00e1rio preocupante: frota de ambul\u00e2ncias em condi\u00e7\u00f5es prec\u00e1rias e estrutura debilitada, reflexos da falta de investimentos nos \u00faltimos anos.<\/p>\n\n\n\n<p>Diferente de processos anteriores, essa mudan\u00e7a foi conduzida com di\u00e1logo e respeito aos profissionais envolvidos. O secret\u00e1rio municipal de Sa\u00fade, Diego Singolani, tem adotado uma postura transparente e colaborativa, reconhecendo o papel essencial das equipes do SAMU e reafirmando o compromisso com a melhoria cont\u00ednua dos atendimentos de urg\u00eancia.<\/p>\n\n\n\n<p>\u201cEstamos reconstruindo o SAMU com responsabilidade e foco na preserva\u00e7\u00e3o de vidas. Apesar de termos encontrado ve\u00edculos em estado cr\u00edtico, j\u00e1 conseguimos novas ambul\u00e2ncias junto ao Minist\u00e9rio da Sa\u00fade, o que permitir\u00e1 a renova\u00e7\u00e3o completa da frota em Ourinhos\u201d, afirmou Singolani.<\/p>\n\n\n\n<p>A administra\u00e7\u00e3o municipal, em parceria com a UMMES, seguir\u00e1 empenhada na reestrutura\u00e7\u00e3o do servi\u00e7o e no fortalecimento da rede de urg\u00eancia e emerg\u00eancia, assegurando um atendimento digno e eficiente \u00e0 popula\u00e7\u00e3o.<\/p>\n<input type=\"hidden\" id=\"baseurl\" value=\"https:\/\/noticiasregionais.com.br\"><input type=\"hidden\" id=\"audio_nonce\" value=\"533fbb67b1\">","protected":false},"excerpt":{"rendered":"<p>A Prefeitura de Ourinhos informa que o Servi\u00e7o de Atendimento M\u00f3vel de Urg\u00eancia (SAMU) voltou a ser gerido pela UMMES&hellip;<\/p>\n","protected":false},"author":1,"featured_media":5205,"comment_status":"closed","ping_status":"open","sticky":false,"template":"","format":"standard","meta":{"sfsi_plus_gutenberg_text_before_share":"","sfsi_plus_gutenberg_show_text_before_share":"","sfsi_plus_gutenberg_icon_type":"","sfsi_plus_gutenberg_icon_alignemt":"","sfsi_plus_gutenburg_max_per_row":"","footnotes":""},"categories":[5,10,1],"tags":[16],"class_list":["post-5204","post","type-post","status-publish","format-standard","has-post-thumbnail","hentry","category-ourinhos","category-destaques","category-noticias","tag-ourinhos"],"_links":{"self":[{"href":"https:\/\/noticiasregionais.com.br\/index.php?rest_route=\/wp\/v2\/posts\/5204","targetHints":{"allow":["GET"]}}],"collection":[{"href":"https:\/\/noticiasregionais.com.br\/index.php?rest_route=\/wp\/v2\/posts"}],"about":[{"href":"https:\/\/noticiasregionais.com.br\/index.php?rest_route=\/wp\/v2\/types\/post"}],"author":[{"embeddable":true,"href":"https:\/\/noticiasregionais.com.br\/index.php?rest_route=\/wp\/v2\/users\/1"}],"replies":[{"embeddable":true,"href":"https:\/\/noticiasregionais.com.br\/index.php?rest_route=%2Fwp%2Fv2%2Fcomments&post=5204"}],"version-history":[{"count":1,"href":"https:\/\/noticiasregionais.com.br\/index.php?rest_route=\/wp\/v2\/posts\/5204\/revisions"}],"predecessor-version":[{"id":5206,"href":"https:\/\/noticiasregionais.com.br\/index.php?rest_route=\/wp\/v2\/posts\/5204\/revisions\/5206"}],"wp:featuredmedia":[{"embeddable":true,"href":"https:\/\/noticiasregionais.com.br\/index.php?rest_route=\/wp\/v2\/media\/5205"}],"wp:attachment":[{"href":"https:\/\/noticiasregionais.com.br\/index.php?rest_route=%2Fwp%2Fv2%2Fmedia&parent=5204"}],"wp:term":[{"taxonomy":"category","embeddable":true,"href":"https:\/\/noticiasregionais.com.br\/index.php?rest_route=%2Fwp%2Fv2%2Fcategories&post=5204"},{"taxonomy":"post_tag","embeddable":true,"href":"https:\/\/noticiasregionais.com.br\/index.php?rest_route=%2Fwp%2Fv2%2Ftags&post=5204"}],"curies":[{"name":"wp","href":"https:\/\/api.w.org\/{rel}","templated":true}]}}