{"id":5207,"date":"2025-05-12T10:36:25","date_gmt":"2025-05-12T13:36:25","guid":{"rendered":"https:\/\/noticiasregionais.com.br\/?p=5207"},"modified":"2025-05-12T10:36:36","modified_gmt":"2025-05-12T13:36:36","slug":"colisao-frontal-na-br-153-deixa-um-morto-e-interdita-pista-por-duas-horas","status":"publish","type":"post","link":"https:\/\/noticiasregionais.com.br\/?p=5207","title":{"rendered":"Colis\u00e3o frontal na BR-153 deixa um morto e interdita pista por duas horas"},"content":{"rendered":"\n<p>Um grave acidente ocorrido por volta das 17h30 deste Domingo 11\/05\/2025 no km 210 da BR-153, em Guaimb\u00ea (SP), resultou na morte de um homem e na interdi\u00e7\u00e3o total da rodovia por cerca de duas horas.<\/p>\n\n\n\n<p>De acordo com as informa\u00e7\u00f5es apuradas, o acidente envolveu tr\u00eas ve\u00edculos: um autom\u00f3vel GM\/Corsa Hatch e duas combina\u00e7\u00f5es de ve\u00edculos de carga \u2014 uma composta por um cavalo trator Scania\/G 360 A6X2 atrelado ao semirreboque SR\/Facchini SRF 4LO, e a outra por um Volvo\/FH 520 6X4T com semirreboque SR\/Guerrasp GSI 3E.<\/p>\n\n\n\n<p>O Corsa, que seguia no sentido Lins\u2013Mar\u00edlia, teria invadido a pista contr\u00e1ria e colidido frontalmente com o caminh\u00e3o Volvo. Na sequ\u00eancia, o ve\u00edculo desgovernado ainda atingiu a lateral esquerda do caminh\u00e3o Scania, que trafegava no mesmo trecho.<\/p>\n\n\n\n<p>O condutor do Corsa ficou preso nas ferragens e foi resgatado em estado grave pela equipe de apoio da concession\u00e1ria respons\u00e1vel pela via, sendo encaminhado ao Pronto-Socorro da Santa Casa de Lins. Apesar dos esfor\u00e7os da equipe m\u00e9dica, ele n\u00e3o resistiu aos ferimentos e faleceu no hospital. Os motoristas dos caminh\u00f5es n\u00e3o se feriram.<\/p>\n\n\n\n<p>A ocorr\u00eancia foi registrada na Central de Pol\u00edcia Judici\u00e1ria (CPJ) de Lins, que dar\u00e1 seguimento \u00e0s investiga\u00e7\u00f5es. Equipes do Instituto de Criminal\u00edstica tamb\u00e9m estiveram no local para realizar os trabalhos periciais.<\/p>\n\n\n\n<p>Por conta do acidente e dos procedimentos de resgate e per\u00edcia, a rodovia ficou completamente interditada entre 18h50 e 19h50. O tr\u00e2nsito foi inicialmente liberado em sistema pare-e-siga, sendo totalmente restabelecido \u00e0s 20h30.<\/p>\n<input type=\"hidden\" id=\"baseurl\" value=\"https:\/\/noticiasregionais.com.br\"><input type=\"hidden\" id=\"audio_nonce\" value=\"533fbb67b1\">","protected":false},"excerpt":{"rendered":"<p>Um grave acidente ocorrido por volta das 17h30 deste Domingo 11\/05\/2025 no km 210 da BR-153, em Guaimb\u00ea (SP), resultou&hellip;<\/p>\n","protected":false},"author":1,"featured_media":5208,"comment_status":"closed","ping_status":"open","sticky":false,"template":"","format":"standard","meta":{"sfsi_plus_gutenberg_text_before_share":"","sfsi_plus_gutenberg_show_text_before_share":"","sfsi_plus_gutenberg_icon_type":"","sfsi_plus_gutenberg_icon_alignemt":"","sfsi_plus_gutenburg_max_per_row":"","footnotes":""},"categories":[6,10,1],"tags":[28],"class_list":["post-5207","post","type-post","status-publish","format-standard","has-post-thumbnail","hentry","category-sao_paulo","category-destaques","category-noticias","tag-guaimbe"],"_links":{"self":[{"href":"https:\/\/noticiasregionais.com.br\/index.php?rest_route=\/wp\/v2\/posts\/5207","targetHints":{"allow":["GET"]}}],"collection":[{"href":"https:\/\/noticiasregionais.com.br\/index.php?rest_route=\/wp\/v2\/posts"}],"about":[{"href":"https:\/\/noticiasregionais.com.br\/index.php?rest_route=\/wp\/v2\/types\/post"}],"author":[{"embeddable":true,"href":"https:\/\/noticiasregionais.com.br\/index.php?rest_route=\/wp\/v2\/users\/1"}],"replies":[{"embeddable":true,"href":"https:\/\/noticiasregionais.com.br\/index.php?rest_route=%2Fwp%2Fv2%2Fcomments&post=5207"}],"version-history":[{"count":1,"href":"https:\/\/noticiasregionais.com.br\/index.php?rest_route=\/wp\/v2\/posts\/5207\/revisions"}],"predecessor-version":[{"id":5209,"href":"https:\/\/noticiasregionais.com.br\/index.php?rest_route=\/wp\/v2\/posts\/5207\/revisions\/5209"}],"wp:featuredmedia":[{"embeddable":true,"href":"https:\/\/noticiasregionais.com.br\/index.php?rest_route=\/wp\/v2\/media\/5208"}],"wp:attachment":[{"href":"https:\/\/noticiasregionais.com.br\/index.php?rest_route=%2Fwp%2Fv2%2Fmedia&parent=5207"}],"wp:term":[{"taxonomy":"category","embeddable":true,"href":"https:\/\/noticiasregionais.com.br\/index.php?rest_route=%2Fwp%2Fv2%2Fcategories&post=5207"},{"taxonomy":"post_tag","embeddable":true,"href":"https:\/\/noticiasregionais.com.br\/index.php?rest_route=%2Fwp%2Fv2%2Ftags&post=5207"}],"curies":[{"name":"wp","href":"https:\/\/api.w.org\/{rel}","templated":true}]}}