{"id":5221,"date":"2025-05-09T11:40:07","date_gmt":"2025-05-09T14:40:07","guid":{"rendered":"https:\/\/noticiasregionais.com.br\/?p=5221"},"modified":"2025-05-12T11:44:07","modified_gmt":"2025-05-12T14:44:07","slug":"policiais-militares-realizam-oficina-de-penteado-coque-no-colegio-civico-militar-de-wenceslau-braz-pr","status":"publish","type":"post","link":"https:\/\/noticiasregionais.com.br\/?p=5221","title":{"rendered":"Policiais Militares realizam oficina de Penteado Coque no Col\u00e9gio C\u00edvico-Militar de Wenceslau Braz\/PR"},"content":{"rendered":"\n<p>Na \u00faltima quinta-feira (09), alunas do Col\u00e9gio Estadual C\u00edvico-Militar Miguel Nassif Maluf, em Wenceslau Braz\/PR, participaram de uma atividade diferenciada promovida pelo 2\u00ba Batalh\u00e3o da Pol\u00edcia Militar. O evento, realizado das 13h \u00e0s 15h na quadra da escola, teve como objetivo ensinar t\u00e9cnicas de penteado coque, um estilo exigido para as policiais militares femininas e que simboliza disciplina e identidade c\u00edvico-militar.<\/p>\n\n\n\n<p><strong>Integra\u00e7\u00e3o entre Pol\u00edcia Militar e Escola<\/strong><\/p>\n\n\n\n<p>A a\u00e7\u00e3o foi coordenada pelo Subtenente Marco Aur\u00e9lio e o Sargento Daurlyn, com apoio das professoras de Cidadania e Civismo do col\u00e9gio, dentro do Plano de A\u00e7\u00e3o da Equipe de Monitores Militares. O projeto segue as diretrizes da T\u00e9cnica Pedag\u00f3gica dos Col\u00e9gios C\u00edvico-Militares do NRE de Wenceslau Braz, sob orienta\u00e7\u00e3o da coordenadora Cristiane Caporaso.<\/p>\n\n\n\n<p><strong>Import\u00e2ncia do Coque no Ambiente Militar<\/strong><\/p>\n\n\n\n<p>O coque \u00e9 um penteado funcional e elegante, essencial para as policiais militares femininas, pois garante uma apresenta\u00e7\u00e3o impec\u00e1vel e refor\u00e7a os valores de ordem e disciplina. Durante a atividade, as policiais militares do 2\u00ba Batalh\u00e3o, Soldado Cabral e Soldado Maiara, ensinaram as alunas como realizar o penteado, explicando sua relev\u00e2ncia no contexto militar.<\/p>\n\n\n\n<p><strong>Fortalecendo La\u00e7os com a Comunidade<\/strong><\/p>\n\n\n\n<p>Al\u00e9m do aprendizado pr\u00e1tico, o evento fortaleceu a intera\u00e7\u00e3o entre a Pol\u00edcia Militar e a comunidade escolar, permitindo que as alunas se aproximassem dos valores e da rotina da corpora\u00e7\u00e3o. O Tenente-Coronel M\u00e1rcio Jaquetti, Comandante do 2\u00ba Batalh\u00e3o, destacou a import\u00e2ncia de a\u00e7\u00f5es que promovem a integra\u00e7\u00e3o entre a Pol\u00edcia Militar e a sociedade, com foco na educa\u00e7\u00e3o e na forma\u00e7\u00e3o cidad\u00e3 dos jovens.<\/p>\n\n\n\n<p><strong>Valorizando Cidadania e Disciplina<\/strong><\/p>\n\n\n\n<p>A iniciativa refor\u00e7ou o papel dos monitores e policiais militares na cria\u00e7\u00e3o de um ambiente escolar estruturado por princ\u00edpios de civismo e disciplina. A experi\u00eancia foi um marco na constru\u00e7\u00e3o de valores de respeito, organiza\u00e7\u00e3o e pertencimento ao ambiente c\u00edvico-militar, essenciais para o desenvolvimento pessoal e social dos estudantes.<\/p>\n\n\n\n<p>A Pol\u00edcia Militar continua a apoiar iniciativas que aproximam a corpora\u00e7\u00e3o da comunidade e incentivam valores fundamentais para a forma\u00e7\u00e3o integral dos jovens.<\/p>\n\n\n\n<figure class=\"wp-block-gallery has-nested-images columns-default is-cropped wp-block-gallery-1 is-layout-flex wp-block-gallery-is-layout-flex\">\n<figure class=\"wp-block-image size-large\"><a href=\"https:\/\/noticiasregionais.com.br\/wp-content\/uploads\/2025\/05\/WhatsApp-Image-2025-05-12-at-11.17.41.jpeg\"><img decoding=\"async\" width=\"1024\" height=\"771\" data-id=\"5223\" src=\"https:\/\/noticiasregionais.com.br\/wp-content\/uploads\/2025\/05\/WhatsApp-Image-2025-05-12-at-11.17.41-1024x771.jpeg\" alt=\"\" class=\"wp-image-5223\" srcset=\"https:\/\/noticiasregionais.com.br\/wp-content\/uploads\/2025\/05\/WhatsApp-Image-2025-05-12-at-11.17.41-1024x771.jpeg 1024w, https:\/\/noticiasregionais.com.br\/wp-content\/uploads\/2025\/05\/WhatsApp-Image-2025-05-12-at-11.17.41-300x226.jpeg 300w, https:\/\/noticiasregionais.com.br\/wp-content\/uploads\/2025\/05\/WhatsApp-Image-2025-05-12-at-11.17.41-768x578.jpeg 768w, https:\/\/noticiasregionais.com.br\/wp-content\/uploads\/2025\/05\/WhatsApp-Image-2025-05-12-at-11.17.41-1536x1156.jpeg 1536w, https:\/\/noticiasregionais.com.br\/wp-content\/uploads\/2025\/05\/WhatsApp-Image-2025-05-12-at-11.17.41.jpeg 1600w\" sizes=\"(max-width: 1024px) 100vw, 1024px\" \/><\/a><\/figure>\n\n\n\n<figure class=\"wp-block-image size-large\"><a href=\"https:\/\/noticiasregionais.com.br\/wp-content\/uploads\/2025\/05\/WhatsApp-Image-2025-05-12-at-11.17.43.jpeg\"><img decoding=\"async\" width=\"1024\" height=\"460\" data-id=\"5224\" src=\"https:\/\/noticiasregionais.com.br\/wp-content\/uploads\/2025\/05\/WhatsApp-Image-2025-05-12-at-11.17.43-1024x460.jpeg\" alt=\"\" class=\"wp-image-5224\" srcset=\"https:\/\/noticiasregionais.com.br\/wp-content\/uploads\/2025\/05\/WhatsApp-Image-2025-05-12-at-11.17.43-1024x460.jpeg 1024w, https:\/\/noticiasregionais.com.br\/wp-content\/uploads\/2025\/05\/WhatsApp-Image-2025-05-12-at-11.17.43-300x135.jpeg 300w, https:\/\/noticiasregionais.com.br\/wp-content\/uploads\/2025\/05\/WhatsApp-Image-2025-05-12-at-11.17.43-768x345.jpeg 768w, https:\/\/noticiasregionais.com.br\/wp-content\/uploads\/2025\/05\/WhatsApp-Image-2025-05-12-at-11.17.43-1536x690.jpeg 1536w, https:\/\/noticiasregionais.com.br\/wp-content\/uploads\/2025\/05\/WhatsApp-Image-2025-05-12-at-11.17.43.jpeg 1600w\" sizes=\"(max-width: 1024px) 100vw, 1024px\" \/><\/a><\/figure>\n\n\n\n<figure class=\"wp-block-image size-large\"><a href=\"https:\/\/noticiasregionais.com.br\/wp-content\/uploads\/2025\/05\/WhatsApp-Image-2025-05-12-at-11.17.411.jpeg\"><img decoding=\"async\" width=\"1024\" height=\"768\" data-id=\"5225\" src=\"https:\/\/noticiasregionais.com.br\/wp-content\/uploads\/2025\/05\/WhatsApp-Image-2025-05-12-at-11.17.411-1024x768.jpeg\" alt=\"\" class=\"wp-image-5225\" srcset=\"https:\/\/noticiasregionais.com.br\/wp-content\/uploads\/2025\/05\/WhatsApp-Image-2025-05-12-at-11.17.411-1024x768.jpeg 1024w, https:\/\/noticiasregionais.com.br\/wp-content\/uploads\/2025\/05\/WhatsApp-Image-2025-05-12-at-11.17.411-300x225.jpeg 300w, https:\/\/noticiasregionais.com.br\/wp-content\/uploads\/2025\/05\/WhatsApp-Image-2025-05-12-at-11.17.411-768x576.jpeg 768w, https:\/\/noticiasregionais.com.br\/wp-content\/uploads\/2025\/05\/WhatsApp-Image-2025-05-12-at-11.17.411-1536x1152.jpeg 1536w, https:\/\/noticiasregionais.com.br\/wp-content\/uploads\/2025\/05\/WhatsApp-Image-2025-05-12-at-11.17.411.jpeg 1600w\" sizes=\"(max-width: 1024px) 100vw, 1024px\" \/><\/a><\/figure>\n<\/figure>\n<input type=\"hidden\" id=\"baseurl\" value=\"https:\/\/noticiasregionais.com.br\"><input type=\"hidden\" id=\"audio_nonce\" value=\"533fbb67b1\">","protected":false},"excerpt":{"rendered":"<p>Na \u00faltima quinta-feira (09), alunas do Col\u00e9gio Estadual C\u00edvico-Militar Miguel Nassif Maluf, em Wenceslau Braz\/PR, participaram de uma atividade diferenciada&hellip;<\/p>\n","protected":false},"author":1,"featured_media":5222,"comment_status":"closed","ping_status":"open","sticky":false,"template":"","format":"standard","meta":{"sfsi_plus_gutenberg_text_before_share":"","sfsi_plus_gutenberg_show_text_before_share":"","sfsi_plus_gutenberg_icon_type":"","sfsi_plus_gutenberg_icon_alignemt":"","sfsi_plus_gutenburg_max_per_row":"","footnotes":""},"categories":[7,10,1],"tags":[46],"class_list":["post-5221","post","type-post","status-publish","format-standard","has-post-thumbnail","hentry","category-parana","category-destaques","category-noticias","tag-wenceslau_braz"],"_links":{"self":[{"href":"https:\/\/noticiasregionais.com.br\/index.php?rest_route=\/wp\/v2\/posts\/5221","targetHints":{"allow":["GET"]}}],"collection":[{"href":"https:\/\/noticiasregionais.com.br\/index.php?rest_route=\/wp\/v2\/posts"}],"about":[{"href":"https:\/\/noticiasregionais.com.br\/index.php?rest_route=\/wp\/v2\/types\/post"}],"author":[{"embeddable":true,"href":"https:\/\/noticiasregionais.com.br\/index.php?rest_route=\/wp\/v2\/users\/1"}],"replies":[{"embeddable":true,"href":"https:\/\/noticiasregionais.com.br\/index.php?rest_route=%2Fwp%2Fv2%2Fcomments&post=5221"}],"version-history":[{"count":1,"href":"https:\/\/noticiasregionais.com.br\/index.php?rest_route=\/wp\/v2\/posts\/5221\/revisions"}],"predecessor-version":[{"id":5226,"href":"https:\/\/noticiasregionais.com.br\/index.php?rest_route=\/wp\/v2\/posts\/5221\/revisions\/5226"}],"wp:featuredmedia":[{"embeddable":true,"href":"https:\/\/noticiasregionais.com.br\/index.php?rest_route=\/wp\/v2\/media\/5222"}],"wp:attachment":[{"href":"https:\/\/noticiasregionais.com.br\/index.php?rest_route=%2Fwp%2Fv2%2Fmedia&parent=5221"}],"wp:term":[{"taxonomy":"category","embeddable":true,"href":"https:\/\/noticiasregionais.com.br\/index.php?rest_route=%2Fwp%2Fv2%2Fcategories&post=5221"},{"taxonomy":"post_tag","embeddable":true,"href":"https:\/\/noticiasregionais.com.br\/index.php?rest_route=%2Fwp%2Fv2%2Ftags&post=5221"}],"curies":[{"name":"wp","href":"https:\/\/api.w.org\/{rel}","templated":true}]}}