{"id":5227,"date":"2025-05-13T07:39:56","date_gmt":"2025-05-13T10:39:56","guid":{"rendered":"https:\/\/noticiasregionais.com.br\/?p=5227"},"modified":"2025-05-13T07:39:59","modified_gmt":"2025-05-13T10:39:59","slug":"nova-regra-para-trabalho-no-comercio-aos-domingos-e-feriados-entra-em-vigor-em-1o-de-julho","status":"publish","type":"post","link":"https:\/\/noticiasregionais.com.br\/?p=5227","title":{"rendered":"Nova regra para trabalho no com\u00e9rcio aos domingos e feriados entra em vigor em 1\u00ba de julho"},"content":{"rendered":"\n<p><strong>Mudan\u00e7a exige conven\u00e7\u00e3o coletiva para funcionamento em feriados e domingos; setor comercial critica burocracia<\/strong><\/p>\n\n\n\n<p>A partir de <strong>1\u00ba de julho de 2025<\/strong>, entra em vigor a nova regulamenta\u00e7\u00e3o do <strong>Minist\u00e9rio do Trabalho e Emprego (MTE)<\/strong> sobre o funcionamento do com\u00e9rcio aos domingos e feriados. A medida est\u00e1 prevista na <strong>Portaria n\u00ba 3.665\/2023<\/strong>.<\/p>\n\n\n\n<h2 class=\"wp-block-heading\">O que muda com a nova regra?<\/h2>\n\n\n\n<p>A principal altera\u00e7\u00e3o \u00e9 que o funcionamento do com\u00e9rcio nesses dias <strong>s\u00f3 ser\u00e1 permitido se houver previs\u00e3o em Conven\u00e7\u00e3o Coletiva de Trabalho (CCT)<\/strong> \u2014 um acordo firmado entre o sindicato dos trabalhadores e o sindicato patronal. <strong>Feiras livres n\u00e3o est\u00e3o inclu\u00eddas<\/strong> na nova permiss\u00e3o.<\/p>\n\n\n\n<p>Antes, bastava um acordo direto entre patr\u00f5es e empregados para autorizar o trabalho aos domingos e feriados. Agora, esse modelo est\u00e1 revogado.<\/p>\n\n\n\n<h2 class=\"wp-block-heading\">Legisla\u00e7\u00e3o j\u00e1 permitia trabalho nesses dias<\/h2>\n\n\n\n<p>Apesar das mudan\u00e7as, o trabalho no com\u00e9rcio em domingos e feriados <strong>j\u00e1 era permitido por lei<\/strong> h\u00e1 mais de 25 anos. O que muda agora \u00e9 a <strong>exig\u00eancia de media\u00e7\u00e3o sindical<\/strong>, o que segundo especialistas, pode <strong>burocratizar o processo<\/strong>.<\/p>\n\n\n\n<h2 class=\"wp-block-heading\">Especialista critica nova exig\u00eancia<\/h2>\n\n\n\n<p>Para o advogado Washington Barbosa, mestre em Direito das Rela\u00e7\u00f5es Sociais e Trabalhistas, a nova portaria atrasa o progresso das rela\u00e7\u00f5es de trabalho no setor.<\/p>\n\n\n\n<blockquote class=\"wp-block-quote is-layout-flow wp-block-quote-is-layout-flow\">\n<p>\u201cHoje vivemos em uma economia que funciona 24\/7. Essa exig\u00eancia de conven\u00e7\u00e3o coletiva para cada caso s\u00f3 dificulta. Al\u00e9m disso, estamos avan\u00e7ando na valoriza\u00e7\u00e3o dos acordos individuais entre empregador e empregado\u201d, afirma.<\/p>\n<\/blockquote>\n\n\n\n<p>Segundo ele, a medida desconsidera a realidade do mercado, que exige <strong>agilidade e flexibilidade<\/strong> para se manter competitivo.<\/p>\n\n\n\n<h2 class=\"wp-block-heading\">Respeito \u00e0 legisla\u00e7\u00e3o municipal<\/h2>\n\n\n\n<p>A portaria tamb\u00e9m obriga os empregadores a <strong>cumprirem as leis municipais sobre o tema<\/strong>, algo que antes n\u00e3o era exigido. Ou seja, al\u00e9m da CCT, as empresas ter\u00e3o que se adequar \u00e0s normas locais para operar nesses dias.<\/p>\n\n\n\n<h2 class=\"wp-block-heading\">Rea\u00e7\u00f5es e adiamentos<\/h2>\n\n\n\n<p>A nova regra enfrentou resist\u00eancia desde que foi proposta. O governo tentou implement\u00e1-la ainda em 2023, mas <strong>adiou a entrada em vigor diversas vezes<\/strong> ap\u00f3s fortes cr\u00edticas de empres\u00e1rios e parlamentares ligados ao setor comercial.<\/p>\n\n\n\n<p>Para entidades do com\u00e9rcio, a medida representa um <strong>retrocesso<\/strong> e <strong>pode impactar negativamente a economia<\/strong> ao dificultar a opera\u00e7\u00e3o em datas importantes para as vendas.<\/p>\n\n\n\n<hr class=\"wp-block-separator has-alpha-channel-opacity\"\/>\n\n\n\n<p><strong>Fonte:<\/strong> <a class=\"\" href=\"https:\/\/brasil61.com\/n\/regra-sobre-trabalho-no-comercio-aos-domingos-e-feriados-entra-em-vigor-em-julho-bras2513951\" target=\"_blank\" rel=\"noopener\">Brasil 61<\/a><\/p>\n<input type=\"hidden\" id=\"baseurl\" value=\"https:\/\/noticiasregionais.com.br\"><input type=\"hidden\" id=\"audio_nonce\" value=\"533fbb67b1\">","protected":false},"excerpt":{"rendered":"<p>Mudan\u00e7a exige conven\u00e7\u00e3o coletiva para funcionamento em feriados e domingos; setor comercial critica burocracia A partir de 1\u00ba de julho&hellip;<\/p>\n","protected":false},"author":1,"featured_media":3838,"comment_status":"closed","ping_status":"open","sticky":false,"template":"","format":"standard","meta":{"sfsi_plus_gutenberg_text_before_share":"","sfsi_plus_gutenberg_show_text_before_share":"","sfsi_plus_gutenberg_icon_type":"","sfsi_plus_gutenberg_icon_alignemt":"","sfsi_plus_gutenburg_max_per_row":"","footnotes":""},"categories":[8,10,1],"tags":[],"class_list":["post-5227","post","type-post","status-publish","format-standard","has-post-thumbnail","hentry","category-brasil","category-destaques","category-noticias"],"_links":{"self":[{"href":"https:\/\/noticiasregionais.com.br\/index.php?rest_route=\/wp\/v2\/posts\/5227","targetHints":{"allow":["GET"]}}],"collection":[{"href":"https:\/\/noticiasregionais.com.br\/index.php?rest_route=\/wp\/v2\/posts"}],"about":[{"href":"https:\/\/noticiasregionais.com.br\/index.php?rest_route=\/wp\/v2\/types\/post"}],"author":[{"embeddable":true,"href":"https:\/\/noticiasregionais.com.br\/index.php?rest_route=\/wp\/v2\/users\/1"}],"replies":[{"embeddable":true,"href":"https:\/\/noticiasregionais.com.br\/index.php?rest_route=%2Fwp%2Fv2%2Fcomments&post=5227"}],"version-history":[{"count":1,"href":"https:\/\/noticiasregionais.com.br\/index.php?rest_route=\/wp\/v2\/posts\/5227\/revisions"}],"predecessor-version":[{"id":5229,"href":"https:\/\/noticiasregionais.com.br\/index.php?rest_route=\/wp\/v2\/posts\/5227\/revisions\/5229"}],"wp:featuredmedia":[{"embeddable":true,"href":"https:\/\/noticiasregionais.com.br\/index.php?rest_route=\/wp\/v2\/media\/3838"}],"wp:attachment":[{"href":"https:\/\/noticiasregionais.com.br\/index.php?rest_route=%2Fwp%2Fv2%2Fmedia&parent=5227"}],"wp:term":[{"taxonomy":"category","embeddable":true,"href":"https:\/\/noticiasregionais.com.br\/index.php?rest_route=%2Fwp%2Fv2%2Fcategories&post=5227"},{"taxonomy":"post_tag","embeddable":true,"href":"https:\/\/noticiasregionais.com.br\/index.php?rest_route=%2Fwp%2Fv2%2Ftags&post=5227"}],"curies":[{"name":"wp","href":"https:\/\/api.w.org\/{rel}","templated":true}]}}