{"id":5230,"date":"2025-05-13T08:03:15","date_gmt":"2025-05-13T11:03:15","guid":{"rendered":"https:\/\/noticiasregionais.com.br\/?p=5230"},"modified":"2025-05-13T08:03:18","modified_gmt":"2025-05-13T11:03:18","slug":"santa-casa-de-ourinhos-abre-a-semana-da-enfermagem-2025-com-foco-no-autocuidado-dos-profissionais","status":"publish","type":"post","link":"https:\/\/noticiasregionais.com.br\/?p=5230","title":{"rendered":"Santa Casa de Ourinhos abre a Semana da Enfermagem 2025 com foco no autocuidado dos profissionais"},"content":{"rendered":"\n<p>A Santa Casa de Miseric\u00f3rdia de Ourinhos deu in\u00edcio \u00e0 sua tradicional Semana da Enfermagem, que segue at\u00e9 o dia 14 de maio, em celebra\u00e7\u00e3o ao Dia Internacional da Enfermagem e ao Dia do Enfermeiro. A edi\u00e7\u00e3o deste ano traz como tema central \u201cCuidar de si para cuidar do outro\u201d, promovendo uma s\u00e9rie de atividades no Centro de Ensino Enfermeira Eliska Sedl\u00e1k.<\/p>\n\n\n\n<p>A cerim\u00f4nia de abertura contou com a presen\u00e7a do administrador Paulo Ot\u00e1vio, que ressaltou a import\u00e2ncia do evento como uma oportunidade de crescimento e reflex\u00e3o para a equipe. Em sua fala, ele destacou o compromisso com os profissionais da sa\u00fade: \u201cQuero estar dispon\u00edvel para escutar cada um de voc\u00eas e levar as necessidades at\u00e9 a diretoria. Temos recebido muitos elogios sobre a atua\u00e7\u00e3o da equipe de enfermagem, e nosso desafio \u00e9 manter essa excel\u00eancia\u201d.<\/p>\n\n\n\n<p>Na ocasi\u00e3o, a administradora interna Isabel compartilhou um pouco de sua jornada profissional, marcada por 16 anos de dedica\u00e7\u00e3o \u00e0 institui\u00e7\u00e3o. \u201cCheguei aqui buscando um recome\u00e7o, e ao longo desses anos encontrei meu prop\u00f3sito, tanto pessoal quanto profissional. Tenho muito orgulho de fazer parte dessa trajet\u00f3ria\u201d, afirmou, visivelmente emocionada.<\/p>\n\n\n\n<p>A programa\u00e7\u00e3o do dia tamb\u00e9m incluiu a palestra \u201cEntre plant\u00f5es e press\u00f5es: como cuidar de quem cuida\u201d, conduzida pelas psic\u00f3logas \u00c1urea Rodrigues, Fernanda Venerando Martins e Milna dos Santos. A atividade proporcionou reflex\u00f5es importantes sobre a sa\u00fade mental e o bem-estar dos profissionais de enfermagem.<\/p>\n\n\n\n<p>Encerrando o primeiro dia de atividades, foram sorteados brindes aos participantes, em um gesto simb\u00f3lico de reconhecimento e valoriza\u00e7\u00e3o do trabalho desempenhado pela equipe.<\/p>\n\n\n\n<p>As a\u00e7\u00f5es seguem nesta ter\u00e7a-feira (13), com a palestra \u201cGest\u00e3o do estresse no trabalho da enfermagem\u201d, ministrada pelo Dr. Luciano F. Rodrigues Filho. J\u00e1 na quarta-feira (14), a programa\u00e7\u00e3o se encerra com a roda de conversa \u201cBurnout e medicamentos: riscos invis\u00edveis na pr\u00e1tica da enfermagem\u201d, conduzida pelo Dr. Bruno Daniel Rasmussem Chaves.<\/p>\n\n\n\n<figure class=\"wp-block-gallery has-nested-images columns-4 is-cropped wp-block-gallery-1 is-layout-flex wp-block-gallery-is-layout-flex\">\n<figure class=\"wp-block-image size-large\"><a href=\"https:\/\/noticiasregionais.com.br\/wp-content\/uploads\/2025\/05\/WhatsApp-Image-2025-05-12-at-18.54.16.jpeg\"><img decoding=\"async\" width=\"1024\" height=\"576\" data-id=\"5237\" src=\"https:\/\/noticiasregionais.com.br\/wp-content\/uploads\/2025\/05\/WhatsApp-Image-2025-05-12-at-18.54.16-1024x576.jpeg\" alt=\"\" class=\"wp-image-5237\" srcset=\"https:\/\/noticiasregionais.com.br\/wp-content\/uploads\/2025\/05\/WhatsApp-Image-2025-05-12-at-18.54.16-1024x576.jpeg 1024w, https:\/\/noticiasregionais.com.br\/wp-content\/uploads\/2025\/05\/WhatsApp-Image-2025-05-12-at-18.54.16-300x169.jpeg 300w, https:\/\/noticiasregionais.com.br\/wp-content\/uploads\/2025\/05\/WhatsApp-Image-2025-05-12-at-18.54.16-768x432.jpeg 768w, https:\/\/noticiasregionais.com.br\/wp-content\/uploads\/2025\/05\/WhatsApp-Image-2025-05-12-at-18.54.16-1536x864.jpeg 1536w, https:\/\/noticiasregionais.com.br\/wp-content\/uploads\/2025\/05\/WhatsApp-Image-2025-05-12-at-18.54.16.jpeg 1600w\" sizes=\"(max-width: 1024px) 100vw, 1024px\" \/><\/a><\/figure>\n\n\n\n<figure class=\"wp-block-image size-large\"><a href=\"https:\/\/noticiasregionais.com.br\/wp-content\/uploads\/2025\/05\/WhatsApp-Image-2025-05-12-at-19.11.28.jpeg\"><img decoding=\"async\" width=\"768\" height=\"1024\" data-id=\"5232\" src=\"https:\/\/noticiasregionais.com.br\/wp-content\/uploads\/2025\/05\/WhatsApp-Image-2025-05-12-at-19.11.28-768x1024.jpeg\" alt=\"\" class=\"wp-image-5232\" srcset=\"https:\/\/noticiasregionais.com.br\/wp-content\/uploads\/2025\/05\/WhatsApp-Image-2025-05-12-at-19.11.28-768x1024.jpeg 768w, https:\/\/noticiasregionais.com.br\/wp-content\/uploads\/2025\/05\/WhatsApp-Image-2025-05-12-at-19.11.28-225x300.jpeg 225w, https:\/\/noticiasregionais.com.br\/wp-content\/uploads\/2025\/05\/WhatsApp-Image-2025-05-12-at-19.11.28-1152x1536.jpeg 1152w, https:\/\/noticiasregionais.com.br\/wp-content\/uploads\/2025\/05\/WhatsApp-Image-2025-05-12-at-19.11.28.jpeg 1200w\" sizes=\"(max-width: 768px) 100vw, 768px\" \/><\/a><\/figure>\n\n\n\n<figure class=\"wp-block-image size-large\"><a href=\"https:\/\/noticiasregionais.com.br\/wp-content\/uploads\/2025\/05\/WhatsApp-Image-2025-05-12-at-18.54.37.jpeg\"><img decoding=\"async\" width=\"576\" height=\"1024\" data-id=\"5236\" src=\"https:\/\/noticiasregionais.com.br\/wp-content\/uploads\/2025\/05\/WhatsApp-Image-2025-05-12-at-18.54.37-576x1024.jpeg\" alt=\"\" class=\"wp-image-5236\" srcset=\"https:\/\/noticiasregionais.com.br\/wp-content\/uploads\/2025\/05\/WhatsApp-Image-2025-05-12-at-18.54.37-576x1024.jpeg 576w, https:\/\/noticiasregionais.com.br\/wp-content\/uploads\/2025\/05\/WhatsApp-Image-2025-05-12-at-18.54.37-169x300.jpeg 169w, https:\/\/noticiasregionais.com.br\/wp-content\/uploads\/2025\/05\/WhatsApp-Image-2025-05-12-at-18.54.37-768x1365.jpeg 768w, https:\/\/noticiasregionais.com.br\/wp-content\/uploads\/2025\/05\/WhatsApp-Image-2025-05-12-at-18.54.37-864x1536.jpeg 864w, https:\/\/noticiasregionais.com.br\/wp-content\/uploads\/2025\/05\/WhatsApp-Image-2025-05-12-at-18.54.37.jpeg 900w\" sizes=\"(max-width: 576px) 100vw, 576px\" \/><\/a><\/figure>\n\n\n\n<figure class=\"wp-block-image size-large\"><a href=\"https:\/\/noticiasregionais.com.br\/wp-content\/uploads\/2025\/05\/WhatsApp-Image-2025-05-12-at-19.11.24.jpeg\"><img decoding=\"async\" width=\"768\" height=\"1024\" data-id=\"5233\" src=\"https:\/\/noticiasregionais.com.br\/wp-content\/uploads\/2025\/05\/WhatsApp-Image-2025-05-12-at-19.11.24-768x1024.jpeg\" alt=\"\" class=\"wp-image-5233\" srcset=\"https:\/\/noticiasregionais.com.br\/wp-content\/uploads\/2025\/05\/WhatsApp-Image-2025-05-12-at-19.11.24-768x1024.jpeg 768w, https:\/\/noticiasregionais.com.br\/wp-content\/uploads\/2025\/05\/WhatsApp-Image-2025-05-12-at-19.11.24-225x300.jpeg 225w, https:\/\/noticiasregionais.com.br\/wp-content\/uploads\/2025\/05\/WhatsApp-Image-2025-05-12-at-19.11.24-1152x1536.jpeg 1152w, https:\/\/noticiasregionais.com.br\/wp-content\/uploads\/2025\/05\/WhatsApp-Image-2025-05-12-at-19.11.24.jpeg 1200w\" sizes=\"(max-width: 768px) 100vw, 768px\" \/><\/a><\/figure>\n\n\n\n<figure class=\"wp-block-image size-large\"><a href=\"https:\/\/noticiasregionais.com.br\/wp-content\/uploads\/2025\/05\/WhatsApp-Image-2025-05-12-at-18.54.17.jpeg\"><img decoding=\"async\" width=\"576\" height=\"1024\" data-id=\"5235\" src=\"https:\/\/noticiasregionais.com.br\/wp-content\/uploads\/2025\/05\/WhatsApp-Image-2025-05-12-at-18.54.17-576x1024.jpeg\" alt=\"\" class=\"wp-image-5235\" srcset=\"https:\/\/noticiasregionais.com.br\/wp-content\/uploads\/2025\/05\/WhatsApp-Image-2025-05-12-at-18.54.17-576x1024.jpeg 576w, https:\/\/noticiasregionais.com.br\/wp-content\/uploads\/2025\/05\/WhatsApp-Image-2025-05-12-at-18.54.17-169x300.jpeg 169w, https:\/\/noticiasregionais.com.br\/wp-content\/uploads\/2025\/05\/WhatsApp-Image-2025-05-12-at-18.54.17-768x1365.jpeg 768w, https:\/\/noticiasregionais.com.br\/wp-content\/uploads\/2025\/05\/WhatsApp-Image-2025-05-12-at-18.54.17-864x1536.jpeg 864w, https:\/\/noticiasregionais.com.br\/wp-content\/uploads\/2025\/05\/WhatsApp-Image-2025-05-12-at-18.54.17.jpeg 900w\" sizes=\"(max-width: 576px) 100vw, 576px\" \/><\/a><\/figure>\n\n\n\n<figure class=\"wp-block-image size-large\"><a href=\"https:\/\/noticiasregionais.com.br\/wp-content\/uploads\/2025\/05\/WhatsApp-Image-2025-05-12-at-19.11.23.jpeg\"><img decoding=\"async\" width=\"768\" height=\"1024\" data-id=\"5234\" src=\"https:\/\/noticiasregionais.com.br\/wp-content\/uploads\/2025\/05\/WhatsApp-Image-2025-05-12-at-19.11.23-768x1024.jpeg\" alt=\"\" class=\"wp-image-5234\" srcset=\"https:\/\/noticiasregionais.com.br\/wp-content\/uploads\/2025\/05\/WhatsApp-Image-2025-05-12-at-19.11.23-768x1024.jpeg 768w, https:\/\/noticiasregionais.com.br\/wp-content\/uploads\/2025\/05\/WhatsApp-Image-2025-05-12-at-19.11.23-225x300.jpeg 225w, https:\/\/noticiasregionais.com.br\/wp-content\/uploads\/2025\/05\/WhatsApp-Image-2025-05-12-at-19.11.23-1152x1536.jpeg 1152w, https:\/\/noticiasregionais.com.br\/wp-content\/uploads\/2025\/05\/WhatsApp-Image-2025-05-12-at-19.11.23.jpeg 1200w\" sizes=\"(max-width: 768px) 100vw, 768px\" \/><\/a><\/figure>\n\n\n\n<figure class=\"wp-block-image size-large\"><a href=\"https:\/\/noticiasregionais.com.br\/wp-content\/uploads\/2025\/05\/WhatsApp-Image-2025-05-12-at-18.54.151.jpeg\"><img decoding=\"async\" width=\"576\" height=\"1024\" data-id=\"5238\" src=\"https:\/\/noticiasregionais.com.br\/wp-content\/uploads\/2025\/05\/WhatsApp-Image-2025-05-12-at-18.54.151-576x1024.jpeg\" alt=\"\" class=\"wp-image-5238\" srcset=\"https:\/\/noticiasregionais.com.br\/wp-content\/uploads\/2025\/05\/WhatsApp-Image-2025-05-12-at-18.54.151-576x1024.jpeg 576w, https:\/\/noticiasregionais.com.br\/wp-content\/uploads\/2025\/05\/WhatsApp-Image-2025-05-12-at-18.54.151-169x300.jpeg 169w, https:\/\/noticiasregionais.com.br\/wp-content\/uploads\/2025\/05\/WhatsApp-Image-2025-05-12-at-18.54.151-768x1365.jpeg 768w, https:\/\/noticiasregionais.com.br\/wp-content\/uploads\/2025\/05\/WhatsApp-Image-2025-05-12-at-18.54.151-864x1536.jpeg 864w, https:\/\/noticiasregionais.com.br\/wp-content\/uploads\/2025\/05\/WhatsApp-Image-2025-05-12-at-18.54.151.jpeg 900w\" sizes=\"(max-width: 576px) 100vw, 576px\" \/><\/a><\/figure>\n<\/figure>\n<input type=\"hidden\" id=\"baseurl\" value=\"https:\/\/noticiasregionais.com.br\"><input type=\"hidden\" id=\"audio_nonce\" value=\"533fbb67b1\">","protected":false},"excerpt":{"rendered":"<p>A Santa Casa de Miseric\u00f3rdia de Ourinhos deu in\u00edcio \u00e0 sua tradicional Semana da Enfermagem, que segue at\u00e9 o dia&hellip;<\/p>\n","protected":false},"author":1,"featured_media":5231,"comment_status":"closed","ping_status":"open","sticky":false,"template":"","format":"standard","meta":{"sfsi_plus_gutenberg_text_before_share":"","sfsi_plus_gutenberg_show_text_before_share":"","sfsi_plus_gutenberg_icon_type":"","sfsi_plus_gutenberg_icon_alignemt":"","sfsi_plus_gutenburg_max_per_row":"","footnotes":""},"categories":[5,10,1],"tags":[],"class_list":["post-5230","post","type-post","status-publish","format-standard","has-post-thumbnail","hentry","category-ourinhos","category-destaques","category-noticias"],"_links":{"self":[{"href":"https:\/\/noticiasregionais.com.br\/index.php?rest_route=\/wp\/v2\/posts\/5230","targetHints":{"allow":["GET"]}}],"collection":[{"href":"https:\/\/noticiasregionais.com.br\/index.php?rest_route=\/wp\/v2\/posts"}],"about":[{"href":"https:\/\/noticiasregionais.com.br\/index.php?rest_route=\/wp\/v2\/types\/post"}],"author":[{"embeddable":true,"href":"https:\/\/noticiasregionais.com.br\/index.php?rest_route=\/wp\/v2\/users\/1"}],"replies":[{"embeddable":true,"href":"https:\/\/noticiasregionais.com.br\/index.php?rest_route=%2Fwp%2Fv2%2Fcomments&post=5230"}],"version-history":[{"count":1,"href":"https:\/\/noticiasregionais.com.br\/index.php?rest_route=\/wp\/v2\/posts\/5230\/revisions"}],"predecessor-version":[{"id":5239,"href":"https:\/\/noticiasregionais.com.br\/index.php?rest_route=\/wp\/v2\/posts\/5230\/revisions\/5239"}],"wp:featuredmedia":[{"embeddable":true,"href":"https:\/\/noticiasregionais.com.br\/index.php?rest_route=\/wp\/v2\/media\/5231"}],"wp:attachment":[{"href":"https:\/\/noticiasregionais.com.br\/index.php?rest_route=%2Fwp%2Fv2%2Fmedia&parent=5230"}],"wp:term":[{"taxonomy":"category","embeddable":true,"href":"https:\/\/noticiasregionais.com.br\/index.php?rest_route=%2Fwp%2Fv2%2Fcategories&post=5230"},{"taxonomy":"post_tag","embeddable":true,"href":"https:\/\/noticiasregionais.com.br\/index.php?rest_route=%2Fwp%2Fv2%2Ftags&post=5230"}],"curies":[{"name":"wp","href":"https:\/\/api.w.org\/{rel}","templated":true}]}}