{"id":5240,"date":"2025-05-13T08:17:15","date_gmt":"2025-05-13T11:17:15","guid":{"rendered":"https:\/\/noticiasregionais.com.br\/?p=5240"},"modified":"2025-05-13T08:17:17","modified_gmt":"2025-05-13T11:17:17","slug":"cdhu-realiza-plantao-de-regularizacao-no-cras-ii-no-proximo-sabado-17-05-2025","status":"publish","type":"post","link":"https:\/\/noticiasregionais.com.br\/?p=5240","title":{"rendered":"CDHU realiza Plant\u00e3o de Regulariza\u00e7\u00e3o no CRAS II no pr\u00f3ximo s\u00e1bado (17\/05\/2025)"},"content":{"rendered":"\n<p>A CDHU, por meio da Secretaria de Desenvolvimento Urbano e Habita\u00e7\u00e3o do Governo do Estado de S\u00e3o Paulo, realizar\u00e1 um plant\u00e3o especial de atendimento no dia 17 de maio, a partir das 9h, nas depend\u00eancias do CRAS II, com encerramento \u00e0s 16h.<\/p>\n\n\n\n<p>Esta \u00e9 a oportunidade ideal para regulariza\u00e7\u00e3o financeira das parcelas do financiamento em atraso com condi\u00e7\u00f5es facilitadas. Outros servi\u00e7os como emiss\u00e3o de boletos, acordos e reacordos, orienta\u00e7\u00f5es sobre transfer\u00eancias de financiamento, revis\u00e3o das presta\u00e7\u00f5es e escrituras, entre outros relacionados com a CDHU, estar\u00e3o dispon\u00edveis para a popula\u00e7\u00e3o interessada.<\/p>\n\n\n\n<p>O CRAS II est\u00e1 localizado na Rua Vicente Ernesto de Lucca, 550, Jardim Anchieta. Em caso de d\u00favidas, basta ligar no \u201cAl\u00f4 CDHU\u201d no telefone 0800 000 2348.<\/p>\n\n\n\n<figure class=\"wp-block-gallery has-nested-images columns-2 wp-block-gallery-1 is-layout-flex wp-block-gallery-is-layout-flex\">\n<figure class=\"wp-block-image size-full\"><img decoding=\"async\" width=\"1600\" height=\"1600\" data-id=\"5242\" src=\"https:\/\/noticiasregionais.com.br\/wp-content\/uploads\/2025\/05\/WhatsApp-Image-2025-05-12-at-17.15.53.jpeg\" alt=\"\" class=\"wp-image-5242\" srcset=\"https:\/\/noticiasregionais.com.br\/wp-content\/uploads\/2025\/05\/WhatsApp-Image-2025-05-12-at-17.15.53.jpeg 1600w, https:\/\/noticiasregionais.com.br\/wp-content\/uploads\/2025\/05\/WhatsApp-Image-2025-05-12-at-17.15.53-300x300.jpeg 300w, https:\/\/noticiasregionais.com.br\/wp-content\/uploads\/2025\/05\/WhatsApp-Image-2025-05-12-at-17.15.53-1024x1024.jpeg 1024w, https:\/\/noticiasregionais.com.br\/wp-content\/uploads\/2025\/05\/WhatsApp-Image-2025-05-12-at-17.15.53-150x150.jpeg 150w, https:\/\/noticiasregionais.com.br\/wp-content\/uploads\/2025\/05\/WhatsApp-Image-2025-05-12-at-17.15.53-768x768.jpeg 768w, https:\/\/noticiasregionais.com.br\/wp-content\/uploads\/2025\/05\/WhatsApp-Image-2025-05-12-at-17.15.53-1536x1536.jpeg 1536w\" sizes=\"(max-width: 1600px) 100vw, 1600px\" \/><\/figure>\n\n\n\n<figure class=\"wp-block-image size-full\"><img decoding=\"async\" width=\"1600\" height=\"1600\" data-id=\"5244\" src=\"https:\/\/noticiasregionais.com.br\/wp-content\/uploads\/2025\/05\/WhatsApp-Image-2025-05-12-at-17.15.55.jpeg\" alt=\"\" class=\"wp-image-5244\" srcset=\"https:\/\/noticiasregionais.com.br\/wp-content\/uploads\/2025\/05\/WhatsApp-Image-2025-05-12-at-17.15.55.jpeg 1600w, https:\/\/noticiasregionais.com.br\/wp-content\/uploads\/2025\/05\/WhatsApp-Image-2025-05-12-at-17.15.55-300x300.jpeg 300w, https:\/\/noticiasregionais.com.br\/wp-content\/uploads\/2025\/05\/WhatsApp-Image-2025-05-12-at-17.15.55-1024x1024.jpeg 1024w, https:\/\/noticiasregionais.com.br\/wp-content\/uploads\/2025\/05\/WhatsApp-Image-2025-05-12-at-17.15.55-150x150.jpeg 150w, https:\/\/noticiasregionais.com.br\/wp-content\/uploads\/2025\/05\/WhatsApp-Image-2025-05-12-at-17.15.55-768x768.jpeg 768w, https:\/\/noticiasregionais.com.br\/wp-content\/uploads\/2025\/05\/WhatsApp-Image-2025-05-12-at-17.15.55-1536x1536.jpeg 1536w\" sizes=\"(max-width: 1600px) 100vw, 1600px\" \/><\/figure>\n<\/figure>\n<input type=\"hidden\" id=\"baseurl\" value=\"https:\/\/noticiasregionais.com.br\"><input type=\"hidden\" id=\"audio_nonce\" value=\"3cdc555a10\">","protected":false},"excerpt":{"rendered":"<p>A CDHU, por meio da Secretaria de Desenvolvimento Urbano e Habita\u00e7\u00e3o do Governo do Estado de S\u00e3o Paulo, realizar\u00e1 um&hellip;<\/p>\n","protected":false},"author":1,"featured_media":5245,"comment_status":"closed","ping_status":"open","sticky":false,"template":"","format":"standard","meta":{"sfsi_plus_gutenberg_text_before_share":"","sfsi_plus_gutenberg_show_text_before_share":"","sfsi_plus_gutenberg_icon_type":"","sfsi_plus_gutenberg_icon_alignemt":"","sfsi_plus_gutenburg_max_per_row":"","footnotes":""},"categories":[5,12,1],"tags":[16],"class_list":["post-5240","post","type-post","status-publish","format-standard","has-post-thumbnail","hentry","category-ourinhos","category-capa","category-noticias","tag-ourinhos"],"_links":{"self":[{"href":"https:\/\/noticiasregionais.com.br\/index.php?rest_route=\/wp\/v2\/posts\/5240","targetHints":{"allow":["GET"]}}],"collection":[{"href":"https:\/\/noticiasregionais.com.br\/index.php?rest_route=\/wp\/v2\/posts"}],"about":[{"href":"https:\/\/noticiasregionais.com.br\/index.php?rest_route=\/wp\/v2\/types\/post"}],"author":[{"embeddable":true,"href":"https:\/\/noticiasregionais.com.br\/index.php?rest_route=\/wp\/v2\/users\/1"}],"replies":[{"embeddable":true,"href":"https:\/\/noticiasregionais.com.br\/index.php?rest_route=%2Fwp%2Fv2%2Fcomments&post=5240"}],"version-history":[{"count":1,"href":"https:\/\/noticiasregionais.com.br\/index.php?rest_route=\/wp\/v2\/posts\/5240\/revisions"}],"predecessor-version":[{"id":5246,"href":"https:\/\/noticiasregionais.com.br\/index.php?rest_route=\/wp\/v2\/posts\/5240\/revisions\/5246"}],"wp:featuredmedia":[{"embeddable":true,"href":"https:\/\/noticiasregionais.com.br\/index.php?rest_route=\/wp\/v2\/media\/5245"}],"wp:attachment":[{"href":"https:\/\/noticiasregionais.com.br\/index.php?rest_route=%2Fwp%2Fv2%2Fmedia&parent=5240"}],"wp:term":[{"taxonomy":"category","embeddable":true,"href":"https:\/\/noticiasregionais.com.br\/index.php?rest_route=%2Fwp%2Fv2%2Fcategories&post=5240"},{"taxonomy":"post_tag","embeddable":true,"href":"https:\/\/noticiasregionais.com.br\/index.php?rest_route=%2Fwp%2Fv2%2Ftags&post=5240"}],"curies":[{"name":"wp","href":"https:\/\/api.w.org\/{rel}","templated":true}]}}