{"id":5247,"date":"2025-06-02T08:00:00","date_gmt":"2025-06-02T11:00:00","guid":{"rendered":"https:\/\/noticiasregionais.com.br\/?p=5247"},"modified":"2025-06-02T08:34:16","modified_gmt":"2025-06-02T11:34:16","slug":"quebrou-seus-oculos-krystal-otica-e-a-solucao","status":"publish","type":"post","link":"https:\/\/noticiasregionais.com.br\/?p=5247","title":{"rendered":"Krystal \u00d3tica: Tradi\u00e7\u00e3o, Qualidade e Pre\u00e7os Acess\u00edveis no Cora\u00e7\u00e3o de Ourinhos"},"content":{"rendered":"\n<p>H\u00e1 27 anos no Cal\u00e7ad\u00e3o da Rua Paran\u00e1, a <strong>Krystal \u00d3tica<\/strong> se consolidou como refer\u00eancia em Ourinhos e regi\u00e3o quando o assunto \u00e9 cuidado com a vis\u00e3o. Mais do que vender \u00f3culos, a loja se destaca pelo atendimento humanizado, pela experi\u00eancia no setor e por oferecer solu\u00e7\u00f5es r\u00e1pidas e eficientes para quem precisa de manuten\u00e7\u00e3o, reposi\u00e7\u00e3o de pe\u00e7as, higieniza\u00e7\u00e3o ou consertos em geral.<\/p>\n\n\n\n<p>Seja uma haste quebrada, parafusos soltos ou lentes desalinhadas, os imprevistos com \u00f3culos s\u00e3o comuns \u2014 e \u00e9 justamente nesse momento que a Krystal mostra sua for\u00e7a. Localizada no n\u00famero 344 da Rua Paran\u00e1, bem no cora\u00e7\u00e3o do com\u00e9rcio central da cidade, a \u00f3tica oferece servi\u00e7os especializados com uma equipe treinada para atender cada cliente com aten\u00e7\u00e3o e agilidade.<\/p>\n\n\n\n<p>\u201cNossa miss\u00e3o \u00e9 garantir que os \u00f3culos dos nossos clientes estejam sempre prontos para o dia a dia, com conforto, durabilidade e seguran\u00e7a\u201d, afirma a equipe da Krystal, que tamb\u00e9m orienta sobre os melhores cuidados com arma\u00e7\u00f5es e lentes, al\u00e9m de realizar limpezas profissionais que aumentam a vida \u00fatil dos produtos.<\/p>\n\n\n\n<p>E n\u00e3o para por a\u00ed! A Krystal \u00d3tica tamb\u00e9m \u00e9 sin\u00f4nimo de economia: oferece <strong>arma\u00e7\u00f5es a partir de R$50<\/strong>, <strong>lentes com antirreflexo por R$100<\/strong> e com <strong>filtro azul para computador por apenas R$195<\/strong>. As lentes de contato saem por <strong>R$90 o par<\/strong>, e ainda tem <strong>descontos de at\u00e9 50%<\/strong> e <strong>parcelamento em at\u00e9 10x sem juros<\/strong>.<\/p>\n\n\n\n<p>Para completar, a Krystal agenda sua consulta com super desconto e atendimento r\u00e1pido. Um servi\u00e7o completo, do exame \u00e0 entrega dos \u00f3culos \u2014 tudo com o padr\u00e3o de qualidade que a cidade conhece e confia.<\/p>\n\n\n\n<p>\ud83d\udccd <strong>Endere\u00e7o<\/strong>: Rua Paran\u00e1, 344 \u2013 Cal\u00e7ad\u00e3o, Centro \u2013 Ourinhos<br>\ud83d\udd58 <strong>Hor\u00e1rio de atendimento<\/strong>: Segunda a s\u00e1bado, das 9h \u00e0s 18h<br>\ud83d\udcde <strong>Contatos<\/strong>: (44) 3326-4425 | (14) 99864-6146 (WhatsApp)<\/p>\n\n\n\n<p>\ud83d\udd27 Reposi\u00e7\u00e3o \u2013 Manuten\u00e7\u00e3o \u2013 Higieniza\u00e7\u00e3o \u2013 Consertos em geral<br>\ud83d\udc53 <strong>Se quebrou, a Krystal \u00d3tica resolve com excel\u00eancia!<\/strong><\/p>\n\n\n\n<p><strong>Krystal \u00d3tica \u2013 tradi\u00e7\u00e3o, confian\u00e7a e o pre\u00e7o que voc\u00ea merece!<\/strong><\/p>\n\n\n\n<p><\/p>\n<input type=\"hidden\" id=\"baseurl\" value=\"https:\/\/noticiasregionais.com.br\"><input type=\"hidden\" id=\"audio_nonce\" value=\"533fbb67b1\">","protected":false},"excerpt":{"rendered":"<p>H\u00e1 27 anos no Cal\u00e7ad\u00e3o da Rua Paran\u00e1, a Krystal \u00d3tica se consolidou como refer\u00eancia em Ourinhos e regi\u00e3o quando&hellip;<\/p>\n","protected":false},"author":1,"featured_media":5248,"comment_status":"closed","ping_status":"open","sticky":false,"template":"","format":"standard","meta":{"sfsi_plus_gutenberg_text_before_share":"","sfsi_plus_gutenberg_show_text_before_share":"","sfsi_plus_gutenberg_icon_type":"","sfsi_plus_gutenberg_icon_alignemt":"","sfsi_plus_gutenburg_max_per_row":"","footnotes":""},"categories":[13,10,1],"tags":[16],"class_list":["post-5247","post","type-post","status-publish","format-standard","has-post-thumbnail","hentry","category-parceiros","category-destaques","category-noticias","tag-ourinhos"],"_links":{"self":[{"href":"https:\/\/noticiasregionais.com.br\/index.php?rest_route=\/wp\/v2\/posts\/5247","targetHints":{"allow":["GET"]}}],"collection":[{"href":"https:\/\/noticiasregionais.com.br\/index.php?rest_route=\/wp\/v2\/posts"}],"about":[{"href":"https:\/\/noticiasregionais.com.br\/index.php?rest_route=\/wp\/v2\/types\/post"}],"author":[{"embeddable":true,"href":"https:\/\/noticiasregionais.com.br\/index.php?rest_route=\/wp\/v2\/users\/1"}],"replies":[{"embeddable":true,"href":"https:\/\/noticiasregionais.com.br\/index.php?rest_route=%2Fwp%2Fv2%2Fcomments&post=5247"}],"version-history":[{"count":2,"href":"https:\/\/noticiasregionais.com.br\/index.php?rest_route=\/wp\/v2\/posts\/5247\/revisions"}],"predecessor-version":[{"id":5478,"href":"https:\/\/noticiasregionais.com.br\/index.php?rest_route=\/wp\/v2\/posts\/5247\/revisions\/5478"}],"wp:featuredmedia":[{"embeddable":true,"href":"https:\/\/noticiasregionais.com.br\/index.php?rest_route=\/wp\/v2\/media\/5248"}],"wp:attachment":[{"href":"https:\/\/noticiasregionais.com.br\/index.php?rest_route=%2Fwp%2Fv2%2Fmedia&parent=5247"}],"wp:term":[{"taxonomy":"category","embeddable":true,"href":"https:\/\/noticiasregionais.com.br\/index.php?rest_route=%2Fwp%2Fv2%2Fcategories&post=5247"},{"taxonomy":"post_tag","embeddable":true,"href":"https:\/\/noticiasregionais.com.br\/index.php?rest_route=%2Fwp%2Fv2%2Ftags&post=5247"}],"curies":[{"name":"wp","href":"https:\/\/api.w.org\/{rel}","templated":true}]}}