{"id":525,"date":"2023-09-22T20:46:18","date_gmt":"2023-09-22T23:46:18","guid":{"rendered":"https:\/\/noticiasregionais.com.br\/?p=525"},"modified":"2023-09-22T20:46:18","modified_gmt":"2023-09-22T23:46:18","slug":"policia-militar-prende-4-pessoas-por-furto-e-receptacao-em-santa-cruz","status":"publish","type":"post","link":"https:\/\/noticiasregionais.com.br\/?p=525","title":{"rendered":"Pol\u00edcia Militar prende 4 pessoas por furto e recepta\u00e7\u00e3o em Santa Cruz"},"content":{"rendered":"\n<p>A Pol\u00edcia Militar prendeu quatro pessoas em flagrante por furto e recepta\u00e7\u00e3o na madrugada desta quinta-feira (21), na Rua Jos\u00e9 Ephifanio Botelho, no Centro de Santa Cruz do Rio Pardo.<\/p>\n\n\n\n<p>Segundo a pol\u00edcia, dois homens e uma mulher foram presos por furtar um estabelecimento comercial. Eles arrombaram a porta do local e levaram roupas, um frasco de perfume e caixas vazias de celulares.<\/p>\n\n\n\n<p>Em entrevista, um dos autores apontou o receptador das roupas. O homem tamb\u00e9m foi localizado e preso.<\/p>\n\n\n\n<p>Os itens recuperados (onze camisetas e um frasco de perfume) foram restitu\u00eddos ao leg\u00edtimo dono ap\u00f3s registro da ocorr\u00eancia na Central de Pol\u00edcia Judici\u00e1ria em Ourinhos.<\/p>\n\n\n\n<p>Os quatro suspeitos foram encaminhados \u00e0 Cadeia P\u00fablica de Santa Cruz do Rio Pardo, onde permanecer\u00e3o \u00e0 disposi\u00e7\u00e3o da Justi\u00e7a.<\/p>\n\n\n\n<p><strong>Detalhes da ocorr\u00eancia<\/strong><\/p>\n\n\n\n<p>A ocorr\u00eancia foi registrada por volta das 02h30min desta quinta-feira. Os policiais do 31\u00ba Batalh\u00e3o de Pol\u00edcia Militar do Interior receberam informa\u00e7\u00f5es sobre um arrombamento seguido de furto em um estabelecimento comercial na Rua Jos\u00e9 Ephifanio Botelho.<\/p>\n\n\n\n<p>Os policiais foram at\u00e9 o local e encontraram os dois homens e a mulher saindo do estabelecimento com os produtos furtados. Eles foram abordados e confessaram o crime.<\/p>\n\n\n\n<p>Em entrevista, um dos autores apontou o receptador das roupas. O homem tamb\u00e9m foi localizado e preso.<\/p>\n\n\n\n<p>Os itens recuperados foram restitu\u00eddos ao leg\u00edtimo dono.<\/p>\n\n\n\n<p><strong>A\u00e7\u00e3o da pol\u00edcia<\/strong><\/p>\n\n\n\n<p>A pris\u00e3o dos quatro suspeitos \u00e9 resultado do trabalho de investiga\u00e7\u00e3o da Pol\u00edcia Militar. Os policiais realizaram dilig\u00eancias e conseguiram prender os autores em flagrante.<\/p>\n\n\n\n<p>A a\u00e7\u00e3o da pol\u00edcia contribui para a redu\u00e7\u00e3o da criminalidade e para a sensa\u00e7\u00e3o de seguran\u00e7a da popula\u00e7\u00e3o.<\/p>\n<input type=\"hidden\" id=\"baseurl\" value=\"https:\/\/noticiasregionais.com.br\"><input type=\"hidden\" id=\"audio_nonce\" value=\"533fbb67b1\">","protected":false},"excerpt":{"rendered":"<p>A Pol\u00edcia Militar prendeu quatro pessoas em flagrante por furto e recepta\u00e7\u00e3o na madrugada desta quinta-feira (21), na Rua Jos\u00e9&hellip;<\/p>\n","protected":false},"author":1,"featured_media":526,"comment_status":"closed","ping_status":"open","sticky":false,"template":"","format":"standard","meta":{"sfsi_plus_gutenberg_text_before_share":"","sfsi_plus_gutenberg_show_text_before_share":"","sfsi_plus_gutenberg_icon_type":"","sfsi_plus_gutenberg_icon_alignemt":"","sfsi_plus_gutenburg_max_per_row":"","footnotes":""},"categories":[6,10,1],"tags":[],"class_list":["post-525","post","type-post","status-publish","format-standard","has-post-thumbnail","hentry","category-sao_paulo","category-destaques","category-noticias"],"_links":{"self":[{"href":"https:\/\/noticiasregionais.com.br\/index.php?rest_route=\/wp\/v2\/posts\/525","targetHints":{"allow":["GET"]}}],"collection":[{"href":"https:\/\/noticiasregionais.com.br\/index.php?rest_route=\/wp\/v2\/posts"}],"about":[{"href":"https:\/\/noticiasregionais.com.br\/index.php?rest_route=\/wp\/v2\/types\/post"}],"author":[{"embeddable":true,"href":"https:\/\/noticiasregionais.com.br\/index.php?rest_route=\/wp\/v2\/users\/1"}],"replies":[{"embeddable":true,"href":"https:\/\/noticiasregionais.com.br\/index.php?rest_route=%2Fwp%2Fv2%2Fcomments&post=525"}],"version-history":[{"count":1,"href":"https:\/\/noticiasregionais.com.br\/index.php?rest_route=\/wp\/v2\/posts\/525\/revisions"}],"predecessor-version":[{"id":527,"href":"https:\/\/noticiasregionais.com.br\/index.php?rest_route=\/wp\/v2\/posts\/525\/revisions\/527"}],"wp:featuredmedia":[{"embeddable":true,"href":"https:\/\/noticiasregionais.com.br\/index.php?rest_route=\/wp\/v2\/media\/526"}],"wp:attachment":[{"href":"https:\/\/noticiasregionais.com.br\/index.php?rest_route=%2Fwp%2Fv2%2Fmedia&parent=525"}],"wp:term":[{"taxonomy":"category","embeddable":true,"href":"https:\/\/noticiasregionais.com.br\/index.php?rest_route=%2Fwp%2Fv2%2Fcategories&post=525"},{"taxonomy":"post_tag","embeddable":true,"href":"https:\/\/noticiasregionais.com.br\/index.php?rest_route=%2Fwp%2Fv2%2Ftags&post=525"}],"curies":[{"name":"wp","href":"https:\/\/api.w.org\/{rel}","templated":true}]}}