{"id":5250,"date":"2025-05-14T08:05:29","date_gmt":"2025-05-14T11:05:29","guid":{"rendered":"https:\/\/noticiasregionais.com.br\/?p=5250"},"modified":"2025-05-14T08:05:41","modified_gmt":"2025-05-14T11:05:41","slug":"prefeitura-de-ourinhos-realiza-plantio-de-19-arvores-na-nascente-do-corrego-jacuzinho","status":"publish","type":"post","link":"https:\/\/noticiasregionais.com.br\/?p=5250","title":{"rendered":"Prefeitura de Ourinhos realiza plantio de 19 \u00e1rvores na nascente do c\u00f3rrego Jacuzinho"},"content":{"rendered":"\n<p>A nascente do C\u00f3rrego Jacuzinho, situada no bairro Jardim Matilde, nas proximidades da C\u00e2mara Municipal de Ourinhos, foi contemplada com o plantio de 19 \u00e1rvores nativas. A iniciativa foi promovida pela Prefeitura, por meio da Secretaria Municipal de Meio Ambiente e Agricultura, como parte de um programa cont\u00ednuo de preserva\u00e7\u00e3o ambiental.<\/p>\n\n\n\n<p>A a\u00e7\u00e3o tem como foco a recupera\u00e7\u00e3o de \u00e1reas verdes e a prote\u00e7\u00e3o das nascentes, elementos essenciais para a manuten\u00e7\u00e3o do equil\u00edbrio clim\u00e1tico e h\u00eddrico da cidade. A escolha das esp\u00e9cies destaca o compromisso com a biodiversidade e a promo\u00e7\u00e3o da consci\u00eancia ecol\u00f3gica entre os cidad\u00e3os.<\/p>\n\n\n\n<p>Foram plantadas:<\/p>\n\n\n\n<p><strong>12 Ip\u00eas (Handroanthus spp.)<\/strong><br>A paisagem local foi enriquecida com ip\u00eas-brancos (<em>Handroanthus roseo-albus<\/em>), ip\u00eas-rosas (<em>Handroanthus impetiginosus<\/em>) e ip\u00eas-amarelos (<em>Handroanthus chrysotrichus<\/em>). Al\u00e9m de embelezarem o ambiente com suas floradas, essas esp\u00e9cies auxiliam na poliniza\u00e7\u00e3o e na recomposi\u00e7\u00e3o da cobertura arb\u00f3rea urbana.<\/p>\n\n\n\n<p><strong>7 \u00c1rvores Frut\u00edferas da Mata Atl\u00e2ntica<\/strong><br>A planta\u00e7\u00e3o tamb\u00e9m incluiu quatro exemplares de ara\u00e7\u00e1-goiaba (<em>Psidium cattleianum<\/em>) e tr\u00eas pitangueiras (<em>Eugenia uniflora<\/em>). Essas frut\u00edferas, al\u00e9m de oferecerem alimento \u00e0 fauna silvestre, resgatam a cultura de pomares urbanos e estimulam o v\u00ednculo da popula\u00e7\u00e3o com a natureza.<\/p>\n\n\n\n<p>Segundo o secret\u00e1rio municipal de Meio Ambiente e Agricultura, Di\u00f3genes Correa Leite, \u201cao plantar \u00e1rvores na nascente do Jacuzinho, estamos investindo na conserva\u00e7\u00e3o da \u00e1gua, do solo e da biodiversidade, al\u00e9m de melhorar a qualidade de vida das pessoas.\u201d<\/p>\n\n\n\n<p>A atividade faz parte de um conjunto de a\u00e7\u00f5es voltadas \u00e0 recupera\u00e7\u00e3o de nascentes e \u00e1reas de preserva\u00e7\u00e3o permanente (APPs), refor\u00e7ando o compromisso da administra\u00e7\u00e3o municipal com a sustentabilidade e a participa\u00e7\u00e3o comunit\u00e1ria. Mais do que um simples plantio, trata-se de um gesto de cuidado com o futuro da cidade.<\/p>\n\n\n\n<p>Cada muda plantada simboliza um passo em dire\u00e7\u00e3o a um ambiente urbano mais equilibrado, resiliente e conectado \u00e0 natureza.<\/p>\n<input type=\"hidden\" id=\"baseurl\" value=\"https:\/\/noticiasregionais.com.br\"><input type=\"hidden\" id=\"audio_nonce\" value=\"533fbb67b1\">","protected":false},"excerpt":{"rendered":"<p>A nascente do C\u00f3rrego Jacuzinho, situada no bairro Jardim Matilde, nas proximidades da C\u00e2mara Municipal de Ourinhos, foi contemplada com&hellip;<\/p>\n","protected":false},"author":1,"featured_media":5252,"comment_status":"closed","ping_status":"open","sticky":false,"template":"","format":"standard","meta":{"sfsi_plus_gutenberg_text_before_share":"","sfsi_plus_gutenberg_show_text_before_share":"","sfsi_plus_gutenberg_icon_type":"","sfsi_plus_gutenberg_icon_alignemt":"","sfsi_plus_gutenburg_max_per_row":"","footnotes":""},"categories":[5,10,1],"tags":[16],"class_list":["post-5250","post","type-post","status-publish","format-standard","has-post-thumbnail","hentry","category-ourinhos","category-destaques","category-noticias","tag-ourinhos"],"_links":{"self":[{"href":"https:\/\/noticiasregionais.com.br\/index.php?rest_route=\/wp\/v2\/posts\/5250","targetHints":{"allow":["GET"]}}],"collection":[{"href":"https:\/\/noticiasregionais.com.br\/index.php?rest_route=\/wp\/v2\/posts"}],"about":[{"href":"https:\/\/noticiasregionais.com.br\/index.php?rest_route=\/wp\/v2\/types\/post"}],"author":[{"embeddable":true,"href":"https:\/\/noticiasregionais.com.br\/index.php?rest_route=\/wp\/v2\/users\/1"}],"replies":[{"embeddable":true,"href":"https:\/\/noticiasregionais.com.br\/index.php?rest_route=%2Fwp%2Fv2%2Fcomments&post=5250"}],"version-history":[{"count":1,"href":"https:\/\/noticiasregionais.com.br\/index.php?rest_route=\/wp\/v2\/posts\/5250\/revisions"}],"predecessor-version":[{"id":5253,"href":"https:\/\/noticiasregionais.com.br\/index.php?rest_route=\/wp\/v2\/posts\/5250\/revisions\/5253"}],"wp:featuredmedia":[{"embeddable":true,"href":"https:\/\/noticiasregionais.com.br\/index.php?rest_route=\/wp\/v2\/media\/5252"}],"wp:attachment":[{"href":"https:\/\/noticiasregionais.com.br\/index.php?rest_route=%2Fwp%2Fv2%2Fmedia&parent=5250"}],"wp:term":[{"taxonomy":"category","embeddable":true,"href":"https:\/\/noticiasregionais.com.br\/index.php?rest_route=%2Fwp%2Fv2%2Fcategories&post=5250"},{"taxonomy":"post_tag","embeddable":true,"href":"https:\/\/noticiasregionais.com.br\/index.php?rest_route=%2Fwp%2Fv2%2Ftags&post=5250"}],"curies":[{"name":"wp","href":"https:\/\/api.w.org\/{rel}","templated":true}]}}