{"id":5257,"date":"2025-05-14T11:31:21","date_gmt":"2025-05-14T14:31:21","guid":{"rendered":"https:\/\/noticiasregionais.com.br\/?p=5257"},"modified":"2025-05-14T11:37:48","modified_gmt":"2025-05-14T14:37:48","slug":"vem-ai-o-4o-encontro-de-carros-rebaixados-e-antigos-em-canitar-sp","status":"publish","type":"post","link":"https:\/\/noticiasregionais.com.br\/?p=5257","title":{"rendered":"Vem a\u00ed o 4\u00ba Encontro de Carros Rebaixados e Antigos em Canitar-SP"},"content":{"rendered":"\n<p>Aten\u00e7\u00e3o apaixonados por carros modificados: no dia <strong>18 de maio<\/strong>, a cidade de <strong>Canitar-SP<\/strong> recebe a <strong>4\u00aa edi\u00e7\u00e3o do Encontro de Carros Rebaixados e Antigos<\/strong>, um dos maiores eventos automotivos da regi\u00e3o \u2014 e voc\u00ea \u00e9 nosso convidado especial! \ud83c\udfc1<\/p>\n\n\n\n<p>\ud83d\udccd <strong>Local:<\/strong> Antigo Recinto do Rodeio \u2013 atr\u00e1s da creche nova<br>\ud83d\udd58 <strong>Hor\u00e1rio:<\/strong> Das 09h \u00e0s 17h<br>\ud83c\udfab <strong>Entrada solid\u00e1ria:<\/strong> 1 litro de leite por pessoa<\/p>\n\n\n\n<p>O evento foi idealizado por <strong>Kelly Xavier<\/strong>, entusiasta da cultura automotiva, que desde a primeira edi\u00e7\u00e3o lidera a organiza\u00e7\u00e3o ao lado do grupo <strong>Saia Sobre Rodas<\/strong> \u2014 formado por mulheres apaixonadas por carros modificados e suas fam\u00edlias. Com muito trabalho e dedica\u00e7\u00e3o, elas transformaram o encontro em uma tradi\u00e7\u00e3o regional, que atrai visitantes de diversos munic\u00edpios e at\u00e9 de outros estados.<\/p>\n\n\n\n<h3 class=\"wp-block-heading\">\u2705 O que te espera:<\/h3>\n\n\n\n<ul class=\"wp-block-list\">\n<li>Exposi\u00e7\u00e3o de carros antigos, rebaixados e customizados<\/li>\n\n\n\n<li>Sorteios de pr\u00eamios<\/li>\n\n\n\n<li>Som ambiente (som alto \u00e9 proibido)<\/li>\n\n\n\n<li>Pra\u00e7a de alimenta\u00e7\u00e3o no local<\/li>\n\n\n\n<li>Entrada permitida de <strong>coolers, churrasqueiras, tachos e tendas<\/strong><\/li>\n\n\n\n<li>\ud83d\udeab <strong>Proibido o tr\u00e2nsito de motocicletas dentro do evento<\/strong><\/li>\n<\/ul>\n\n\n\n<p>\ud83d\udc68\u200d\ud83d\udc69\u200d\ud83d\udc67\u200d\ud83d\udc66 Um evento familiar, seguro e cheio de estilo \u2014 o lugar certo para quem vive a paix\u00e3o por carros e quer passar um dia diferente, reunindo amigos e curtindo boas hist\u00f3rias sobre rodas.<\/p>\n\n\n\n<p>\ud83d\udcf2 <strong>Quer ser patrocinador ou saber mais?<\/strong><br>Entre em contato via WhatsApp: (14) 99782-7658<\/p>\n\n\n\n<p>\ud83d\udce2 <strong>Divulgue!<\/strong> Marque na agenda, compartilhe com os amigos e venha prestigiar esse encontro que j\u00e1 virou refer\u00eancia na cena automotiva regional!<\/p>\n\n\n\n<p>\ud83d\udcf8 Acompanhe nas redes sociais:<br>Instagram: <a class=\"\" href=\"https:\/\/www.instagram.com\/saiasobrerodas014\" target=\"_blank\" rel=\"noopener\">@saiasobrerodas014<\/a><br>Instagram: <a class=\"\" href=\"https:\/\/www.instagram.com\/4encontrobaixoscanitar\" target=\"_blank\" rel=\"noopener\">@4encontrobaixoscanitar<\/a><\/p>\n\n\n\n<figure class=\"wp-block-gallery has-nested-images columns-default is-cropped wp-block-gallery-1 is-layout-flex wp-block-gallery-is-layout-flex\">\n<figure class=\"wp-block-image size-large\"><a href=\"https:\/\/noticiasregionais.com.br\/wp-content\/uploads\/2025\/05\/Encontro-scaled.jpg\"><img decoding=\"async\" width=\"768\" height=\"1024\" data-id=\"5258\" src=\"https:\/\/noticiasregionais.com.br\/wp-content\/uploads\/2025\/05\/Encontro-768x1024.jpg\" alt=\"\" class=\"wp-image-5258\" srcset=\"https:\/\/noticiasregionais.com.br\/wp-content\/uploads\/2025\/05\/Encontro-768x1024.jpg 768w, https:\/\/noticiasregionais.com.br\/wp-content\/uploads\/2025\/05\/Encontro-225x300.jpg 225w, https:\/\/noticiasregionais.com.br\/wp-content\/uploads\/2025\/05\/Encontro-1152x1536.jpg 1152w, https:\/\/noticiasregionais.com.br\/wp-content\/uploads\/2025\/05\/Encontro-1536x2048.jpg 1536w, https:\/\/noticiasregionais.com.br\/wp-content\/uploads\/2025\/05\/Encontro-scaled.jpg 1920w\" sizes=\"(max-width: 768px) 100vw, 768px\" \/><\/a><\/figure>\n\n\n\n<figure class=\"wp-block-image size-large\"><a href=\"https:\/\/noticiasregionais.com.br\/wp-content\/uploads\/2025\/05\/Imagem-do-WhatsApp-de-2025-05-13-as-11.34.08_f11243bd.jpg\"><img decoding=\"async\" width=\"720\" height=\"909\" data-id=\"5259\" src=\"https:\/\/noticiasregionais.com.br\/wp-content\/uploads\/2025\/05\/Imagem-do-WhatsApp-de-2025-05-13-as-11.34.08_f11243bd.jpg\" alt=\"\" class=\"wp-image-5259\" srcset=\"https:\/\/noticiasregionais.com.br\/wp-content\/uploads\/2025\/05\/Imagem-do-WhatsApp-de-2025-05-13-as-11.34.08_f11243bd.jpg 720w, https:\/\/noticiasregionais.com.br\/wp-content\/uploads\/2025\/05\/Imagem-do-WhatsApp-de-2025-05-13-as-11.34.08_f11243bd-238x300.jpg 238w\" sizes=\"(max-width: 720px) 100vw, 720px\" \/><\/a><\/figure>\n\n\n\n<figure class=\"wp-block-image size-large\"><a href=\"https:\/\/noticiasregionais.com.br\/wp-content\/uploads\/2025\/05\/Imagem-do-WhatsApp-de-2025-05-13-as-11.34.44_00dfd9fa.jpg\"><img decoding=\"async\" width=\"720\" height=\"657\" data-id=\"5260\" src=\"https:\/\/noticiasregionais.com.br\/wp-content\/uploads\/2025\/05\/Imagem-do-WhatsApp-de-2025-05-13-as-11.34.44_00dfd9fa.jpg\" alt=\"\" class=\"wp-image-5260\" srcset=\"https:\/\/noticiasregionais.com.br\/wp-content\/uploads\/2025\/05\/Imagem-do-WhatsApp-de-2025-05-13-as-11.34.44_00dfd9fa.jpg 720w, https:\/\/noticiasregionais.com.br\/wp-content\/uploads\/2025\/05\/Imagem-do-WhatsApp-de-2025-05-13-as-11.34.44_00dfd9fa-300x274.jpg 300w\" sizes=\"(max-width: 720px) 100vw, 720px\" \/><\/a><\/figure>\n\n\n\n<figure class=\"wp-block-image size-large\"><a href=\"https:\/\/noticiasregionais.com.br\/wp-content\/uploads\/2025\/05\/Imagem-do-WhatsApp-de-2025-05-13-as-11.33.49_41237de8.jpg\"><img decoding=\"async\" width=\"720\" height=\"809\" data-id=\"5262\" src=\"https:\/\/noticiasregionais.com.br\/wp-content\/uploads\/2025\/05\/Imagem-do-WhatsApp-de-2025-05-13-as-11.33.49_41237de8.jpg\" alt=\"\" class=\"wp-image-5262\" srcset=\"https:\/\/noticiasregionais.com.br\/wp-content\/uploads\/2025\/05\/Imagem-do-WhatsApp-de-2025-05-13-as-11.33.49_41237de8.jpg 720w, https:\/\/noticiasregionais.com.br\/wp-content\/uploads\/2025\/05\/Imagem-do-WhatsApp-de-2025-05-13-as-11.33.49_41237de8-267x300.jpg 267w\" sizes=\"(max-width: 720px) 100vw, 720px\" \/><\/a><\/figure>\n\n\n\n<figure class=\"wp-block-image size-large\"><a href=\"https:\/\/noticiasregionais.com.br\/wp-content\/uploads\/2025\/05\/Imagem-do-WhatsApp-de-2025-05-13-as-11.33.31_2cb934ea.jpg\"><img decoding=\"async\" width=\"586\" height=\"1024\" data-id=\"5263\" src=\"https:\/\/noticiasregionais.com.br\/wp-content\/uploads\/2025\/05\/Imagem-do-WhatsApp-de-2025-05-13-as-11.33.31_2cb934ea-586x1024.jpg\" alt=\"\" class=\"wp-image-5263\" srcset=\"https:\/\/noticiasregionais.com.br\/wp-content\/uploads\/2025\/05\/Imagem-do-WhatsApp-de-2025-05-13-as-11.33.31_2cb934ea-586x1024.jpg 586w, https:\/\/noticiasregionais.com.br\/wp-content\/uploads\/2025\/05\/Imagem-do-WhatsApp-de-2025-05-13-as-11.33.31_2cb934ea-172x300.jpg 172w, https:\/\/noticiasregionais.com.br\/wp-content\/uploads\/2025\/05\/Imagem-do-WhatsApp-de-2025-05-13-as-11.33.31_2cb934ea.jpg 720w\" sizes=\"(max-width: 586px) 100vw, 586px\" \/><\/a><\/figure>\n\n\n\n<figure class=\"wp-block-image size-large\"><a href=\"https:\/\/noticiasregionais.com.br\/wp-content\/uploads\/2025\/05\/Imagem-do-WhatsApp-de-2025-05-13-as-11.19.41_305b67df.jpg\"><img decoding=\"async\" width=\"819\" height=\"1024\" data-id=\"5264\" src=\"https:\/\/noticiasregionais.com.br\/wp-content\/uploads\/2025\/05\/Imagem-do-WhatsApp-de-2025-05-13-as-11.19.41_305b67df-819x1024.jpg\" alt=\"\" class=\"wp-image-5264\" srcset=\"https:\/\/noticiasregionais.com.br\/wp-content\/uploads\/2025\/05\/Imagem-do-WhatsApp-de-2025-05-13-as-11.19.41_305b67df-819x1024.jpg 819w, https:\/\/noticiasregionais.com.br\/wp-content\/uploads\/2025\/05\/Imagem-do-WhatsApp-de-2025-05-13-as-11.19.41_305b67df-240x300.jpg 240w, https:\/\/noticiasregionais.com.br\/wp-content\/uploads\/2025\/05\/Imagem-do-WhatsApp-de-2025-05-13-as-11.19.41_305b67df-768x960.jpg 768w, https:\/\/noticiasregionais.com.br\/wp-content\/uploads\/2025\/05\/Imagem-do-WhatsApp-de-2025-05-13-as-11.19.41_305b67df.jpg 1080w\" sizes=\"(max-width: 819px) 100vw, 819px\" \/><\/a><\/figure>\n<\/figure>\n<input type=\"hidden\" id=\"baseurl\" value=\"https:\/\/noticiasregionais.com.br\"><input type=\"hidden\" id=\"audio_nonce\" value=\"533fbb67b1\">","protected":false},"excerpt":{"rendered":"<p>Aten\u00e7\u00e3o apaixonados por carros modificados: no dia 18 de maio, a cidade de Canitar-SP recebe a 4\u00aa edi\u00e7\u00e3o do Encontro&hellip;<\/p>\n","protected":false},"author":1,"featured_media":5265,"comment_status":"closed","ping_status":"open","sticky":false,"template":"","format":"standard","meta":{"sfsi_plus_gutenberg_text_before_share":"","sfsi_plus_gutenberg_show_text_before_share":"","sfsi_plus_gutenberg_icon_type":"","sfsi_plus_gutenberg_icon_alignemt":"","sfsi_plus_gutenburg_max_per_row":"","footnotes":""},"categories":[6,12,1],"tags":[19],"class_list":["post-5257","post","type-post","status-publish","format-standard","has-post-thumbnail","hentry","category-sao_paulo","category-capa","category-noticias","tag-canitar"],"_links":{"self":[{"href":"https:\/\/noticiasregionais.com.br\/index.php?rest_route=\/wp\/v2\/posts\/5257","targetHints":{"allow":["GET"]}}],"collection":[{"href":"https:\/\/noticiasregionais.com.br\/index.php?rest_route=\/wp\/v2\/posts"}],"about":[{"href":"https:\/\/noticiasregionais.com.br\/index.php?rest_route=\/wp\/v2\/types\/post"}],"author":[{"embeddable":true,"href":"https:\/\/noticiasregionais.com.br\/index.php?rest_route=\/wp\/v2\/users\/1"}],"replies":[{"embeddable":true,"href":"https:\/\/noticiasregionais.com.br\/index.php?rest_route=%2Fwp%2Fv2%2Fcomments&post=5257"}],"version-history":[{"count":1,"href":"https:\/\/noticiasregionais.com.br\/index.php?rest_route=\/wp\/v2\/posts\/5257\/revisions"}],"predecessor-version":[{"id":5266,"href":"https:\/\/noticiasregionais.com.br\/index.php?rest_route=\/wp\/v2\/posts\/5257\/revisions\/5266"}],"wp:featuredmedia":[{"embeddable":true,"href":"https:\/\/noticiasregionais.com.br\/index.php?rest_route=\/wp\/v2\/media\/5265"}],"wp:attachment":[{"href":"https:\/\/noticiasregionais.com.br\/index.php?rest_route=%2Fwp%2Fv2%2Fmedia&parent=5257"}],"wp:term":[{"taxonomy":"category","embeddable":true,"href":"https:\/\/noticiasregionais.com.br\/index.php?rest_route=%2Fwp%2Fv2%2Fcategories&post=5257"},{"taxonomy":"post_tag","embeddable":true,"href":"https:\/\/noticiasregionais.com.br\/index.php?rest_route=%2Fwp%2Fv2%2Ftags&post=5257"}],"curies":[{"name":"wp","href":"https:\/\/api.w.org\/{rel}","templated":true}]}}