{"id":5267,"date":"2025-05-14T12:18:47","date_gmt":"2025-05-14T15:18:47","guid":{"rendered":"https:\/\/noticiasregionais.com.br\/?p=5267"},"modified":"2025-05-14T12:18:59","modified_gmt":"2025-05-14T15:18:59","slug":"yakisoba-solidario-do-fundo-social-e-destaque-confirmado-na-56a-fapi-com-sabor-cultura-e-proposito","status":"publish","type":"post","link":"https:\/\/noticiasregionais.com.br\/?p=5267","title":{"rendered":"Yakisoba solid\u00e1rio do Fundo Social \u00e9 destaque confirmado na 56\u00aa FAPI com sabor, cultura e prop\u00f3sito!"},"content":{"rendered":"\n<p>Entre os dias <strong>11 e 15 de junho<\/strong>, a 56\u00aa edi\u00e7\u00e3o da FAPI traz de volta um dos maiores sucessos gastron\u00f4micos do evento: o <strong>famoso Yakisoba do Fundo Social de Solidariedade<\/strong>!<br>Com a meta de servir <strong>3.400 pratos<\/strong>, a receita \u2014 preparada com carinho pela equipe da <strong>AECO (Associa\u00e7\u00e3o Esportiva e Cultural de Ourinhos)<\/strong> \u2014 \u00e9 s\u00edmbolo de uma combina\u00e7\u00e3o irresist\u00edvel de tradi\u00e7\u00e3o japonesa, sabores marcantes e apoio \u00e0 comunidade.<\/p>\n\n\n\n<p>Toda a renda ser\u00e1 destinada a <strong>a\u00e7\u00f5es sociais em Ourinhos<\/strong>, refor\u00e7ando o compromisso da iniciativa com quem mais precisa.<\/p>\n\n\n\n<p>\ud83d\udccd <strong>Funcionamento da barraca:<\/strong><\/p>\n\n\n\n<ul class=\"wp-block-list\">\n<li><strong>Quarta a sexta:<\/strong> a partir das 19h<\/li>\n\n\n\n<li><strong>S\u00e1bado:<\/strong> a partir das 18h<\/li>\n\n\n\n<li><strong>Domingo:<\/strong> a partir das 12h<\/li>\n<\/ul>\n\n\n\n<p>Sob a coordena\u00e7\u00e3o da primeira-dama e presidente do Fundo Social, <strong>Jayne Gon\u00e7alves<\/strong>, o projeto refor\u00e7a valores como empatia, dedica\u00e7\u00e3o volunt\u00e1ria e responsabilidade social:<\/p>\n\n\n\n<blockquote class=\"wp-block-quote is-layout-flow wp-block-quote-is-layout-flow\">\n<p>\u201cO Yakisoba do Fundo Social vai al\u00e9m de um prato saboroso. \u00c9 um gesto coletivo de cuidado com o pr\u00f3ximo. Cada por\u00e7\u00e3o servida representa um ato de amor e compromisso com a nossa cidade.\u201d<\/p>\n<\/blockquote>\n\n\n\n<p>Servido em um espa\u00e7o acolhedor e cuidadosamente organizado por volunt\u00e1rios, o yakisoba j\u00e1 \u00e9 parte essencial da experi\u00eancia da FAPI, conquistando p\u00fablico com seu sabor e significado.<\/p>\n\n\n\n<p>\ud83c\udf1f <strong>Na maior festa da regi\u00e3o, o Yakisoba do Fundo Social \u00e9 mais que tradi\u00e7\u00e3o \u2014 \u00e9 um ingrediente especial que aquece o cora\u00e7\u00e3o e transforma realidades.<\/strong><\/p>\n<input type=\"hidden\" id=\"baseurl\" value=\"https:\/\/noticiasregionais.com.br\"><input type=\"hidden\" id=\"audio_nonce\" value=\"533fbb67b1\">","protected":false},"excerpt":{"rendered":"<p>Entre os dias 11 e 15 de junho, a 56\u00aa edi\u00e7\u00e3o da FAPI traz de volta um dos maiores sucessos&hellip;<\/p>\n","protected":false},"author":1,"featured_media":5268,"comment_status":"closed","ping_status":"open","sticky":false,"template":"","format":"standard","meta":{"sfsi_plus_gutenberg_text_before_share":"","sfsi_plus_gutenberg_show_text_before_share":"","sfsi_plus_gutenberg_icon_type":"","sfsi_plus_gutenberg_icon_alignemt":"","sfsi_plus_gutenburg_max_per_row":"","footnotes":""},"categories":[5,10,1],"tags":[16],"class_list":["post-5267","post","type-post","status-publish","format-standard","has-post-thumbnail","hentry","category-ourinhos","category-destaques","category-noticias","tag-ourinhos"],"_links":{"self":[{"href":"https:\/\/noticiasregionais.com.br\/index.php?rest_route=\/wp\/v2\/posts\/5267","targetHints":{"allow":["GET"]}}],"collection":[{"href":"https:\/\/noticiasregionais.com.br\/index.php?rest_route=\/wp\/v2\/posts"}],"about":[{"href":"https:\/\/noticiasregionais.com.br\/index.php?rest_route=\/wp\/v2\/types\/post"}],"author":[{"embeddable":true,"href":"https:\/\/noticiasregionais.com.br\/index.php?rest_route=\/wp\/v2\/users\/1"}],"replies":[{"embeddable":true,"href":"https:\/\/noticiasregionais.com.br\/index.php?rest_route=%2Fwp%2Fv2%2Fcomments&post=5267"}],"version-history":[{"count":1,"href":"https:\/\/noticiasregionais.com.br\/index.php?rest_route=\/wp\/v2\/posts\/5267\/revisions"}],"predecessor-version":[{"id":5269,"href":"https:\/\/noticiasregionais.com.br\/index.php?rest_route=\/wp\/v2\/posts\/5267\/revisions\/5269"}],"wp:featuredmedia":[{"embeddable":true,"href":"https:\/\/noticiasregionais.com.br\/index.php?rest_route=\/wp\/v2\/media\/5268"}],"wp:attachment":[{"href":"https:\/\/noticiasregionais.com.br\/index.php?rest_route=%2Fwp%2Fv2%2Fmedia&parent=5267"}],"wp:term":[{"taxonomy":"category","embeddable":true,"href":"https:\/\/noticiasregionais.com.br\/index.php?rest_route=%2Fwp%2Fv2%2Fcategories&post=5267"},{"taxonomy":"post_tag","embeddable":true,"href":"https:\/\/noticiasregionais.com.br\/index.php?rest_route=%2Fwp%2Fv2%2Ftags&post=5267"}],"curies":[{"name":"wp","href":"https:\/\/api.w.org\/{rel}","templated":true}]}}