{"id":5271,"date":"2025-05-16T07:39:19","date_gmt":"2025-05-16T10:39:19","guid":{"rendered":"https:\/\/noticiasregionais.com.br\/?p=5271"},"modified":"2025-05-16T07:39:21","modified_gmt":"2025-05-16T10:39:21","slug":"reconhecimento-aos-herois-do-cuidado-enfermagem-e-homenageada-pela-prefeitura-de-ourinhos","status":"publish","type":"post","link":"https:\/\/noticiasregionais.com.br\/?p=5271","title":{"rendered":"Reconhecimento aos Her\u00f3is do Cuidado: Enfermagem \u00e9 homenageada pela Prefeitura de Ourinhos"},"content":{"rendered":"\n<p>Na noite da \u00faltima quarta-feira (14), a Secretaria Municipal de Sa\u00fade de Ourinhos promoveu o evento \u201cCuidando de Quem Cuida\u201d, uma celebra\u00e7\u00e3o especial em reconhecimento ao trabalho dos profissionais de Enfermagem que atuam no munic\u00edpio.<\/p>\n\n\n\n<p>A programa\u00e7\u00e3o contou com uma palestra inspiradora ministrada pela neuropsic\u00f3loga Dra. Kathiane Nigro, que trouxe importantes reflex\u00f5es sobre sa\u00fade mental, empatia e o impacto positivo do trabalho dos enfermeiros na vida das pessoas.<\/p>\n\n\n\n<p>Durante a cerim\u00f4nia, o secret\u00e1rio de Sa\u00fade, Diego Singolani, expressou gratid\u00e3o aos profissionais da categoria, destacando o compromisso e a dedica\u00e7\u00e3o com que enfrentam os desafios di\u00e1rios da \u00e1rea da sa\u00fade.<\/p>\n\n\n\n<p>Em um dos momentos mais emocionantes da noite, foi recitada uma poesia que exaltou a luz interior desses profissionais, que, mesmo nos bastidores do cuidado, fazem toda a diferen\u00e7a na jornada dos pacientes. O evento foi encerrado com um sorteio de brindes, tornando a noite ainda mais especial para todos os presentes.<\/p>\n\n\n\n<figure class=\"wp-block-gallery has-nested-images columns-2 is-cropped wp-block-gallery-1 is-layout-flex wp-block-gallery-is-layout-flex\">\n<figure class=\"wp-block-image size-large\"><a href=\"https:\/\/noticiasregionais.com.br\/wp-content\/uploads\/2025\/05\/WhatsApp-Image-2025-05-15-at-15.25.181.jpeg\"><img decoding=\"async\" width=\"1024\" height=\"819\" data-id=\"5274\" src=\"https:\/\/noticiasregionais.com.br\/wp-content\/uploads\/2025\/05\/WhatsApp-Image-2025-05-15-at-15.25.181-1024x819.jpeg\" alt=\"\" class=\"wp-image-5274\" srcset=\"https:\/\/noticiasregionais.com.br\/wp-content\/uploads\/2025\/05\/WhatsApp-Image-2025-05-15-at-15.25.181-1024x819.jpeg 1024w, https:\/\/noticiasregionais.com.br\/wp-content\/uploads\/2025\/05\/WhatsApp-Image-2025-05-15-at-15.25.181-300x240.jpeg 300w, https:\/\/noticiasregionais.com.br\/wp-content\/uploads\/2025\/05\/WhatsApp-Image-2025-05-15-at-15.25.181-768x614.jpeg 768w, https:\/\/noticiasregionais.com.br\/wp-content\/uploads\/2025\/05\/WhatsApp-Image-2025-05-15-at-15.25.181-1536x1228.jpeg 1536w, https:\/\/noticiasregionais.com.br\/wp-content\/uploads\/2025\/05\/WhatsApp-Image-2025-05-15-at-15.25.181.jpeg 1600w\" sizes=\"(max-width: 1024px) 100vw, 1024px\" \/><\/a><\/figure>\n\n\n\n<figure class=\"wp-block-image size-large\"><a href=\"https:\/\/noticiasregionais.com.br\/wp-content\/uploads\/2025\/05\/WhatsApp-Image-2025-05-15-at-15.25.182.jpeg\"><img decoding=\"async\" width=\"1024\" height=\"819\" data-id=\"5272\" src=\"https:\/\/noticiasregionais.com.br\/wp-content\/uploads\/2025\/05\/WhatsApp-Image-2025-05-15-at-15.25.182-1024x819.jpeg\" alt=\"\" class=\"wp-image-5272\" srcset=\"https:\/\/noticiasregionais.com.br\/wp-content\/uploads\/2025\/05\/WhatsApp-Image-2025-05-15-at-15.25.182-1024x819.jpeg 1024w, https:\/\/noticiasregionais.com.br\/wp-content\/uploads\/2025\/05\/WhatsApp-Image-2025-05-15-at-15.25.182-300x240.jpeg 300w, https:\/\/noticiasregionais.com.br\/wp-content\/uploads\/2025\/05\/WhatsApp-Image-2025-05-15-at-15.25.182-768x614.jpeg 768w, https:\/\/noticiasregionais.com.br\/wp-content\/uploads\/2025\/05\/WhatsApp-Image-2025-05-15-at-15.25.182-1536x1228.jpeg 1536w, https:\/\/noticiasregionais.com.br\/wp-content\/uploads\/2025\/05\/WhatsApp-Image-2025-05-15-at-15.25.182.jpeg 1600w\" sizes=\"(max-width: 1024px) 100vw, 1024px\" \/><\/a><\/figure>\n\n\n\n<figure class=\"wp-block-image size-large\"><a href=\"https:\/\/noticiasregionais.com.br\/wp-content\/uploads\/2025\/05\/WhatsApp-Image-2025-05-15-at-15.25.17.jpeg\"><img decoding=\"async\" width=\"1024\" height=\"819\" data-id=\"5273\" src=\"https:\/\/noticiasregionais.com.br\/wp-content\/uploads\/2025\/05\/WhatsApp-Image-2025-05-15-at-15.25.17-1024x819.jpeg\" alt=\"\" class=\"wp-image-5273\" srcset=\"https:\/\/noticiasregionais.com.br\/wp-content\/uploads\/2025\/05\/WhatsApp-Image-2025-05-15-at-15.25.17-1024x819.jpeg 1024w, https:\/\/noticiasregionais.com.br\/wp-content\/uploads\/2025\/05\/WhatsApp-Image-2025-05-15-at-15.25.17-300x240.jpeg 300w, https:\/\/noticiasregionais.com.br\/wp-content\/uploads\/2025\/05\/WhatsApp-Image-2025-05-15-at-15.25.17-768x614.jpeg 768w, https:\/\/noticiasregionais.com.br\/wp-content\/uploads\/2025\/05\/WhatsApp-Image-2025-05-15-at-15.25.17-1536x1228.jpeg 1536w, https:\/\/noticiasregionais.com.br\/wp-content\/uploads\/2025\/05\/WhatsApp-Image-2025-05-15-at-15.25.17.jpeg 1600w\" sizes=\"(max-width: 1024px) 100vw, 1024px\" \/><\/a><\/figure>\n\n\n\n<figure class=\"wp-block-image size-large\"><a href=\"https:\/\/noticiasregionais.com.br\/wp-content\/uploads\/2025\/05\/WhatsApp-Image-2025-05-15-at-15.25.18.jpeg\"><img decoding=\"async\" width=\"1024\" height=\"819\" data-id=\"5275\" src=\"https:\/\/noticiasregionais.com.br\/wp-content\/uploads\/2025\/05\/WhatsApp-Image-2025-05-15-at-15.25.18-1024x819.jpeg\" alt=\"\" class=\"wp-image-5275\" srcset=\"https:\/\/noticiasregionais.com.br\/wp-content\/uploads\/2025\/05\/WhatsApp-Image-2025-05-15-at-15.25.18-1024x819.jpeg 1024w, https:\/\/noticiasregionais.com.br\/wp-content\/uploads\/2025\/05\/WhatsApp-Image-2025-05-15-at-15.25.18-300x240.jpeg 300w, https:\/\/noticiasregionais.com.br\/wp-content\/uploads\/2025\/05\/WhatsApp-Image-2025-05-15-at-15.25.18-768x614.jpeg 768w, https:\/\/noticiasregionais.com.br\/wp-content\/uploads\/2025\/05\/WhatsApp-Image-2025-05-15-at-15.25.18-1536x1228.jpeg 1536w, https:\/\/noticiasregionais.com.br\/wp-content\/uploads\/2025\/05\/WhatsApp-Image-2025-05-15-at-15.25.18.jpeg 1600w\" sizes=\"(max-width: 1024px) 100vw, 1024px\" \/><\/a><\/figure>\n<\/figure>\n\n\n\n<p><\/p>\n<input type=\"hidden\" id=\"baseurl\" value=\"https:\/\/noticiasregionais.com.br\"><input type=\"hidden\" id=\"audio_nonce\" value=\"533fbb67b1\">","protected":false},"excerpt":{"rendered":"<p>Na noite da \u00faltima quarta-feira (14), a Secretaria Municipal de Sa\u00fade de Ourinhos promoveu o evento \u201cCuidando de Quem Cuida\u201d,&hellip;<\/p>\n","protected":false},"author":1,"featured_media":5276,"comment_status":"closed","ping_status":"open","sticky":false,"template":"","format":"standard","meta":{"sfsi_plus_gutenberg_text_before_share":"","sfsi_plus_gutenberg_show_text_before_share":"","sfsi_plus_gutenberg_icon_type":"","sfsi_plus_gutenberg_icon_alignemt":"","sfsi_plus_gutenburg_max_per_row":"","footnotes":""},"categories":[5,10,1],"tags":[16],"class_list":["post-5271","post","type-post","status-publish","format-standard","has-post-thumbnail","hentry","category-ourinhos","category-destaques","category-noticias","tag-ourinhos"],"_links":{"self":[{"href":"https:\/\/noticiasregionais.com.br\/index.php?rest_route=\/wp\/v2\/posts\/5271","targetHints":{"allow":["GET"]}}],"collection":[{"href":"https:\/\/noticiasregionais.com.br\/index.php?rest_route=\/wp\/v2\/posts"}],"about":[{"href":"https:\/\/noticiasregionais.com.br\/index.php?rest_route=\/wp\/v2\/types\/post"}],"author":[{"embeddable":true,"href":"https:\/\/noticiasregionais.com.br\/index.php?rest_route=\/wp\/v2\/users\/1"}],"replies":[{"embeddable":true,"href":"https:\/\/noticiasregionais.com.br\/index.php?rest_route=%2Fwp%2Fv2%2Fcomments&post=5271"}],"version-history":[{"count":1,"href":"https:\/\/noticiasregionais.com.br\/index.php?rest_route=\/wp\/v2\/posts\/5271\/revisions"}],"predecessor-version":[{"id":5277,"href":"https:\/\/noticiasregionais.com.br\/index.php?rest_route=\/wp\/v2\/posts\/5271\/revisions\/5277"}],"wp:featuredmedia":[{"embeddable":true,"href":"https:\/\/noticiasregionais.com.br\/index.php?rest_route=\/wp\/v2\/media\/5276"}],"wp:attachment":[{"href":"https:\/\/noticiasregionais.com.br\/index.php?rest_route=%2Fwp%2Fv2%2Fmedia&parent=5271"}],"wp:term":[{"taxonomy":"category","embeddable":true,"href":"https:\/\/noticiasregionais.com.br\/index.php?rest_route=%2Fwp%2Fv2%2Fcategories&post=5271"},{"taxonomy":"post_tag","embeddable":true,"href":"https:\/\/noticiasregionais.com.br\/index.php?rest_route=%2Fwp%2Fv2%2Ftags&post=5271"}],"curies":[{"name":"wp","href":"https:\/\/api.w.org\/{rel}","templated":true}]}}