{"id":5279,"date":"2025-05-19T09:56:37","date_gmt":"2025-05-19T12:56:37","guid":{"rendered":"https:\/\/noticiasregionais.com.br\/?p=5279"},"modified":"2025-05-19T09:56:40","modified_gmt":"2025-05-19T12:56:40","slug":"policiamento-rodoviario-prende-condutor-embriagado-com-arma-irregular-e-municoes","status":"publish","type":"post","link":"https:\/\/noticiasregionais.com.br\/?p=5279","title":{"rendered":"Policiamento Rodovi\u00e1rio prende condutor embriagado, com arma irregular e muni\u00e7\u00f5es"},"content":{"rendered":"\n<p>Na madrugada deste domingo (18), a Pol\u00edcia Militar Rodovi\u00e1ria prendeu um homem por porte ilegal de arma de fogo e condu\u00e7\u00e3o de ve\u00edculo sob efeito de \u00e1lcool, durante a Opera\u00e7\u00e3o Impacto, na Rodovia Rachid Rayes (SP-333), em Mar\u00edlia <\/p>\n\n\n\n<p>A a\u00e7\u00e3o ocorreu por volta da 1h55, no km 354,5 da rodovia, quando os policiais deram sinal de parada obrigat\u00f3ria ao condutor de uma Toyota Hilux. O motorista desobedeceu \u00e0 ordem e fugiu em alta velocidade, sendo acompanhado pelos policiais at\u00e9 uma estrada rural e, posteriormente, at\u00e9 a frente de sua resid\u00eancia, na cidade de Echapor\u00e3.<\/p>\n\n\n\n<p>Durante a abordagem, os agentes localizaram sobre o banco dianteiro do ve\u00edculo uma pistola Smith &amp; Wesson, modelo M2.0 calibre 9mm, carregada. No porta-luvas, foi encontrado um segundo carregador, tamb\u00e9m municiado. Ao todo, foram apreendidas 33 muni\u00e7\u00f5es intactas.<\/p>\n\n\n\n<p>O motorista se recusou a realizar o teste do etil\u00f4metro e foi autuado com base no Artigo 165-A do C\u00f3digo de Tr\u00e2nsito Brasileiro (CTB), que trata da recusa ao teste de alcoolemia. Ele foi conduzido \u00e0 Central de Pol\u00edcia Judici\u00e1ria (CPJ) de Mar\u00edlia, onde permaneceu preso em flagrante.<\/p>\n\n\n\n<p>A a\u00e7\u00e3o integra os esfor\u00e7os cont\u00ednuos da Pol\u00edcia Militar, que se aproxima dos seus 200 anos de hist\u00f3ria, refor\u00e7ando o compromisso com a seguran\u00e7a da popula\u00e7\u00e3o: <strong>&#8220;Vamos todos juntos. Ningu\u00e9m fica para tr\u00e1s.&#8221;<\/strong><\/p>\n<input type=\"hidden\" id=\"baseurl\" value=\"https:\/\/noticiasregionais.com.br\"><input type=\"hidden\" id=\"audio_nonce\" value=\"533fbb67b1\">","protected":false},"excerpt":{"rendered":"<p>Na madrugada deste domingo (18), a Pol\u00edcia Militar Rodovi\u00e1ria prendeu um homem por porte ilegal de arma de fogo e&hellip;<\/p>\n","protected":false},"author":1,"featured_media":5280,"comment_status":"closed","ping_status":"open","sticky":false,"template":"","format":"standard","meta":{"sfsi_plus_gutenberg_text_before_share":"","sfsi_plus_gutenberg_show_text_before_share":"","sfsi_plus_gutenberg_icon_type":"","sfsi_plus_gutenberg_icon_alignemt":"","sfsi_plus_gutenburg_max_per_row":"","footnotes":""},"categories":[6,10,1],"tags":[],"class_list":["post-5279","post","type-post","status-publish","format-standard","has-post-thumbnail","hentry","category-sao_paulo","category-destaques","category-noticias"],"_links":{"self":[{"href":"https:\/\/noticiasregionais.com.br\/index.php?rest_route=\/wp\/v2\/posts\/5279","targetHints":{"allow":["GET"]}}],"collection":[{"href":"https:\/\/noticiasregionais.com.br\/index.php?rest_route=\/wp\/v2\/posts"}],"about":[{"href":"https:\/\/noticiasregionais.com.br\/index.php?rest_route=\/wp\/v2\/types\/post"}],"author":[{"embeddable":true,"href":"https:\/\/noticiasregionais.com.br\/index.php?rest_route=\/wp\/v2\/users\/1"}],"replies":[{"embeddable":true,"href":"https:\/\/noticiasregionais.com.br\/index.php?rest_route=%2Fwp%2Fv2%2Fcomments&post=5279"}],"version-history":[{"count":1,"href":"https:\/\/noticiasregionais.com.br\/index.php?rest_route=\/wp\/v2\/posts\/5279\/revisions"}],"predecessor-version":[{"id":5281,"href":"https:\/\/noticiasregionais.com.br\/index.php?rest_route=\/wp\/v2\/posts\/5279\/revisions\/5281"}],"wp:featuredmedia":[{"embeddable":true,"href":"https:\/\/noticiasregionais.com.br\/index.php?rest_route=\/wp\/v2\/media\/5280"}],"wp:attachment":[{"href":"https:\/\/noticiasregionais.com.br\/index.php?rest_route=%2Fwp%2Fv2%2Fmedia&parent=5279"}],"wp:term":[{"taxonomy":"category","embeddable":true,"href":"https:\/\/noticiasregionais.com.br\/index.php?rest_route=%2Fwp%2Fv2%2Fcategories&post=5279"},{"taxonomy":"post_tag","embeddable":true,"href":"https:\/\/noticiasregionais.com.br\/index.php?rest_route=%2Fwp%2Fv2%2Ftags&post=5279"}],"curies":[{"name":"wp","href":"https:\/\/api.w.org\/{rel}","templated":true}]}}