{"id":5294,"date":"2025-05-19T10:40:57","date_gmt":"2025-05-19T13:40:57","guid":{"rendered":"https:\/\/noticiasregionais.com.br\/?p=5294"},"modified":"2025-05-19T10:41:00","modified_gmt":"2025-05-19T13:41:00","slug":"banco-de-leite-humano-de-ourinhos-apoia-campanha-nacional-de-incentivo-a-doacao-de-leite-materno","status":"publish","type":"post","link":"https:\/\/noticiasregionais.com.br\/?p=5294","title":{"rendered":"Banco de leite humano de Ourinhos apoia campanha nacional de incentivo \u00e0 doa\u00e7\u00e3o de leite materno"},"content":{"rendered":"\n<p><em>Doa\u00e7\u00e3o de leite humano salva vidas e \u00e9 celebrada com a\u00e7\u00e3o solid\u00e1ria em Ourinhos; m\u00e3es doadoras recebem suporte completo da equipe da Santa Casa<\/em><\/p>\n\n\n\n<p><strong>OURINHOS (SP)<\/strong> \u2013 Nesta segunda-feira, <strong>19 de maio<\/strong>, \u00e9 celebrado o <strong>Dia Mundial da Doa\u00e7\u00e3o de Leite Humano<\/strong>, uma data essencial para refor\u00e7ar a import\u00e2ncia desse gesto de amor e solidariedade. Em apoio \u00e0 campanha nacional promovida pela <strong>Rede Brasileira de Bancos de Leite Humano<\/strong>, o <strong>Banco de Leite Humano de Ourinhos<\/strong>, em parceria com a <strong>Santa Casa e a Secretaria Municipal de Sa\u00fade<\/strong>, promove a\u00e7\u00f5es para incentivar a doa\u00e7\u00e3o e homenagear as m\u00e3es que transformam vidas por meio do aleitamento.<\/p>\n\n\n\n<h3 class=\"wp-block-heading\">Doa\u00e7\u00e3o de leite materno: um gesto humanit\u00e1rio que alimenta esperan\u00e7a<\/h3>\n\n\n\n<p>Com o tema <strong>\u201cUm gesto humanit\u00e1rio que alimenta esperan\u00e7a\u201d<\/strong>, a campanha deste ano busca <strong>sensibilizar mulheres lactantes<\/strong> e toda a comunidade sobre a import\u00e2ncia da doa\u00e7\u00e3o de leite humano para rec\u00e9m-nascidos prematuros ou de baixo peso, internados em <strong>UTIs neonatais<\/strong>.<\/p>\n\n\n\n<p>Em Ourinhos, o impacto dessa iniciativa \u00e9 concreto. S\u00f3 em <strong>2024<\/strong>, o Banco de Leite Humano:<\/p>\n\n\n\n<ul class=\"wp-block-list\">\n<li><strong>Atendeu 254 beb\u00eas<\/strong><\/li>\n\n\n\n<li><strong>Distribuiu 292 litros de leite materno<\/strong><\/li>\n\n\n\n<li><strong>Contou com 381 doadoras cadastradas<\/strong><\/li>\n\n\n\n<li><strong>Realizou 2.397 visitas domiciliares<\/strong><\/li>\n\n\n\n<li><strong>Promoveu 385 atendimentos em grupo<\/strong><\/li>\n\n\n\n<li><strong>Atendeu 2.318 lactantes individualmente<\/strong><\/li>\n<\/ul>\n\n\n\n<p>Todo o trabalho \u00e9 voltado \u00e0 promo\u00e7\u00e3o do <strong>aleitamento materno<\/strong>, oferecendo acolhimento, informa\u00e7\u00e3o e suporte t\u00e9cnico.<\/p>\n\n\n\n<h3 class=\"wp-block-heading\">Como doar leite humano em Ourinhos<\/h3>\n\n\n\n<p>O processo de doa\u00e7\u00e3o \u00e9 simples e seguro. Qualquer mulher saud\u00e1vel, que esteja amamentando e tenha leite excedente, pode doar. Veja como funciona:<\/p>\n\n\n\n<ol class=\"wp-block-list\">\n<li><strong>Contato com o Banco de Leite:<\/strong> A equipe orienta sobre a coleta e fornece frascos esterilizados.<\/li>\n\n\n\n<li><strong>Acompanhamento domiciliar:<\/strong> A coleta do leite \u00e9 feita semanalmente na casa da doadora.<\/li>\n\n\n\n<li><strong>Qualidade garantida:<\/strong> O leite \u00e9 analisado, pasteurizado e testado antes de ser enviado \u00e0 <strong>UTI Neonatal da Santa Casa<\/strong>.<\/li>\n<\/ol>\n\n\n\n<blockquote class=\"wp-block-quote is-layout-flow wp-block-quote-is-layout-flow\">\n<p>\ud83e\udd47 <strong>Ourinhos possui o Selo Ouro da Rede Brasileira de Bancos de Leite Humano<\/strong>, um reconhecimento da excel\u00eancia no atendimento e na seguran\u00e7a dos processos.<\/p>\n<\/blockquote>\n\n\n\n<p>\ud83d\udcc5 <strong>Hor\u00e1rio de atendimento:<\/strong> Segunda a sexta-feira, das 8h \u00e0s 14h<br>\ud83d\udcde <strong>Telefone:<\/strong> (14) 3324-2203<br>\ud83d\udcf2 <strong>WhatsApp:<\/strong> (14) 99718-5276<\/p>\n\n\n\n<hr class=\"wp-block-separator has-alpha-channel-opacity\"\/>\n\n\n\n<h3 class=\"wp-block-heading\">Hist\u00f3ria que inspira: m\u00e3e superadora se transforma em doadora<\/h3>\n\n\n\n<p>A hist\u00f3ria da ourinhense <strong>Rafaella Caroline Sim\u00e3o Alvares<\/strong> emociona e inspira. M\u00e3e de um beb\u00ea prematuro, ela superou as dificuldades iniciais da amamenta\u00e7\u00e3o com apoio da equipe de sa\u00fade e hoje se tornou uma das maiores doadoras do munic\u00edpio.<\/p>\n\n\n\n<blockquote class=\"wp-block-quote is-layout-flow wp-block-quote-is-layout-flow\">\n<p><em>\u201cEu nem imaginava que conseguiria amamentar meu filho. N\u00e3o tive o primeiro contato com ele, mas fui incentivada a come\u00e7ar a ordenhar. E o milagre aconteceu. Hoje ele est\u00e1 com 8 meses, saud\u00e1vel, e eu consigo amament\u00e1-lo e ainda doar. \u00c9 uma alegria ajudar outros beb\u00eas como ele foi ajudado\u201d,<\/em> relata Rafaella.<\/p>\n<\/blockquote>\n\n\n\n<p>Hist\u00f3rias como a dela refor\u00e7am que <strong>cada gota de leite doado pode salvar vidas<\/strong> \u2014 e tamb\u00e9m fortalecer emocionalmente as m\u00e3es que doam.<\/p>\n\n\n\n<hr class=\"wp-block-separator has-alpha-channel-opacity\"\/>\n\n\n\n<h3 class=\"wp-block-heading\">Um compromisso de toda a sociedade<\/h3>\n\n\n\n<p>Neste 19 de maio, a <strong>Prefeitura de Ourinhos<\/strong>, a <strong>Santa Casa<\/strong> e a <strong>Secretaria Municipal de Sa\u00fade<\/strong> refor\u00e7am o convite \u00e0 popula\u00e7\u00e3o: <strong>apoie essa causa<\/strong>.<\/p>\n\n\n\n<p>Voc\u00ea pode:<\/p>\n\n\n\n<ul class=\"wp-block-list\">\n<li><strong>Doar leite materno<\/strong><\/li>\n\n\n\n<li><strong>Divulgar a import\u00e2ncia da doa\u00e7\u00e3o<\/strong><\/li>\n\n\n\n<li><strong>Incentivar outras m\u00e3es a participarem<\/strong><\/li>\n<\/ul>\n\n\n\n<p><strong>Doar leite \u00e9 doar vida. Participe dessa rede de amor, empatia e esperan\u00e7a.<\/strong><\/p>\n\n\n\n<figure class=\"wp-block-gallery has-nested-images columns-default is-cropped wp-block-gallery-1 is-layout-flex wp-block-gallery-is-layout-flex\">\n<figure class=\"wp-block-image size-large\"><img decoding=\"async\" width=\"576\" height=\"1024\" data-id=\"5295\" src=\"https:\/\/noticiasregionais.com.br\/wp-content\/uploads\/2025\/05\/WhatsApp-Image-2025-05-19-at-09.08.401-576x1024.jpeg\" alt=\"\" class=\"wp-image-5295\" srcset=\"https:\/\/noticiasregionais.com.br\/wp-content\/uploads\/2025\/05\/WhatsApp-Image-2025-05-19-at-09.08.401-576x1024.jpeg 576w, https:\/\/noticiasregionais.com.br\/wp-content\/uploads\/2025\/05\/WhatsApp-Image-2025-05-19-at-09.08.401-169x300.jpeg 169w, https:\/\/noticiasregionais.com.br\/wp-content\/uploads\/2025\/05\/WhatsApp-Image-2025-05-19-at-09.08.401-768x1365.jpeg 768w, https:\/\/noticiasregionais.com.br\/wp-content\/uploads\/2025\/05\/WhatsApp-Image-2025-05-19-at-09.08.401-864x1536.jpeg 864w, https:\/\/noticiasregionais.com.br\/wp-content\/uploads\/2025\/05\/WhatsApp-Image-2025-05-19-at-09.08.401.jpeg 900w\" sizes=\"(max-width: 576px) 100vw, 576px\" \/><\/figure>\n\n\n\n<figure class=\"wp-block-image size-large\"><img decoding=\"async\" width=\"576\" height=\"1024\" data-id=\"5296\" src=\"https:\/\/noticiasregionais.com.br\/wp-content\/uploads\/2025\/05\/WhatsApp-Image-2025-05-19-at-09.08.40-576x1024.jpeg\" alt=\"\" class=\"wp-image-5296\" srcset=\"https:\/\/noticiasregionais.com.br\/wp-content\/uploads\/2025\/05\/WhatsApp-Image-2025-05-19-at-09.08.40-576x1024.jpeg 576w, https:\/\/noticiasregionais.com.br\/wp-content\/uploads\/2025\/05\/WhatsApp-Image-2025-05-19-at-09.08.40-169x300.jpeg 169w, https:\/\/noticiasregionais.com.br\/wp-content\/uploads\/2025\/05\/WhatsApp-Image-2025-05-19-at-09.08.40-768x1365.jpeg 768w, https:\/\/noticiasregionais.com.br\/wp-content\/uploads\/2025\/05\/WhatsApp-Image-2025-05-19-at-09.08.40-864x1536.jpeg 864w, https:\/\/noticiasregionais.com.br\/wp-content\/uploads\/2025\/05\/WhatsApp-Image-2025-05-19-at-09.08.40.jpeg 900w\" sizes=\"(max-width: 576px) 100vw, 576px\" \/><\/figure>\n<\/figure>\n<input type=\"hidden\" id=\"baseurl\" value=\"https:\/\/noticiasregionais.com.br\"><input type=\"hidden\" id=\"audio_nonce\" value=\"533fbb67b1\">","protected":false},"excerpt":{"rendered":"<p>Doa\u00e7\u00e3o de leite humano salva vidas e \u00e9 celebrada com a\u00e7\u00e3o solid\u00e1ria em Ourinhos; m\u00e3es doadoras recebem suporte completo da&hellip;<\/p>\n","protected":false},"author":1,"featured_media":5297,"comment_status":"closed","ping_status":"open","sticky":false,"template":"","format":"standard","meta":{"sfsi_plus_gutenberg_text_before_share":"","sfsi_plus_gutenberg_show_text_before_share":"","sfsi_plus_gutenberg_icon_type":"","sfsi_plus_gutenberg_icon_alignemt":"","sfsi_plus_gutenburg_max_per_row":"","footnotes":""},"categories":[5,10,1],"tags":[16],"class_list":["post-5294","post","type-post","status-publish","format-standard","has-post-thumbnail","hentry","category-ourinhos","category-destaques","category-noticias","tag-ourinhos"],"_links":{"self":[{"href":"https:\/\/noticiasregionais.com.br\/index.php?rest_route=\/wp\/v2\/posts\/5294","targetHints":{"allow":["GET"]}}],"collection":[{"href":"https:\/\/noticiasregionais.com.br\/index.php?rest_route=\/wp\/v2\/posts"}],"about":[{"href":"https:\/\/noticiasregionais.com.br\/index.php?rest_route=\/wp\/v2\/types\/post"}],"author":[{"embeddable":true,"href":"https:\/\/noticiasregionais.com.br\/index.php?rest_route=\/wp\/v2\/users\/1"}],"replies":[{"embeddable":true,"href":"https:\/\/noticiasregionais.com.br\/index.php?rest_route=%2Fwp%2Fv2%2Fcomments&post=5294"}],"version-history":[{"count":1,"href":"https:\/\/noticiasregionais.com.br\/index.php?rest_route=\/wp\/v2\/posts\/5294\/revisions"}],"predecessor-version":[{"id":5298,"href":"https:\/\/noticiasregionais.com.br\/index.php?rest_route=\/wp\/v2\/posts\/5294\/revisions\/5298"}],"wp:featuredmedia":[{"embeddable":true,"href":"https:\/\/noticiasregionais.com.br\/index.php?rest_route=\/wp\/v2\/media\/5297"}],"wp:attachment":[{"href":"https:\/\/noticiasregionais.com.br\/index.php?rest_route=%2Fwp%2Fv2%2Fmedia&parent=5294"}],"wp:term":[{"taxonomy":"category","embeddable":true,"href":"https:\/\/noticiasregionais.com.br\/index.php?rest_route=%2Fwp%2Fv2%2Fcategories&post=5294"},{"taxonomy":"post_tag","embeddable":true,"href":"https:\/\/noticiasregionais.com.br\/index.php?rest_route=%2Fwp%2Fv2%2Ftags&post=5294"}],"curies":[{"name":"wp","href":"https:\/\/api.w.org\/{rel}","templated":true}]}}