{"id":5304,"date":"2025-05-19T19:47:12","date_gmt":"2025-05-19T22:47:12","guid":{"rendered":"https:\/\/noticiasregionais.com.br\/?p=5304"},"modified":"2025-05-19T19:47:23","modified_gmt":"2025-05-19T22:47:23","slug":"prf-apreende-mais-de-670-kg-de-maconha-em-duas-ocorrencias-na-br-153","status":"publish","type":"post","link":"https:\/\/noticiasregionais.com.br\/?p=5304","title":{"rendered":"PRF apreende mais de 670 kg de maconha em duas ocorr\u00eancias na BR-153"},"content":{"rendered":"\n<p>A Pol\u00edcia Rodovi\u00e1ria Federal (PRF) realizou duas apreens\u00f5es de maconha em menos de 24 horas durante fiscaliza\u00e7\u00f5es na BR-153, em S\u00e3o Jos\u00e9 do Rio Preto. As a\u00e7\u00f5es resultaram na pris\u00e3o de duas pessoas e na apreens\u00e3o de aproximadamente 672 kg da droga.<\/p>\n\n\n\n<p>A primeira ocorr\u00eancia foi registrada na noite de sexta-feira (16), quando o motorista de um VW\/Gol branco desobedeceu a uma ordem de parada no km 61 da BR-153 e fugiu em alta velocidade pela Rodovia Assis Chateaubriand (SP-425). Ap\u00f3s cerca de 5 quil\u00f4metros de persegui\u00e7\u00e3o, o ve\u00edculo foi interceptado, e os policiais encontraram cerca de <strong>650 kg de maconha<\/strong> distribu\u00eddos em <strong>790 tabletes<\/strong> no interior do carro. O condutor, de 40 anos, afirmou que havia pegado o ve\u00edculo carregado em Douradina (MS) e que o destino final seria em Minas Gerais. Ele foi preso em flagrante e encaminhado \u00e0 Central de Flagrantes da Pol\u00edcia Civil.<\/p>\n\n\n\n<p>J\u00e1 na manh\u00e3 de s\u00e1bado (17), por volta das 9h20, uma mulher foi presa com <strong>22,15 kg de maconha<\/strong> durante uma abordagem a um \u00f4nibus de linha no km 69 da BR-153. A droga estava em duas malas no bagageiro do ve\u00edculo, que seguia de Campo Grande (MS) para Goi\u00e2nia (GO). C\u00e3es farejadores da PRF identificaram os entorpecentes, e a passageira respons\u00e1vel pelas bagagens inicialmente apresentou um documento falso. Ela confessou ter usado a identidade da irm\u00e3 g\u00eamea para esconder seu hist\u00f3rico criminal por tr\u00e1fico de drogas. A suspeita disse que receberia R$ 3 mil pelo transporte. Antes de ser detida, ela destruiu voluntariamente seu celular para tentar proteger outros envolvidos no crime.<\/p>\n\n\n\n<p>Nas duas a\u00e7\u00f5es, os entorpecentes e os presos foram encaminhados \u00e0s autoridades competentes. As ocorr\u00eancias refor\u00e7am o combate ao tr\u00e1fico de drogas nas rodovias federais que cortam o interior paulista.<\/p>\n\n\n\n<figure class=\"wp-block-image size-large\"><img decoding=\"async\" width=\"1024\" height=\"576\" src=\"https:\/\/noticiasregionais.com.br\/wp-content\/uploads\/2025\/05\/WhatsApp-Image-2025-05-19-at-13.51.38-1024x576.jpeg\" alt=\"\" class=\"wp-image-5306\" srcset=\"https:\/\/noticiasregionais.com.br\/wp-content\/uploads\/2025\/05\/WhatsApp-Image-2025-05-19-at-13.51.38-1024x576.jpeg 1024w, https:\/\/noticiasregionais.com.br\/wp-content\/uploads\/2025\/05\/WhatsApp-Image-2025-05-19-at-13.51.38-300x169.jpeg 300w, https:\/\/noticiasregionais.com.br\/wp-content\/uploads\/2025\/05\/WhatsApp-Image-2025-05-19-at-13.51.38-768x432.jpeg 768w, https:\/\/noticiasregionais.com.br\/wp-content\/uploads\/2025\/05\/WhatsApp-Image-2025-05-19-at-13.51.38-1536x864.jpeg 1536w, https:\/\/noticiasregionais.com.br\/wp-content\/uploads\/2025\/05\/WhatsApp-Image-2025-05-19-at-13.51.38-2048x1152.jpeg 2048w\" sizes=\"(max-width: 1024px) 100vw, 1024px\" \/><\/figure>\n<input type=\"hidden\" id=\"baseurl\" value=\"https:\/\/noticiasregionais.com.br\"><input type=\"hidden\" id=\"audio_nonce\" value=\"533fbb67b1\">","protected":false},"excerpt":{"rendered":"<p>A Pol\u00edcia Rodovi\u00e1ria Federal (PRF) realizou duas apreens\u00f5es de maconha em menos de 24 horas durante fiscaliza\u00e7\u00f5es na BR-153, em&hellip;<\/p>\n","protected":false},"author":1,"featured_media":5305,"comment_status":"closed","ping_status":"open","sticky":false,"template":"","format":"standard","meta":{"sfsi_plus_gutenberg_text_before_share":"","sfsi_plus_gutenberg_show_text_before_share":"","sfsi_plus_gutenberg_icon_type":"","sfsi_plus_gutenberg_icon_alignemt":"","sfsi_plus_gutenburg_max_per_row":"","footnotes":""},"categories":[6,10,1],"tags":[],"class_list":["post-5304","post","type-post","status-publish","format-standard","has-post-thumbnail","hentry","category-sao_paulo","category-destaques","category-noticias"],"_links":{"self":[{"href":"https:\/\/noticiasregionais.com.br\/index.php?rest_route=\/wp\/v2\/posts\/5304","targetHints":{"allow":["GET"]}}],"collection":[{"href":"https:\/\/noticiasregionais.com.br\/index.php?rest_route=\/wp\/v2\/posts"}],"about":[{"href":"https:\/\/noticiasregionais.com.br\/index.php?rest_route=\/wp\/v2\/types\/post"}],"author":[{"embeddable":true,"href":"https:\/\/noticiasregionais.com.br\/index.php?rest_route=\/wp\/v2\/users\/1"}],"replies":[{"embeddable":true,"href":"https:\/\/noticiasregionais.com.br\/index.php?rest_route=%2Fwp%2Fv2%2Fcomments&post=5304"}],"version-history":[{"count":1,"href":"https:\/\/noticiasregionais.com.br\/index.php?rest_route=\/wp\/v2\/posts\/5304\/revisions"}],"predecessor-version":[{"id":5307,"href":"https:\/\/noticiasregionais.com.br\/index.php?rest_route=\/wp\/v2\/posts\/5304\/revisions\/5307"}],"wp:featuredmedia":[{"embeddable":true,"href":"https:\/\/noticiasregionais.com.br\/index.php?rest_route=\/wp\/v2\/media\/5305"}],"wp:attachment":[{"href":"https:\/\/noticiasregionais.com.br\/index.php?rest_route=%2Fwp%2Fv2%2Fmedia&parent=5304"}],"wp:term":[{"taxonomy":"category","embeddable":true,"href":"https:\/\/noticiasregionais.com.br\/index.php?rest_route=%2Fwp%2Fv2%2Fcategories&post=5304"},{"taxonomy":"post_tag","embeddable":true,"href":"https:\/\/noticiasregionais.com.br\/index.php?rest_route=%2Fwp%2Fv2%2Ftags&post=5304"}],"curies":[{"name":"wp","href":"https:\/\/api.w.org\/{rel}","templated":true}]}}