{"id":531,"date":"2023-09-22T21:04:38","date_gmt":"2023-09-23T00:04:38","guid":{"rendered":"https:\/\/noticiasregionais.com.br\/?p=531"},"modified":"2023-09-22T21:04:38","modified_gmt":"2023-09-23T00:04:38","slug":"equipe-de-manutencao-promove-rocada-e-limpeza-na-eta-sae-e-pocos-profundos","status":"publish","type":"post","link":"https:\/\/noticiasregionais.com.br\/?p=531","title":{"rendered":"Equipe de manuten\u00e7\u00e3o promove ro\u00e7ada e limpeza na ETA, SAE e po\u00e7os profundos"},"content":{"rendered":"\n<p>A equipe de Servi\u00e7os Gerais da SAE promoveu ao longo das duas primeiras semanas de setembro a capina\u00e7\u00e3o, limpeza e manuten\u00e7\u00e3o no setor de capta\u00e7\u00e3o de \u00e1gua da ETA, em \u00e1reas da SAE e tamb\u00e9m nos po\u00e7os profundos do Parque dos Diamantes e Paineiras. \u00c1reas de Reservat\u00f3rios, Esta\u00e7\u00f5es de Tratamento de Esgoto e lagoas de decanta\u00e7\u00e3o tamb\u00e9m recebem as a\u00e7\u00f5es peri\u00f3dicas de limpeza. A equipe se divide na manuten\u00e7\u00e3o e ro\u00e7ada em cerca de 20 localidades.<\/p>\n\n\n\n<figure class=\"wp-block-image\"><img decoding=\"async\" src=\"https:\/\/sae-ourinhos.com.br\/wp-content\/uploads\/2023\/09\/WhatsApp-Image-2023-09-15-at-10.00.23-1024x576.jpeg\" alt=\"\" class=\"wp-image-10789\"\/><\/figure>\n<input type=\"hidden\" id=\"baseurl\" value=\"https:\/\/noticiasregionais.com.br\"><input type=\"hidden\" id=\"audio_nonce\" value=\"533fbb67b1\">","protected":false},"excerpt":{"rendered":"<p>A equipe de Servi\u00e7os Gerais da SAE promoveu ao longo das duas primeiras semanas de setembro a capina\u00e7\u00e3o, limpeza e&hellip;<\/p>\n","protected":false},"author":1,"featured_media":532,"comment_status":"closed","ping_status":"open","sticky":false,"template":"","format":"standard","meta":{"sfsi_plus_gutenberg_text_before_share":"","sfsi_plus_gutenberg_show_text_before_share":"","sfsi_plus_gutenberg_icon_type":"","sfsi_plus_gutenberg_icon_alignemt":"","sfsi_plus_gutenburg_max_per_row":"","footnotes":""},"categories":[5,10,1],"tags":[],"class_list":["post-531","post","type-post","status-publish","format-standard","has-post-thumbnail","hentry","category-ourinhos","category-destaques","category-noticias"],"_links":{"self":[{"href":"https:\/\/noticiasregionais.com.br\/index.php?rest_route=\/wp\/v2\/posts\/531","targetHints":{"allow":["GET"]}}],"collection":[{"href":"https:\/\/noticiasregionais.com.br\/index.php?rest_route=\/wp\/v2\/posts"}],"about":[{"href":"https:\/\/noticiasregionais.com.br\/index.php?rest_route=\/wp\/v2\/types\/post"}],"author":[{"embeddable":true,"href":"https:\/\/noticiasregionais.com.br\/index.php?rest_route=\/wp\/v2\/users\/1"}],"replies":[{"embeddable":true,"href":"https:\/\/noticiasregionais.com.br\/index.php?rest_route=%2Fwp%2Fv2%2Fcomments&post=531"}],"version-history":[{"count":1,"href":"https:\/\/noticiasregionais.com.br\/index.php?rest_route=\/wp\/v2\/posts\/531\/revisions"}],"predecessor-version":[{"id":533,"href":"https:\/\/noticiasregionais.com.br\/index.php?rest_route=\/wp\/v2\/posts\/531\/revisions\/533"}],"wp:featuredmedia":[{"embeddable":true,"href":"https:\/\/noticiasregionais.com.br\/index.php?rest_route=\/wp\/v2\/media\/532"}],"wp:attachment":[{"href":"https:\/\/noticiasregionais.com.br\/index.php?rest_route=%2Fwp%2Fv2%2Fmedia&parent=531"}],"wp:term":[{"taxonomy":"category","embeddable":true,"href":"https:\/\/noticiasregionais.com.br\/index.php?rest_route=%2Fwp%2Fv2%2Fcategories&post=531"},{"taxonomy":"post_tag","embeddable":true,"href":"https:\/\/noticiasregionais.com.br\/index.php?rest_route=%2Fwp%2Fv2%2Ftags&post=531"}],"curies":[{"name":"wp","href":"https:\/\/api.w.org\/{rel}","templated":true}]}}