{"id":5372,"date":"2025-05-23T09:13:10","date_gmt":"2025-05-23T12:13:10","guid":{"rendered":"https:\/\/noticiasregionais.com.br\/?p=5372"},"modified":"2025-05-23T09:13:13","modified_gmt":"2025-05-23T12:13:13","slug":"policia-rodoviaria-realiza-a-maior-apreensao-de-skank-ja-registrada-no-estado-de-sao-paulo","status":"publish","type":"post","link":"https:\/\/noticiasregionais.com.br\/?p=5372","title":{"rendered":"Policia Rodovi\u00e1ria realiza a maior apreens\u00e3o de Skank j\u00e1 registrada no estado de S\u00e3o Paulo"},"content":{"rendered":"\n<p>A Pol\u00edcia Militar Rodovi\u00e1ria, em uma a\u00e7\u00e3o integrada com a For\u00e7a Integrada de Combate ao Crime Organizado de S\u00e3o Paulo (FICCO\/SP), realizou uma das maiores apreens\u00f5es de drogas da hist\u00f3ria do estado na noite desta quarta-feira (22).<\/p>\n\n\n\n<p>Durante a <em>Opera\u00e7\u00e3o Impacto<\/em>, por volta das 21h30, uma equipe abordou um caminh\u00e3o SCANIA\/T112 na Rodovia Raposo Tavares (SP-270), na altura do km 430, em C\u00e2ndido Mota. O ve\u00edculo fazia o trajeto entre Ponta Por\u00e3 (MS) e Avar\u00e9 (SP). Ao realizarem a vistoria, os policiais encontraram, escondidos sob uma carga de res\u00edduos de soja, nada menos que <strong>865 quilos de Skank<\/strong>, uma varia\u00e7\u00e3o da maconha conhecida por sua alta pot\u00eancia e maior valor no mercado ilegal.<\/p>\n\n\n\n<p>O condutor do caminh\u00e3o, um homem de 41 anos, foi preso em flagrante e conduzido \u00e0 Delegacia da Pol\u00edcia Federal em Mar\u00edlia (SP), onde permanece \u00e0 disposi\u00e7\u00e3o da Justi\u00e7a, acusado de tr\u00e1fico de drogas.<\/p>\n\n\n\n<p>Segundo o comandante do policiamento local, essa pode ter sido <strong>a maior apreens\u00e3o de Skank j\u00e1 registrada no estado de S\u00e3o Paulo \u2014 e, possivelmente, em todo o Brasil<\/strong>. \u201c\u00c9 uma vit\u00f3ria significativa contra o tr\u00e1fico. Uma apreens\u00e3o dessa magnitude representa um golpe direto nas finan\u00e7as do crime organizado\u201d, afirmou o oficial.<\/p>\n\n\n\n<p>A droga, popularmente chamada de \u201csuper maconha\u201d, \u00e9 produzida com t\u00e9cnicas de cultivo intensivo e manipula\u00e7\u00e3o gen\u00e9tica, resultando em um entorpecente com teor de THC at\u00e9 cinco vezes maior que a maconha tradicional. O carregamento apreendido poderia render milh\u00f5es de reais no mercado clandestino.<\/p>\n\n\n\n<p>A Pol\u00edcia Militar destacou que a\u00e7\u00f5es como esta s\u00e3o parte de um esfor\u00e7o constante para refor\u00e7ar a seguran\u00e7a nas rodovias paulistas e impedir o uso das estradas como rotas do tr\u00e1fico.<\/p>\n\n\n\n<p><strong>POL\u00cdCIA MILITAR \u2013 Rumo aos 200 anos! Vamos todos juntos. Ningu\u00e9m fica para tr\u00e1s.<\/strong><\/p>\n<input type=\"hidden\" id=\"baseurl\" value=\"https:\/\/noticiasregionais.com.br\"><input type=\"hidden\" id=\"audio_nonce\" value=\"533fbb67b1\">","protected":false},"excerpt":{"rendered":"<p>A Pol\u00edcia Militar Rodovi\u00e1ria, em uma a\u00e7\u00e3o integrada com a For\u00e7a Integrada de Combate ao Crime Organizado de S\u00e3o Paulo&hellip;<\/p>\n","protected":false},"author":1,"featured_media":5373,"comment_status":"closed","ping_status":"open","sticky":false,"template":"","format":"standard","meta":{"sfsi_plus_gutenberg_text_before_share":"","sfsi_plus_gutenberg_show_text_before_share":"","sfsi_plus_gutenberg_icon_type":"","sfsi_plus_gutenberg_icon_alignemt":"","sfsi_plus_gutenburg_max_per_row":"","footnotes":""},"categories":[12,1,6],"tags":[42],"class_list":["post-5372","post","type-post","status-publish","format-standard","has-post-thumbnail","hentry","category-capa","category-noticias","category-sao_paulo","tag-candido_mota"],"_links":{"self":[{"href":"https:\/\/noticiasregionais.com.br\/index.php?rest_route=\/wp\/v2\/posts\/5372","targetHints":{"allow":["GET"]}}],"collection":[{"href":"https:\/\/noticiasregionais.com.br\/index.php?rest_route=\/wp\/v2\/posts"}],"about":[{"href":"https:\/\/noticiasregionais.com.br\/index.php?rest_route=\/wp\/v2\/types\/post"}],"author":[{"embeddable":true,"href":"https:\/\/noticiasregionais.com.br\/index.php?rest_route=\/wp\/v2\/users\/1"}],"replies":[{"embeddable":true,"href":"https:\/\/noticiasregionais.com.br\/index.php?rest_route=%2Fwp%2Fv2%2Fcomments&post=5372"}],"version-history":[{"count":1,"href":"https:\/\/noticiasregionais.com.br\/index.php?rest_route=\/wp\/v2\/posts\/5372\/revisions"}],"predecessor-version":[{"id":5374,"href":"https:\/\/noticiasregionais.com.br\/index.php?rest_route=\/wp\/v2\/posts\/5372\/revisions\/5374"}],"wp:featuredmedia":[{"embeddable":true,"href":"https:\/\/noticiasregionais.com.br\/index.php?rest_route=\/wp\/v2\/media\/5373"}],"wp:attachment":[{"href":"https:\/\/noticiasregionais.com.br\/index.php?rest_route=%2Fwp%2Fv2%2Fmedia&parent=5372"}],"wp:term":[{"taxonomy":"category","embeddable":true,"href":"https:\/\/noticiasregionais.com.br\/index.php?rest_route=%2Fwp%2Fv2%2Fcategories&post=5372"},{"taxonomy":"post_tag","embeddable":true,"href":"https:\/\/noticiasregionais.com.br\/index.php?rest_route=%2Fwp%2Fv2%2Ftags&post=5372"}],"curies":[{"name":"wp","href":"https:\/\/api.w.org\/{rel}","templated":true}]}}