{"id":538,"date":"2023-09-23T20:13:35","date_gmt":"2023-09-23T23:13:35","guid":{"rendered":"https:\/\/noticiasregionais.com.br\/?p=538"},"modified":"2023-09-23T20:13:35","modified_gmt":"2023-09-23T23:13:35","slug":"pre-prende-2-individuos-por-trafico-de-drogas-em-santa-cruz-do-rio-pardo","status":"publish","type":"post","link":"https:\/\/noticiasregionais.com.br\/?p=538","title":{"rendered":"PRE prende 2 indiv\u00edduos por tr\u00e1fico de drogas em Santa Cruz do Rio Pardo"},"content":{"rendered":"\n<p>Policiais militares do 2\u00b0 Batalh\u00e3o de Pol\u00edcia Rodovi\u00e1ria prenderam dois indiv\u00edduos por tr\u00e1fico de drogas na tarde desta ter\u00e7a-feira (23), na Rodovia Engenheiro Jo\u00e3o Baptista Cabral Renn\u00f3 (SP-225), em Santa Cruz do Rio Pardo.<\/p>\n\n\n\n<p>Os policiais realizavam Opera\u00e7\u00e3o Impacto quando suspeitaram do condutor de um \u00f4nibus Scania\/MPolo Paradiso, que seguia de Corumb\u00e1 (MS) para S\u00e3o Paulo. Durante a vistoria, localizaram caixas no compartimento de carga com 48 frascos de creme para massagem com cloridrato de coca\u00edna em seu interior.<\/p>\n\n\n\n<p>A droga totalizou 7,200 kg. O dono da droga n\u00e3o estava no \u00f4nibus, que transportava apenas passageiros. O condutor do \u00f4nibus e o guia da viagem foram ouvidos e liberados.<\/p>\n\n\n\n<p>A ocorr\u00eancia foi apresentada na Pol\u00edcia Federal de Mar\u00edlia.<\/p>\n\n\n\n<p><strong>Pol\u00edcia Militar: 200 anos de hist\u00f3ria<\/strong><\/p>\n\n\n\n<p>A Pol\u00edcia Militar de S\u00e3o Paulo completa 200 anos de hist\u00f3ria em 2023. Nestes 200 anos, a PMSP tem se dedicado a proteger a popula\u00e7\u00e3o e garantir a seguran\u00e7a p\u00fablica no estado.<\/p>\n\n\n\n<p>Ao longo do tempo, a PMSP se modernizou e se adaptou \u00e0s novas demandas da sociedade. Hoje, a PMSP conta com um efetivo de mais de 80 mil policiais militares, que atuam em todo o estado.<\/p>\n\n\n\n<p>A PMSP \u00e9 uma institui\u00e7\u00e3o essencial para a seguran\u00e7a p\u00fablica de S\u00e3o Paulo. Seus policiais est\u00e3o sempre prontos para proteger a popula\u00e7\u00e3o e garantir a ordem p\u00fablica.<\/p>\n<input type=\"hidden\" id=\"baseurl\" value=\"https:\/\/noticiasregionais.com.br\"><input type=\"hidden\" id=\"audio_nonce\" value=\"533fbb67b1\">","protected":false},"excerpt":{"rendered":"<p>Policiais militares do 2\u00b0 Batalh\u00e3o de Pol\u00edcia Rodovi\u00e1ria prenderam dois indiv\u00edduos por tr\u00e1fico de drogas na tarde desta ter\u00e7a-feira (23),&hellip;<\/p>\n","protected":false},"author":1,"featured_media":539,"comment_status":"closed","ping_status":"open","sticky":false,"template":"","format":"standard","meta":{"sfsi_plus_gutenberg_text_before_share":"","sfsi_plus_gutenberg_show_text_before_share":"","sfsi_plus_gutenberg_icon_type":"","sfsi_plus_gutenberg_icon_alignemt":"","sfsi_plus_gutenburg_max_per_row":"","footnotes":""},"categories":[6,12,1],"tags":[],"class_list":["post-538","post","type-post","status-publish","format-standard","has-post-thumbnail","hentry","category-sao_paulo","category-capa","category-noticias"],"_links":{"self":[{"href":"https:\/\/noticiasregionais.com.br\/index.php?rest_route=\/wp\/v2\/posts\/538","targetHints":{"allow":["GET"]}}],"collection":[{"href":"https:\/\/noticiasregionais.com.br\/index.php?rest_route=\/wp\/v2\/posts"}],"about":[{"href":"https:\/\/noticiasregionais.com.br\/index.php?rest_route=\/wp\/v2\/types\/post"}],"author":[{"embeddable":true,"href":"https:\/\/noticiasregionais.com.br\/index.php?rest_route=\/wp\/v2\/users\/1"}],"replies":[{"embeddable":true,"href":"https:\/\/noticiasregionais.com.br\/index.php?rest_route=%2Fwp%2Fv2%2Fcomments&post=538"}],"version-history":[{"count":1,"href":"https:\/\/noticiasregionais.com.br\/index.php?rest_route=\/wp\/v2\/posts\/538\/revisions"}],"predecessor-version":[{"id":540,"href":"https:\/\/noticiasregionais.com.br\/index.php?rest_route=\/wp\/v2\/posts\/538\/revisions\/540"}],"wp:featuredmedia":[{"embeddable":true,"href":"https:\/\/noticiasregionais.com.br\/index.php?rest_route=\/wp\/v2\/media\/539"}],"wp:attachment":[{"href":"https:\/\/noticiasregionais.com.br\/index.php?rest_route=%2Fwp%2Fv2%2Fmedia&parent=538"}],"wp:term":[{"taxonomy":"category","embeddable":true,"href":"https:\/\/noticiasregionais.com.br\/index.php?rest_route=%2Fwp%2Fv2%2Fcategories&post=538"},{"taxonomy":"post_tag","embeddable":true,"href":"https:\/\/noticiasregionais.com.br\/index.php?rest_route=%2Fwp%2Fv2%2Ftags&post=538"}],"curies":[{"name":"wp","href":"https:\/\/api.w.org\/{rel}","templated":true}]}}