{"id":5384,"date":"2025-05-23T10:06:17","date_gmt":"2025-05-23T13:06:17","guid":{"rendered":"https:\/\/noticiasregionais.com.br\/?p=5384"},"modified":"2025-05-23T10:06:28","modified_gmt":"2025-05-23T13:06:28","slug":"policia-militar-e-policia-civil-realizam-megaoperacao-contra-o-crime-no-norte-pioneiro","status":"publish","type":"post","link":"https:\/\/noticiasregionais.com.br\/?p=5384","title":{"rendered":"Pol\u00edcia militar e pol\u00edcia civil realizam Megaopera\u00e7\u00e3o contra o crime no Norte Pioneiro"},"content":{"rendered":"\n<p>Em uma demonstra\u00e7\u00e3o de for\u00e7a e coopera\u00e7\u00e3o entre as for\u00e7as de seguran\u00e7a, a Pol\u00edcia Militar e a Pol\u00edcia Civil deflagraram, na manh\u00e3 desta quinta-feira (22), uma opera\u00e7\u00e3o conjunta de grande escala nas cidades de Santo Ant\u00f4nio da Platina e Joaquim T\u00e1vora, no Norte Pioneiro do Paran\u00e1. A a\u00e7\u00e3o teve como foco o cumprimento de mandados judiciais relacionados ao tr\u00e1fico de drogas e \u00e0 pris\u00e3o de foragidos da Justi\u00e7a.<\/p>\n\n\n\n<p>A opera\u00e7\u00e3o resultou em <strong>cinco pris\u00f5es<\/strong>, <strong>o cumprimento de um mandado de pris\u00e3o<\/strong>, al\u00e9m da apreens\u00e3o de uma variedade de materiais il\u00edcitos. Os policiais localizaram entorpecentes como maconha, coca\u00edna e crack, muni\u00e7\u00f5es, celulares, balan\u00e7as de precis\u00e3o e at\u00e9 uma motocicleta usada na distribui\u00e7\u00e3o das drogas.<\/p>\n\n\n\n<h3 class=\"wp-block-heading\">A\u00e7\u00f5es em Santo Ant\u00f4nio da Platina<\/h3>\n\n\n\n<p>No bairro Jardim Baggio, os agentes cumpriram um mandado de busca e apreens\u00e3o em uma resid\u00eancia na Rua Luiz Ant\u00f4nio Bertolino. No local, foram encontradas por\u00e7\u00f5es de <strong>maconha e crack<\/strong> j\u00e1 embaladas para venda, al\u00e9m de um aparelho celular. O suspeito foi conduzido \u00e0 delegacia para os procedimentos legais.<\/p>\n\n\n\n<p>Simultaneamente, outra equipe atuou na Rua Silveira da Luz, no Jardim Monte das Oliveiras. Na resid\u00eancia alvo, os policiais encontraram <strong>mais de 400 gramas de drogas<\/strong> (entre coca\u00edna, crack e maconha), <strong>muni\u00e7\u00f5es calibre 38<\/strong>, <strong>balan\u00e7as de precis\u00e3o<\/strong> e uma <strong>motocicleta XRE 300<\/strong>, utilizada no tr\u00e1fico. O homem abordado tentou resistir \u00e0 pris\u00e3o, mas foi contido e levado \u00e0 delegacia.<\/p>\n\n\n\n<p>Ainda em Santo Ant\u00f4nio da Platina, na Rua Joaquim da Costa Leme Sobrinho, bairro Aparecidinho III, foi cumprido um <strong>mandado de pris\u00e3o<\/strong>. O foragido foi localizado, detido e transferido para a Cadeia P\u00fablica de Cambar\u00e1, ap\u00f3s passar por avalia\u00e7\u00e3o m\u00e9dica.<\/p>\n\n\n\n<h3 class=\"wp-block-heading\">A\u00e7\u00e3o em Joaquim T\u00e1vora<\/h3>\n\n\n\n<p>Na cidade vizinha, os trabalhos se concentraram no Jardim Monte das Oliveiras, onde policiais cumpriram um mandado de busca na resid\u00eancia de um suspeito de envolvimento com o tr\u00e1fico. Foram encontradas <strong>por\u00e7\u00f5es de drogas<\/strong>, um <strong>simulacro de arma de fogo<\/strong> e <strong>anota\u00e7\u00f5es financeiras<\/strong> que indicam a movimenta\u00e7\u00e3o de vendas de entorpecentes na regi\u00e3o. O indiv\u00edduo foi detido e encaminhado \u00e0 delegacia local.<\/p>\n\n\n\n<h3 class=\"wp-block-heading\">Balan\u00e7o da Opera\u00e7\u00e3o<\/h3>\n\n\n\n<p>\u2705 5 homens presos<br>\u2705 1 mandado de pris\u00e3o cumprido<br>\u2705 Aproximadamente 111g de maconha<br>\u2705 300g de coca\u00edna<br>\u2705 71g + 9 pedras de crack<br>\u2705 3 balan\u00e7as de precis\u00e3o<br>\u2705 3 celulares apreendidos<br>\u2705 4 muni\u00e7\u00f5es calibre 38<br>\u2705 1 motocicleta XRE 300 apreendida<\/p>\n\n\n\n<h3 class=\"wp-block-heading\">Seguran\u00e7a Integrada<\/h3>\n\n\n\n<p>A opera\u00e7\u00e3o evidencia a import\u00e2ncia da <strong>atua\u00e7\u00e3o coordenada entre Pol\u00edcia Militar e Pol\u00edcia Civil<\/strong> no enfrentamento \u00e0 criminalidade. A uni\u00e3o das for\u00e7as permite planejamento estrat\u00e9gico, troca eficiente de informa\u00e7\u00f5es e a\u00e7\u00e3o conjunta mais precisa e eficaz.<\/p>\n\n\n\n<p>As autoridades refor\u00e7am que novas a\u00e7\u00f5es est\u00e3o previstas e que o objetivo \u00e9 manter a press\u00e3o sobre o crime organizado, garantindo <strong>mais seguran\u00e7a e tranquilidade \u00e0 popula\u00e7\u00e3o do Norte Pioneiro<\/strong>.<\/p>\n\n\n\n<figure class=\"wp-block-gallery has-nested-images columns-default is-cropped wp-block-gallery-1 is-layout-flex wp-block-gallery-is-layout-flex\">\n<figure class=\"wp-block-image size-large\"><img decoding=\"async\" width=\"605\" height=\"1024\" data-id=\"5386\" src=\"https:\/\/noticiasregionais.com.br\/wp-content\/uploads\/2025\/05\/Imagem-do-WhatsApp-de-2025-05-22-as-11.18.04_6f7c2d0c-605x1024.jpg\" alt=\"\" class=\"wp-image-5386\" srcset=\"https:\/\/noticiasregionais.com.br\/wp-content\/uploads\/2025\/05\/Imagem-do-WhatsApp-de-2025-05-22-as-11.18.04_6f7c2d0c-605x1024.jpg 605w, https:\/\/noticiasregionais.com.br\/wp-content\/uploads\/2025\/05\/Imagem-do-WhatsApp-de-2025-05-22-as-11.18.04_6f7c2d0c-177x300.jpg 177w, https:\/\/noticiasregionais.com.br\/wp-content\/uploads\/2025\/05\/Imagem-do-WhatsApp-de-2025-05-22-as-11.18.04_6f7c2d0c-768x1299.jpg 768w, https:\/\/noticiasregionais.com.br\/wp-content\/uploads\/2025\/05\/Imagem-do-WhatsApp-de-2025-05-22-as-11.18.04_6f7c2d0c-908x1536.jpg 908w, https:\/\/noticiasregionais.com.br\/wp-content\/uploads\/2025\/05\/Imagem-do-WhatsApp-de-2025-05-22-as-11.18.04_6f7c2d0c.jpg 946w\" sizes=\"(max-width: 605px) 100vw, 605px\" \/><\/figure>\n\n\n\n<figure class=\"wp-block-image size-large\"><img decoding=\"async\" width=\"1024\" height=\"1016\" data-id=\"5387\" src=\"https:\/\/noticiasregionais.com.br\/wp-content\/uploads\/2025\/05\/Imagem-do-WhatsApp-de-2025-05-22-as-11.18.13_6d56841d-1024x1016.jpg\" alt=\"\" class=\"wp-image-5387\" srcset=\"https:\/\/noticiasregionais.com.br\/wp-content\/uploads\/2025\/05\/Imagem-do-WhatsApp-de-2025-05-22-as-11.18.13_6d56841d-1024x1016.jpg 1024w, https:\/\/noticiasregionais.com.br\/wp-content\/uploads\/2025\/05\/Imagem-do-WhatsApp-de-2025-05-22-as-11.18.13_6d56841d-300x298.jpg 300w, https:\/\/noticiasregionais.com.br\/wp-content\/uploads\/2025\/05\/Imagem-do-WhatsApp-de-2025-05-22-as-11.18.13_6d56841d-150x150.jpg 150w, https:\/\/noticiasregionais.com.br\/wp-content\/uploads\/2025\/05\/Imagem-do-WhatsApp-de-2025-05-22-as-11.18.13_6d56841d-768x762.jpg 768w, https:\/\/noticiasregionais.com.br\/wp-content\/uploads\/2025\/05\/Imagem-do-WhatsApp-de-2025-05-22-as-11.18.13_6d56841d.jpg 1500w\" sizes=\"(max-width: 1024px) 100vw, 1024px\" \/><\/figure>\n<\/figure>\n<input type=\"hidden\" id=\"baseurl\" value=\"https:\/\/noticiasregionais.com.br\"><input type=\"hidden\" id=\"audio_nonce\" value=\"533fbb67b1\">","protected":false},"excerpt":{"rendered":"<p>Em uma demonstra\u00e7\u00e3o de for\u00e7a e coopera\u00e7\u00e3o entre as for\u00e7as de seguran\u00e7a, a Pol\u00edcia Militar e a Pol\u00edcia Civil deflagraram,&hellip;<\/p>\n","protected":false},"author":1,"featured_media":5385,"comment_status":"closed","ping_status":"open","sticky":false,"template":"","format":"standard","meta":{"sfsi_plus_gutenberg_text_before_share":"","sfsi_plus_gutenberg_show_text_before_share":"","sfsi_plus_gutenberg_icon_type":"","sfsi_plus_gutenberg_icon_alignemt":"","sfsi_plus_gutenburg_max_per_row":"","footnotes":""},"categories":[10,1,7],"tags":[35],"class_list":["post-5384","post","type-post","status-publish","format-standard","has-post-thumbnail","hentry","category-destaques","category-noticias","category-parana","tag-santo_antonio_da_platina"],"_links":{"self":[{"href":"https:\/\/noticiasregionais.com.br\/index.php?rest_route=\/wp\/v2\/posts\/5384","targetHints":{"allow":["GET"]}}],"collection":[{"href":"https:\/\/noticiasregionais.com.br\/index.php?rest_route=\/wp\/v2\/posts"}],"about":[{"href":"https:\/\/noticiasregionais.com.br\/index.php?rest_route=\/wp\/v2\/types\/post"}],"author":[{"embeddable":true,"href":"https:\/\/noticiasregionais.com.br\/index.php?rest_route=\/wp\/v2\/users\/1"}],"replies":[{"embeddable":true,"href":"https:\/\/noticiasregionais.com.br\/index.php?rest_route=%2Fwp%2Fv2%2Fcomments&post=5384"}],"version-history":[{"count":1,"href":"https:\/\/noticiasregionais.com.br\/index.php?rest_route=\/wp\/v2\/posts\/5384\/revisions"}],"predecessor-version":[{"id":5388,"href":"https:\/\/noticiasregionais.com.br\/index.php?rest_route=\/wp\/v2\/posts\/5384\/revisions\/5388"}],"wp:featuredmedia":[{"embeddable":true,"href":"https:\/\/noticiasregionais.com.br\/index.php?rest_route=\/wp\/v2\/media\/5385"}],"wp:attachment":[{"href":"https:\/\/noticiasregionais.com.br\/index.php?rest_route=%2Fwp%2Fv2%2Fmedia&parent=5384"}],"wp:term":[{"taxonomy":"category","embeddable":true,"href":"https:\/\/noticiasregionais.com.br\/index.php?rest_route=%2Fwp%2Fv2%2Fcategories&post=5384"},{"taxonomy":"post_tag","embeddable":true,"href":"https:\/\/noticiasregionais.com.br\/index.php?rest_route=%2Fwp%2Fv2%2Ftags&post=5384"}],"curies":[{"name":"wp","href":"https:\/\/api.w.org\/{rel}","templated":true}]}}