{"id":5389,"date":"2025-05-23T10:29:16","date_gmt":"2025-05-23T13:29:16","guid":{"rendered":"https:\/\/noticiasregionais.com.br\/?p=5389"},"modified":"2025-05-23T10:29:18","modified_gmt":"2025-05-23T13:29:18","slug":"santa-casa-reconhece-apoio-do-governador-tarcisio-na-conquista-de-novo-equipamento-de-hemodinamica","status":"publish","type":"post","link":"https:\/\/noticiasregionais.com.br\/?p=5389","title":{"rendered":"Santa Casa reconhece apoio do governador Tarc\u00edsio na conquista de novo equipamento de hemodin\u00e2mica"},"content":{"rendered":"\n<p>Durante a visita do governador Tarc\u00edsio de Freitas a Ourinhos, na manh\u00e3 desta quinta-feira (22), representantes da Santa Casa expressaram sua gratid\u00e3o pelo recente refor\u00e7o \u00e0 estrutura hospitalar da regi\u00e3o.<\/p>\n\n\n\n<p>O presidente da institui\u00e7\u00e3o, empres\u00e1rio Celso Zanuto, acompanhado do administrador Paulo Ot\u00e1vio, entregou pessoalmente um of\u00edcio de agradecimento ao governador. A homenagem reconhece a contribui\u00e7\u00e3o viabilizada por meio de emenda parlamentar da deputada Dani Alonso, que possibilitou a compra de um avan\u00e7ado aparelho de hemodin\u00e2mica, al\u00e9m de um novo sistema de climatiza\u00e7\u00e3o central.<\/p>\n\n\n\n<p>Os recursos permitir\u00e3o a amplia\u00e7\u00e3o e qualifica\u00e7\u00e3o dos atendimentos, especialmente nas \u00e1reas de cardiologia intervencionista e em especialidades que demandam tecnologia de ponta para diagn\u00f3sticos e procedimentos.<\/p>\n\n\n\n<p>\u201cO apoio \u00e0 sa\u00fade p\u00fablica demonstrado com essa emenda \u00e9 um reflexo do compromisso com a qualidade do atendimento prestado \u00e0 popula\u00e7\u00e3o de Ourinhos e regi\u00e3o. Essa conquista representa n\u00e3o apenas moderniza\u00e7\u00e3o tecnol\u00f3gica para a Santa Casa, mas um importante avan\u00e7o em prol da vida\u201d, afirmou Zanuto.<\/p>\n\n\n\n<p>Na oportunidade, a equipe da Santa Casa tamb\u00e9m protocolou um segundo of\u00edcio solicitando ao Governo do Estado novos investimentos e recursos de custeio para continuidade e amplia\u00e7\u00e3o dos servi\u00e7os da institui\u00e7\u00e3o.<\/p>\n<input type=\"hidden\" id=\"baseurl\" value=\"https:\/\/noticiasregionais.com.br\"><input type=\"hidden\" id=\"audio_nonce\" value=\"533fbb67b1\">","protected":false},"excerpt":{"rendered":"<p>Durante a visita do governador Tarc\u00edsio de Freitas a Ourinhos, na manh\u00e3 desta quinta-feira (22), representantes da Santa Casa expressaram&hellip;<\/p>\n","protected":false},"author":1,"featured_media":5390,"comment_status":"closed","ping_status":"open","sticky":false,"template":"","format":"standard","meta":{"sfsi_plus_gutenberg_text_before_share":"","sfsi_plus_gutenberg_show_text_before_share":"","sfsi_plus_gutenberg_icon_type":"","sfsi_plus_gutenberg_icon_alignemt":"","sfsi_plus_gutenburg_max_per_row":"","footnotes":""},"categories":[10,1,5],"tags":[16],"class_list":["post-5389","post","type-post","status-publish","format-standard","has-post-thumbnail","hentry","category-destaques","category-noticias","category-ourinhos","tag-ourinhos"],"_links":{"self":[{"href":"https:\/\/noticiasregionais.com.br\/index.php?rest_route=\/wp\/v2\/posts\/5389","targetHints":{"allow":["GET"]}}],"collection":[{"href":"https:\/\/noticiasregionais.com.br\/index.php?rest_route=\/wp\/v2\/posts"}],"about":[{"href":"https:\/\/noticiasregionais.com.br\/index.php?rest_route=\/wp\/v2\/types\/post"}],"author":[{"embeddable":true,"href":"https:\/\/noticiasregionais.com.br\/index.php?rest_route=\/wp\/v2\/users\/1"}],"replies":[{"embeddable":true,"href":"https:\/\/noticiasregionais.com.br\/index.php?rest_route=%2Fwp%2Fv2%2Fcomments&post=5389"}],"version-history":[{"count":1,"href":"https:\/\/noticiasregionais.com.br\/index.php?rest_route=\/wp\/v2\/posts\/5389\/revisions"}],"predecessor-version":[{"id":5391,"href":"https:\/\/noticiasregionais.com.br\/index.php?rest_route=\/wp\/v2\/posts\/5389\/revisions\/5391"}],"wp:featuredmedia":[{"embeddable":true,"href":"https:\/\/noticiasregionais.com.br\/index.php?rest_route=\/wp\/v2\/media\/5390"}],"wp:attachment":[{"href":"https:\/\/noticiasregionais.com.br\/index.php?rest_route=%2Fwp%2Fv2%2Fmedia&parent=5389"}],"wp:term":[{"taxonomy":"category","embeddable":true,"href":"https:\/\/noticiasregionais.com.br\/index.php?rest_route=%2Fwp%2Fv2%2Fcategories&post=5389"},{"taxonomy":"post_tag","embeddable":true,"href":"https:\/\/noticiasregionais.com.br\/index.php?rest_route=%2Fwp%2Fv2%2Ftags&post=5389"}],"curies":[{"name":"wp","href":"https:\/\/api.w.org\/{rel}","templated":true}]}}