{"id":5392,"date":"2025-05-23T12:55:05","date_gmt":"2025-05-23T15:55:05","guid":{"rendered":"https:\/\/noticiasregionais.com.br\/?p=5392"},"modified":"2025-05-23T12:55:17","modified_gmt":"2025-05-23T15:55:17","slug":"caes-farejadores-do-baep-realizam-multiplas-acoes-em-ourinhos-contra-o-trafico-de-drogas","status":"publish","type":"post","link":"https:\/\/noticiasregionais.com.br\/?p=5392","title":{"rendered":"C\u00e3es farejadores do BAEP realizam m\u00faltiplas a\u00e7\u00f5es em Ourinhos contra o tr\u00e1fico de drogas"},"content":{"rendered":"\n<p>Na manh\u00e3 da \u00faltima quarta-feira (21), a atua\u00e7\u00e3o conjunta entre a Equipe K9 do 13\u00ba Batalh\u00e3o de A\u00e7\u00f5es Especiais de Pol\u00edcia (BAEP) e a Delegacia de Investiga\u00e7\u00f5es Sobre Entorpecentes (DISE) de Ourinhos resultou na pris\u00e3o de tr\u00eas indiv\u00edduos por tr\u00e1fico de drogas em dois bairros da cidade.<\/p>\n\n\n\n<p>As a\u00e7\u00f5es foram realizadas durante o cumprimento de mandados de busca e apreens\u00e3o e contaram com o apoio fundamental dos c\u00e3es farejadores do BAEP, que auxiliaram na localiza\u00e7\u00e3o de entorpecentes escondidos dentro das resid\u00eancias.<\/p>\n\n\n\n<p>No bairro Orlando Quagliato, dois homens, de 20 e 21 anos, foram presos em im\u00f3veis diferentes. Em um dos locais, o c\u00e3o farejador indicou pontos espec\u00edficos onde foram encontrados 118 gramas de crack, 24 gramas de coca\u00edna e 56 gramas de maconha. Na outra resid\u00eancia, o c\u00e3o detectou a presen\u00e7a de 111 gramas de maconha. Ambos os suspeitos foram detidos e conduzidos \u00e0 sede da DISE, permanecendo \u00e0 disposi\u00e7\u00e3o da Justi\u00e7a.<\/p>\n\n\n\n<p>J\u00e1 no bairro Jardim Paris, por volta das 8h40, outro mandado foi cumprido, e um homem de 26 anos acabou preso ap\u00f3s a localiza\u00e7\u00e3o de 5 gramas de crack e 5 gramas de maconha, tamb\u00e9m com o aux\u00edlio do c\u00e3o policial.<\/p>\n\n\n\n<p>As tr\u00eas ocorr\u00eancias evidenciam a import\u00e2ncia da atua\u00e7\u00e3o integrada entre as for\u00e7as policiais e o uso da cinoterapia (atividade policial com c\u00e3es) no combate ao tr\u00e1fico de entorpecentes. O 13\u00ba BAEP segue atuando de forma estrat\u00e9gica e incisiva no enfrentamento \u00e0 criminalidade na regi\u00e3o.<\/p>\n\n\n\n<figure class=\"wp-block-gallery has-nested-images columns-default is-cropped wp-block-gallery-1 is-layout-flex wp-block-gallery-is-layout-flex\">\n<figure class=\"wp-block-image size-large\"><a href=\"https:\/\/noticiasregionais.com.br\/wp-content\/uploads\/2025\/05\/Drogas-Jardim-Paris-em-Ourinhos.jpeg\"><img decoding=\"async\" width=\"1024\" height=\"1024\" data-id=\"5395\" src=\"https:\/\/noticiasregionais.com.br\/wp-content\/uploads\/2025\/05\/Drogas-Jardim-Paris-em-Ourinhos-1024x1024.jpeg\" alt=\"\" class=\"wp-image-5395\" srcset=\"https:\/\/noticiasregionais.com.br\/wp-content\/uploads\/2025\/05\/Drogas-Jardim-Paris-em-Ourinhos-1024x1024.jpeg 1024w, https:\/\/noticiasregionais.com.br\/wp-content\/uploads\/2025\/05\/Drogas-Jardim-Paris-em-Ourinhos-300x300.jpeg 300w, https:\/\/noticiasregionais.com.br\/wp-content\/uploads\/2025\/05\/Drogas-Jardim-Paris-em-Ourinhos-150x150.jpeg 150w, https:\/\/noticiasregionais.com.br\/wp-content\/uploads\/2025\/05\/Drogas-Jardim-Paris-em-Ourinhos-768x768.jpeg 768w, https:\/\/noticiasregionais.com.br\/wp-content\/uploads\/2025\/05\/Drogas-Jardim-Paris-em-Ourinhos-1536x1536.jpeg 1536w, https:\/\/noticiasregionais.com.br\/wp-content\/uploads\/2025\/05\/Drogas-Jardim-Paris-em-Ourinhos-2048x2048.jpeg 2048w\" sizes=\"(max-width: 1024px) 100vw, 1024px\" \/><\/a><\/figure>\n\n\n\n<figure class=\"wp-block-image size-large\"><a href=\"https:\/\/noticiasregionais.com.br\/wp-content\/uploads\/2025\/05\/Maconha-no-Quagliato-em-Ourinhos.jpeg\"><img decoding=\"async\" width=\"1024\" height=\"1024\" data-id=\"5394\" src=\"https:\/\/noticiasregionais.com.br\/wp-content\/uploads\/2025\/05\/Maconha-no-Quagliato-em-Ourinhos-1024x1024.jpeg\" alt=\"\" class=\"wp-image-5394\" srcset=\"https:\/\/noticiasregionais.com.br\/wp-content\/uploads\/2025\/05\/Maconha-no-Quagliato-em-Ourinhos-1024x1024.jpeg 1024w, https:\/\/noticiasregionais.com.br\/wp-content\/uploads\/2025\/05\/Maconha-no-Quagliato-em-Ourinhos-300x300.jpeg 300w, https:\/\/noticiasregionais.com.br\/wp-content\/uploads\/2025\/05\/Maconha-no-Quagliato-em-Ourinhos-150x150.jpeg 150w, https:\/\/noticiasregionais.com.br\/wp-content\/uploads\/2025\/05\/Maconha-no-Quagliato-em-Ourinhos-768x768.jpeg 768w, https:\/\/noticiasregionais.com.br\/wp-content\/uploads\/2025\/05\/Maconha-no-Quagliato-em-Ourinhos-1536x1536.jpeg 1536w, https:\/\/noticiasregionais.com.br\/wp-content\/uploads\/2025\/05\/Maconha-no-Quagliato-em-Ourinhos-2048x2048.jpeg 2048w\" sizes=\"(max-width: 1024px) 100vw, 1024px\" \/><\/a><\/figure>\n\n\n\n<figure class=\"wp-block-image size-large\"><a href=\"https:\/\/noticiasregionais.com.br\/wp-content\/uploads\/2025\/05\/Trafico-Quagliato-em-Ourinhos.jpeg\"><img decoding=\"async\" width=\"1024\" height=\"1024\" data-id=\"5393\" src=\"https:\/\/noticiasregionais.com.br\/wp-content\/uploads\/2025\/05\/Trafico-Quagliato-em-Ourinhos-1024x1024.jpeg\" alt=\"\" class=\"wp-image-5393\" srcset=\"https:\/\/noticiasregionais.com.br\/wp-content\/uploads\/2025\/05\/Trafico-Quagliato-em-Ourinhos-1024x1024.jpeg 1024w, https:\/\/noticiasregionais.com.br\/wp-content\/uploads\/2025\/05\/Trafico-Quagliato-em-Ourinhos-300x300.jpeg 300w, https:\/\/noticiasregionais.com.br\/wp-content\/uploads\/2025\/05\/Trafico-Quagliato-em-Ourinhos-150x150.jpeg 150w, https:\/\/noticiasregionais.com.br\/wp-content\/uploads\/2025\/05\/Trafico-Quagliato-em-Ourinhos-768x768.jpeg 768w, https:\/\/noticiasregionais.com.br\/wp-content\/uploads\/2025\/05\/Trafico-Quagliato-em-Ourinhos-1536x1536.jpeg 1536w, https:\/\/noticiasregionais.com.br\/wp-content\/uploads\/2025\/05\/Trafico-Quagliato-em-Ourinhos-2048x2048.jpeg 2048w\" sizes=\"(max-width: 1024px) 100vw, 1024px\" \/><\/a><\/figure>\n<\/figure>\n<input type=\"hidden\" id=\"baseurl\" value=\"https:\/\/noticiasregionais.com.br\"><input type=\"hidden\" id=\"audio_nonce\" value=\"533fbb67b1\">","protected":false},"excerpt":{"rendered":"<p>Na manh\u00e3 da \u00faltima quarta-feira (21), a atua\u00e7\u00e3o conjunta entre a Equipe K9 do 13\u00ba Batalh\u00e3o de A\u00e7\u00f5es Especiais de&hellip;<\/p>\n","protected":false},"author":1,"featured_media":5396,"comment_status":"closed","ping_status":"open","sticky":false,"template":"","format":"standard","meta":{"sfsi_plus_gutenberg_text_before_share":"","sfsi_plus_gutenberg_show_text_before_share":"","sfsi_plus_gutenberg_icon_type":"","sfsi_plus_gutenberg_icon_alignemt":"","sfsi_plus_gutenburg_max_per_row":"","footnotes":""},"categories":[10,1,5],"tags":[16],"class_list":["post-5392","post","type-post","status-publish","format-standard","has-post-thumbnail","hentry","category-destaques","category-noticias","category-ourinhos","tag-ourinhos"],"_links":{"self":[{"href":"https:\/\/noticiasregionais.com.br\/index.php?rest_route=\/wp\/v2\/posts\/5392","targetHints":{"allow":["GET"]}}],"collection":[{"href":"https:\/\/noticiasregionais.com.br\/index.php?rest_route=\/wp\/v2\/posts"}],"about":[{"href":"https:\/\/noticiasregionais.com.br\/index.php?rest_route=\/wp\/v2\/types\/post"}],"author":[{"embeddable":true,"href":"https:\/\/noticiasregionais.com.br\/index.php?rest_route=\/wp\/v2\/users\/1"}],"replies":[{"embeddable":true,"href":"https:\/\/noticiasregionais.com.br\/index.php?rest_route=%2Fwp%2Fv2%2Fcomments&post=5392"}],"version-history":[{"count":1,"href":"https:\/\/noticiasregionais.com.br\/index.php?rest_route=\/wp\/v2\/posts\/5392\/revisions"}],"predecessor-version":[{"id":5397,"href":"https:\/\/noticiasregionais.com.br\/index.php?rest_route=\/wp\/v2\/posts\/5392\/revisions\/5397"}],"wp:featuredmedia":[{"embeddable":true,"href":"https:\/\/noticiasregionais.com.br\/index.php?rest_route=\/wp\/v2\/media\/5396"}],"wp:attachment":[{"href":"https:\/\/noticiasregionais.com.br\/index.php?rest_route=%2Fwp%2Fv2%2Fmedia&parent=5392"}],"wp:term":[{"taxonomy":"category","embeddable":true,"href":"https:\/\/noticiasregionais.com.br\/index.php?rest_route=%2Fwp%2Fv2%2Fcategories&post=5392"},{"taxonomy":"post_tag","embeddable":true,"href":"https:\/\/noticiasregionais.com.br\/index.php?rest_route=%2Fwp%2Fv2%2Ftags&post=5392"}],"curies":[{"name":"wp","href":"https:\/\/api.w.org\/{rel}","templated":true}]}}