{"id":5399,"date":"2025-05-26T20:17:08","date_gmt":"2025-05-26T23:17:08","guid":{"rendered":"https:\/\/noticiasregionais.com.br\/?p=5399"},"modified":"2025-05-26T20:17:21","modified_gmt":"2025-05-26T23:17:21","slug":"defesa-civil-evita-tragedia-durante-incendio-em-salto-grande","status":"publish","type":"post","link":"https:\/\/noticiasregionais.com.br\/?p=5399","title":{"rendered":"Defesa Civil evita trag\u00e9dia durante inc\u00eandio em Salto Grande"},"content":{"rendered":"\n<h3 class=\"wp-block-heading has-text-align-center\"><em>Fogo em ve\u00edculo amea\u00e7ava resid\u00eancia com casal de idosos; ningu\u00e9m ficou ferido<\/em><\/h3>\n\n\n\n<p>Na manh\u00e3 desta segunda-feira, 26 de maio, uma poss\u00edvel trag\u00e9dia foi evitada gra\u00e7as \u00e0 r\u00e1pida atua\u00e7\u00e3o da Defesa Civil de Salto Grande. Um inc\u00eandio em um ve\u00edculo, ocorrido nas proximidades de uma resid\u00eancia habitada por um casal de idosos, mobilizou a equipe de emerg\u00eancia, que agiu prontamente para conter as chamas.<\/p>\n\n\n\n<p>O chamado foi atendido com agilidade, e a a\u00e7\u00e3o eficiente dos agentes impediu que o fogo se alastrasse e atingisse a casa, que corria s\u00e9rio risco de ser consumida pelas chamas. Felizmente, n\u00e3o houve feridos, e os danos materiais foram limitados ao ve\u00edculo.<\/p>\n\n\n\n<p>A origem do inc\u00eandio ainda est\u00e1 sendo investigada. A Defesa Civil aproveitou a ocasi\u00e3o para refor\u00e7ar a import\u00e2ncia de acionar imediatamente os servi\u00e7os de emerg\u00eancia diante de qualquer situa\u00e7\u00e3o de risco. \u201cA colabora\u00e7\u00e3o da comunidade \u00e9 essencial para que possamos agir a tempo e garantir a seguran\u00e7a de todos\u201d, destacou a corpora\u00e7\u00e3o em nota.<\/p>\n\n\n\n<p>A ocorr\u00eancia serve como alerta para a import\u00e2ncia da preven\u00e7\u00e3o e da prontid\u00e3o no atendimento a emerg\u00eancias, refor\u00e7ando o papel fundamental da Defesa Civil na prote\u00e7\u00e3o da popula\u00e7\u00e3o.<\/p>\n\n\n\n<figure class=\"wp-block-gallery has-nested-images columns-default is-cropped wp-block-gallery-1 is-layout-flex wp-block-gallery-is-layout-flex\">\n<figure class=\"wp-block-image size-large\"><img decoding=\"async\" width=\"473\" height=\"1024\" data-id=\"5402\" src=\"https:\/\/noticiasregionais.com.br\/wp-content\/uploads\/2025\/05\/WhatsApp-Image-2025-05-26-at-11.15.19-473x1024.jpeg\" alt=\"\" class=\"wp-image-5402\" srcset=\"https:\/\/noticiasregionais.com.br\/wp-content\/uploads\/2025\/05\/WhatsApp-Image-2025-05-26-at-11.15.19-473x1024.jpeg 473w, https:\/\/noticiasregionais.com.br\/wp-content\/uploads\/2025\/05\/WhatsApp-Image-2025-05-26-at-11.15.19-139x300.jpeg 139w, https:\/\/noticiasregionais.com.br\/wp-content\/uploads\/2025\/05\/WhatsApp-Image-2025-05-26-at-11.15.19-709x1536.jpeg 709w, https:\/\/noticiasregionais.com.br\/wp-content\/uploads\/2025\/05\/WhatsApp-Image-2025-05-26-at-11.15.19.jpeg 739w\" sizes=\"(max-width: 473px) 100vw, 473px\" \/><\/figure>\n\n\n\n<figure class=\"wp-block-image size-large\"><img decoding=\"async\" width=\"473\" height=\"1024\" data-id=\"5400\" src=\"https:\/\/noticiasregionais.com.br\/wp-content\/uploads\/2025\/05\/WhatsApp-Image-2025-05-26-at-11.15.24-473x1024.jpeg\" alt=\"\" class=\"wp-image-5400\" srcset=\"https:\/\/noticiasregionais.com.br\/wp-content\/uploads\/2025\/05\/WhatsApp-Image-2025-05-26-at-11.15.24-473x1024.jpeg 473w, https:\/\/noticiasregionais.com.br\/wp-content\/uploads\/2025\/05\/WhatsApp-Image-2025-05-26-at-11.15.24-139x300.jpeg 139w, https:\/\/noticiasregionais.com.br\/wp-content\/uploads\/2025\/05\/WhatsApp-Image-2025-05-26-at-11.15.24-709x1536.jpeg 709w, https:\/\/noticiasregionais.com.br\/wp-content\/uploads\/2025\/05\/WhatsApp-Image-2025-05-26-at-11.15.24.jpeg 739w\" sizes=\"(max-width: 473px) 100vw, 473px\" \/><\/figure>\n\n\n\n<figure class=\"wp-block-image size-large\"><img decoding=\"async\" width=\"473\" height=\"1024\" data-id=\"5401\" src=\"https:\/\/noticiasregionais.com.br\/wp-content\/uploads\/2025\/05\/WhatsApp-Image-2025-05-26-at-11.15.20-473x1024.jpeg\" alt=\"\" class=\"wp-image-5401\" srcset=\"https:\/\/noticiasregionais.com.br\/wp-content\/uploads\/2025\/05\/WhatsApp-Image-2025-05-26-at-11.15.20-473x1024.jpeg 473w, https:\/\/noticiasregionais.com.br\/wp-content\/uploads\/2025\/05\/WhatsApp-Image-2025-05-26-at-11.15.20-139x300.jpeg 139w, https:\/\/noticiasregionais.com.br\/wp-content\/uploads\/2025\/05\/WhatsApp-Image-2025-05-26-at-11.15.20-709x1536.jpeg 709w, https:\/\/noticiasregionais.com.br\/wp-content\/uploads\/2025\/05\/WhatsApp-Image-2025-05-26-at-11.15.20.jpeg 739w\" sizes=\"(max-width: 473px) 100vw, 473px\" \/><\/figure>\n<\/figure>\n<input type=\"hidden\" id=\"baseurl\" value=\"https:\/\/noticiasregionais.com.br\"><input type=\"hidden\" id=\"audio_nonce\" value=\"3cdc555a10\">","protected":false},"excerpt":{"rendered":"<p>Fogo em ve\u00edculo amea\u00e7ava resid\u00eancia com casal de idosos; ningu\u00e9m ficou ferido Na manh\u00e3 desta segunda-feira, 26 de maio, uma&hellip;<\/p>\n","protected":false},"author":1,"featured_media":5403,"comment_status":"closed","ping_status":"open","sticky":false,"template":"","format":"standard","meta":{"sfsi_plus_gutenberg_text_before_share":"","sfsi_plus_gutenberg_show_text_before_share":"","sfsi_plus_gutenberg_icon_type":"","sfsi_plus_gutenberg_icon_alignemt":"","sfsi_plus_gutenburg_max_per_row":"","footnotes":""},"categories":[10,1,6],"tags":[15],"class_list":["post-5399","post","type-post","status-publish","format-standard","has-post-thumbnail","hentry","category-destaques","category-noticias","category-sao_paulo","tag-salto_grande"],"_links":{"self":[{"href":"https:\/\/noticiasregionais.com.br\/index.php?rest_route=\/wp\/v2\/posts\/5399","targetHints":{"allow":["GET"]}}],"collection":[{"href":"https:\/\/noticiasregionais.com.br\/index.php?rest_route=\/wp\/v2\/posts"}],"about":[{"href":"https:\/\/noticiasregionais.com.br\/index.php?rest_route=\/wp\/v2\/types\/post"}],"author":[{"embeddable":true,"href":"https:\/\/noticiasregionais.com.br\/index.php?rest_route=\/wp\/v2\/users\/1"}],"replies":[{"embeddable":true,"href":"https:\/\/noticiasregionais.com.br\/index.php?rest_route=%2Fwp%2Fv2%2Fcomments&post=5399"}],"version-history":[{"count":1,"href":"https:\/\/noticiasregionais.com.br\/index.php?rest_route=\/wp\/v2\/posts\/5399\/revisions"}],"predecessor-version":[{"id":5404,"href":"https:\/\/noticiasregionais.com.br\/index.php?rest_route=\/wp\/v2\/posts\/5399\/revisions\/5404"}],"wp:featuredmedia":[{"embeddable":true,"href":"https:\/\/noticiasregionais.com.br\/index.php?rest_route=\/wp\/v2\/media\/5403"}],"wp:attachment":[{"href":"https:\/\/noticiasregionais.com.br\/index.php?rest_route=%2Fwp%2Fv2%2Fmedia&parent=5399"}],"wp:term":[{"taxonomy":"category","embeddable":true,"href":"https:\/\/noticiasregionais.com.br\/index.php?rest_route=%2Fwp%2Fv2%2Fcategories&post=5399"},{"taxonomy":"post_tag","embeddable":true,"href":"https:\/\/noticiasregionais.com.br\/index.php?rest_route=%2Fwp%2Fv2%2Ftags&post=5399"}],"curies":[{"name":"wp","href":"https:\/\/api.w.org\/{rel}","templated":true}]}}