{"id":5405,"date":"2025-05-26T20:25:22","date_gmt":"2025-05-26T23:25:22","guid":{"rendered":"https:\/\/noticiasregionais.com.br\/?p=5405"},"modified":"2025-05-26T20:25:35","modified_gmt":"2025-05-26T23:25:35","slug":"prefeitura-de-ourinhos-retoma-cirurgias-oftalmologicas-gratuitas-e-amplia-acesso-a-saude-visual","status":"publish","type":"post","link":"https:\/\/noticiasregionais.com.br\/?p=5405","title":{"rendered":"Prefeitura de Ourinhos retoma cirurgias oftalmol\u00f3gicas gratuitas e amplia acesso \u00e0 sa\u00fade visual"},"content":{"rendered":"\n<p>A Prefeitura de Ourinhos, por meio da Secretaria Municipal de Sa\u00fade, retomou os atendimentos para cirurgias oftalmol\u00f3gicas gratuitas, marcando um avan\u00e7o significativo na oferta de procedimentos especializados \u00e0 popula\u00e7\u00e3o.<\/p>\n\n\n\n<p>A partir desta quinta-feira (29), os pacientes come\u00e7ar\u00e3o a passar por avalia\u00e7\u00f5es m\u00e9dicas com oftalmologistas \u2014 etapa fundamental para garantir a seguran\u00e7a e efic\u00e1cia das cirurgias. Com a retomada do servi\u00e7o, o munic\u00edpio prev\u00ea a realiza\u00e7\u00e3o de cerca de 60 cirurgias oftalmol\u00f3gicas por m\u00eas, beneficiando especialmente quem aguarda na fila para a cirurgia de catarata e outros tratamentos oftalmol\u00f3gicos.<\/p>\n\n\n\n<p>O agendamento das consultas e procedimentos seguir\u00e1 a ordem da fila de espera, sob coordena\u00e7\u00e3o do Departamento de Avalia\u00e7\u00e3o e Informa\u00e7\u00e3o da Secretaria de Sa\u00fade. A Prefeitura refor\u00e7a a import\u00e2ncia de os pacientes manterem seus dados de contato atualizados para facilitar o processo de convoca\u00e7\u00e3o e garantir maior agilidade no atendimento.<\/p>\n\n\n\n<p>A iniciativa representa um refor\u00e7o no compromisso da gest\u00e3o municipal com a promo\u00e7\u00e3o da sa\u00fade e o bem-estar da popula\u00e7\u00e3o, especialmente na \u00e1rea da sa\u00fade ocular.<\/p>\n<input type=\"hidden\" id=\"baseurl\" value=\"https:\/\/noticiasregionais.com.br\"><input type=\"hidden\" id=\"audio_nonce\" value=\"533fbb67b1\">","protected":false},"excerpt":{"rendered":"<p>A Prefeitura de Ourinhos, por meio da Secretaria Municipal de Sa\u00fade, retomou os atendimentos para cirurgias oftalmol\u00f3gicas gratuitas, marcando um&hellip;<\/p>\n","protected":false},"author":1,"featured_media":5406,"comment_status":"closed","ping_status":"open","sticky":false,"template":"","format":"standard","meta":{"sfsi_plus_gutenberg_text_before_share":"","sfsi_plus_gutenberg_show_text_before_share":"","sfsi_plus_gutenberg_icon_type":"","sfsi_plus_gutenberg_icon_alignemt":"","sfsi_plus_gutenburg_max_per_row":"","footnotes":""},"categories":[10,1,5],"tags":[16],"class_list":["post-5405","post","type-post","status-publish","format-standard","has-post-thumbnail","hentry","category-destaques","category-noticias","category-ourinhos","tag-ourinhos"],"_links":{"self":[{"href":"https:\/\/noticiasregionais.com.br\/index.php?rest_route=\/wp\/v2\/posts\/5405","targetHints":{"allow":["GET"]}}],"collection":[{"href":"https:\/\/noticiasregionais.com.br\/index.php?rest_route=\/wp\/v2\/posts"}],"about":[{"href":"https:\/\/noticiasregionais.com.br\/index.php?rest_route=\/wp\/v2\/types\/post"}],"author":[{"embeddable":true,"href":"https:\/\/noticiasregionais.com.br\/index.php?rest_route=\/wp\/v2\/users\/1"}],"replies":[{"embeddable":true,"href":"https:\/\/noticiasregionais.com.br\/index.php?rest_route=%2Fwp%2Fv2%2Fcomments&post=5405"}],"version-history":[{"count":1,"href":"https:\/\/noticiasregionais.com.br\/index.php?rest_route=\/wp\/v2\/posts\/5405\/revisions"}],"predecessor-version":[{"id":5407,"href":"https:\/\/noticiasregionais.com.br\/index.php?rest_route=\/wp\/v2\/posts\/5405\/revisions\/5407"}],"wp:featuredmedia":[{"embeddable":true,"href":"https:\/\/noticiasregionais.com.br\/index.php?rest_route=\/wp\/v2\/media\/5406"}],"wp:attachment":[{"href":"https:\/\/noticiasregionais.com.br\/index.php?rest_route=%2Fwp%2Fv2%2Fmedia&parent=5405"}],"wp:term":[{"taxonomy":"category","embeddable":true,"href":"https:\/\/noticiasregionais.com.br\/index.php?rest_route=%2Fwp%2Fv2%2Fcategories&post=5405"},{"taxonomy":"post_tag","embeddable":true,"href":"https:\/\/noticiasregionais.com.br\/index.php?rest_route=%2Fwp%2Fv2%2Ftags&post=5405"}],"curies":[{"name":"wp","href":"https:\/\/api.w.org\/{rel}","templated":true}]}}