{"id":541,"date":"2023-09-23T20:33:51","date_gmt":"2023-09-23T23:33:51","guid":{"rendered":"https:\/\/noticiasregionais.com.br\/?p=541"},"modified":"2023-09-23T20:33:52","modified_gmt":"2023-09-23T23:33:52","slug":"pastor-abandona-idosos-em-chacara-onde-mantinha-casa-de-repouso-e-some","status":"publish","type":"post","link":"https:\/\/noticiasregionais.com.br\/?p=541","title":{"rendered":"Pastor abandona idosos em ch\u00e1cara onde mantinha casa de repouso e some"},"content":{"rendered":"\n<p class=\"has-text-align-center\"><strong>Propriet\u00e1ria disse \u00e0 pol\u00edcia que religioso alugou seu im\u00f3vel em Ara\u00e7atuba para cuidar de quatro pessoas e, h\u00e1 uma semana, n\u00e3o d\u00e1 not\u00edcias. Mulher tenta contato dos familiares.<\/strong><\/p>\n\n\n\n<p>Uma mulher de 43 anos procurou a Pol\u00edcia Militar nessa sexta-feira (22) para registrar um boletim de ocorr\u00eancia sobre abandono de idosos. A denunciante \u00e9 dona de uma ch\u00e1cara na zona rural de&nbsp;<strong>Ara\u00e7atuba<\/strong>.<\/p>\n\n\n\n<p>No come\u00e7o deste m\u00eas, um pastor alugou o lugar para abrigar quatro homens, com idade entre 60 e 70 anos. Disse \u00e0 propriet\u00e1ria que apenas precisava da ch\u00e1cara, pois iria cuidar dos idosos.<\/p>\n\n\n\n<p>H\u00e1 uma semana, o locat\u00e1rio teria parado de dar not\u00edcias e cuidar dos idosos. Comida e itens de higiene pessoal tamb\u00e9m n\u00e3o est\u00e3o sendo mais levados. Segundo a mulher, o pastor recebe dinheiro das fam\u00edlias para o cuidado.<\/p>\n\n\n\n<p>A propriet\u00e1ria tentou, com o denunciado, o contato dos familiares dos homens, para inform\u00e1-los sobre o que acontece e pedir para busc\u00e1-los, mas o cuidador se recusou a dar qualquer tipo de informa\u00e7\u00e3o.<\/p>\n\n\n\n<p>Ainda segundo a pol\u00edcia, h\u00e1 uma semana, o pastor n\u00e3o d\u00e1 not\u00edcias.<\/p>\n\n\n\n<p><sub>fonte: Sampi \/ Folhapress<\/sub><\/p>\n<input type=\"hidden\" id=\"baseurl\" value=\"https:\/\/noticiasregionais.com.br\"><input type=\"hidden\" id=\"audio_nonce\" value=\"533fbb67b1\">","protected":false},"excerpt":{"rendered":"<p>Propriet\u00e1ria disse \u00e0 pol\u00edcia que religioso alugou seu im\u00f3vel em Ara\u00e7atuba para cuidar de quatro pessoas e, h\u00e1 uma semana,&hellip;<\/p>\n","protected":false},"author":1,"featured_media":543,"comment_status":"closed","ping_status":"open","sticky":false,"template":"","format":"standard","meta":{"sfsi_plus_gutenberg_text_before_share":"","sfsi_plus_gutenberg_show_text_before_share":"","sfsi_plus_gutenberg_icon_type":"","sfsi_plus_gutenberg_icon_alignemt":"","sfsi_plus_gutenburg_max_per_row":"","footnotes":""},"categories":[6,10,1],"tags":[],"class_list":["post-541","post","type-post","status-publish","format-standard","has-post-thumbnail","hentry","category-sao_paulo","category-destaques","category-noticias"],"_links":{"self":[{"href":"https:\/\/noticiasregionais.com.br\/index.php?rest_route=\/wp\/v2\/posts\/541","targetHints":{"allow":["GET"]}}],"collection":[{"href":"https:\/\/noticiasregionais.com.br\/index.php?rest_route=\/wp\/v2\/posts"}],"about":[{"href":"https:\/\/noticiasregionais.com.br\/index.php?rest_route=\/wp\/v2\/types\/post"}],"author":[{"embeddable":true,"href":"https:\/\/noticiasregionais.com.br\/index.php?rest_route=\/wp\/v2\/users\/1"}],"replies":[{"embeddable":true,"href":"https:\/\/noticiasregionais.com.br\/index.php?rest_route=%2Fwp%2Fv2%2Fcomments&post=541"}],"version-history":[{"count":1,"href":"https:\/\/noticiasregionais.com.br\/index.php?rest_route=\/wp\/v2\/posts\/541\/revisions"}],"predecessor-version":[{"id":544,"href":"https:\/\/noticiasregionais.com.br\/index.php?rest_route=\/wp\/v2\/posts\/541\/revisions\/544"}],"wp:featuredmedia":[{"embeddable":true,"href":"https:\/\/noticiasregionais.com.br\/index.php?rest_route=\/wp\/v2\/media\/543"}],"wp:attachment":[{"href":"https:\/\/noticiasregionais.com.br\/index.php?rest_route=%2Fwp%2Fv2%2Fmedia&parent=541"}],"wp:term":[{"taxonomy":"category","embeddable":true,"href":"https:\/\/noticiasregionais.com.br\/index.php?rest_route=%2Fwp%2Fv2%2Fcategories&post=541"},{"taxonomy":"post_tag","embeddable":true,"href":"https:\/\/noticiasregionais.com.br\/index.php?rest_route=%2Fwp%2Fv2%2Ftags&post=541"}],"curies":[{"name":"wp","href":"https:\/\/api.w.org\/{rel}","templated":true}]}}