{"id":5437,"date":"2025-05-28T15:17:37","date_gmt":"2025-05-28T18:17:37","guid":{"rendered":"https:\/\/noticiasregionais.com.br\/?p=5437"},"modified":"2025-05-28T15:18:36","modified_gmt":"2025-05-28T18:18:36","slug":"policia-militar-age-rapidamente-apos-furto-em-propriedade-rural-no-norte-pioneiro","status":"publish","type":"post","link":"https:\/\/noticiasregionais.com.br\/?p=5437","title":{"rendered":"Pol\u00edcia Militar age rapidamente ap\u00f3s furto em propriedade rural no Norte Pioneiro"},"content":{"rendered":"\n<p>Na manh\u00e3 desta ter\u00e7a-feira, a Pol\u00edcia Militar do Paran\u00e1 (PMPR) respondeu prontamente a uma ocorr\u00eancia de furto registrada em uma \u00e1rea rural no bairro S\u00e3o Miguel, em Wenceslau Braz. O crime envolveu o roubo de um trator Massey Ferguson modelo 65x, de cor vermelha, subtra\u00eddo de uma propriedade local<\/p>\n\n\n\n<p>Assim que foi acionada, a equipe da 2\u00aa Companhia do 2\u00ba Batalh\u00e3o de Pol\u00edcia Militar iniciou dilig\u00eancias na tentativa de localizar os bens furtados e identificar os envolvidos. Durante as buscas nas imedia\u00e7\u00f5es da propriedade, os policiais encontraram uma forrageira abandonada entre uma planta\u00e7\u00e3o de trigo \u2014 sinal claro de que os criminosos teriam deixado parte do material no local.<\/p>\n\n\n\n<p>Al\u00e9m do equipamento recuperado, os agentes tamb\u00e9m identificaram marcas de pneus, sugerindo o uso de um ve\u00edculo para dar suporte ao transporte do trator, que ainda n\u00e3o foi localizado.<\/p>\n\n\n\n<p>A forrageira foi devolvida ao propriet\u00e1rio por meio de termo de entrega, conforme os procedimentos legais. Enquanto isso, a Pol\u00edcia Militar mant\u00e9m as buscas pelo trator e pelos autores do crime, intensificando o patrulhamento em toda a zona rural de Wenceslau Braz e munic\u00edpios vizinhos.<\/p>\n\n\n\n<p>A a\u00e7\u00e3o r\u00e1pida da PM refor\u00e7a o compromisso da corpora\u00e7\u00e3o com a seguran\u00e7a no campo e a prote\u00e7\u00e3o do patrim\u00f4nio dos produtores rurais da regi\u00e3o.<\/p>\n\n\n\n<figure class=\"wp-block-gallery has-nested-images columns-default is-cropped wp-block-gallery-1 is-layout-flex wp-block-gallery-is-layout-flex\">\n<figure class=\"wp-block-image size-large\"><img decoding=\"async\" width=\"1024\" height=\"576\" data-id=\"5439\" src=\"https:\/\/noticiasregionais.com.br\/wp-content\/uploads\/2025\/05\/WhatsApp-Image-2025-05-28-at-11.12.071-1024x576.jpeg\" alt=\"\" class=\"wp-image-5439\" srcset=\"https:\/\/noticiasregionais.com.br\/wp-content\/uploads\/2025\/05\/WhatsApp-Image-2025-05-28-at-11.12.071-1024x576.jpeg 1024w, https:\/\/noticiasregionais.com.br\/wp-content\/uploads\/2025\/05\/WhatsApp-Image-2025-05-28-at-11.12.071-300x169.jpeg 300w, https:\/\/noticiasregionais.com.br\/wp-content\/uploads\/2025\/05\/WhatsApp-Image-2025-05-28-at-11.12.071-768x432.jpeg 768w, https:\/\/noticiasregionais.com.br\/wp-content\/uploads\/2025\/05\/WhatsApp-Image-2025-05-28-at-11.12.071.jpeg 1280w\" sizes=\"(max-width: 1024px) 100vw, 1024px\" \/><\/figure>\n\n\n\n<figure class=\"wp-block-image size-large\"><img decoding=\"async\" width=\"500\" height=\"400\" data-id=\"5438\" src=\"https:\/\/noticiasregionais.com.br\/wp-content\/uploads\/2025\/05\/WhatsApp-Image-2025-05-28-at-11.12.09.jpeg\" alt=\"\" class=\"wp-image-5438\" srcset=\"https:\/\/noticiasregionais.com.br\/wp-content\/uploads\/2025\/05\/WhatsApp-Image-2025-05-28-at-11.12.09.jpeg 500w, https:\/\/noticiasregionais.com.br\/wp-content\/uploads\/2025\/05\/WhatsApp-Image-2025-05-28-at-11.12.09-300x240.jpeg 300w\" sizes=\"(max-width: 500px) 100vw, 500px\" \/><\/figure>\n<\/figure>\n<input type=\"hidden\" id=\"baseurl\" value=\"https:\/\/noticiasregionais.com.br\"><input type=\"hidden\" id=\"audio_nonce\" value=\"533fbb67b1\">","protected":false},"excerpt":{"rendered":"<p>Na manh\u00e3 desta ter\u00e7a-feira, a Pol\u00edcia Militar do Paran\u00e1 (PMPR) respondeu prontamente a uma ocorr\u00eancia de furto registrada em uma&hellip;<\/p>\n","protected":false},"author":1,"featured_media":5440,"comment_status":"closed","ping_status":"open","sticky":false,"template":"","format":"standard","meta":{"sfsi_plus_gutenberg_text_before_share":"","sfsi_plus_gutenberg_show_text_before_share":"","sfsi_plus_gutenberg_icon_type":"","sfsi_plus_gutenberg_icon_alignemt":"","sfsi_plus_gutenburg_max_per_row":"","footnotes":""},"categories":[10,1,7],"tags":[46],"class_list":["post-5437","post","type-post","status-publish","format-standard","has-post-thumbnail","hentry","category-destaques","category-noticias","category-parana","tag-wenceslau_braz"],"_links":{"self":[{"href":"https:\/\/noticiasregionais.com.br\/index.php?rest_route=\/wp\/v2\/posts\/5437","targetHints":{"allow":["GET"]}}],"collection":[{"href":"https:\/\/noticiasregionais.com.br\/index.php?rest_route=\/wp\/v2\/posts"}],"about":[{"href":"https:\/\/noticiasregionais.com.br\/index.php?rest_route=\/wp\/v2\/types\/post"}],"author":[{"embeddable":true,"href":"https:\/\/noticiasregionais.com.br\/index.php?rest_route=\/wp\/v2\/users\/1"}],"replies":[{"embeddable":true,"href":"https:\/\/noticiasregionais.com.br\/index.php?rest_route=%2Fwp%2Fv2%2Fcomments&post=5437"}],"version-history":[{"count":1,"href":"https:\/\/noticiasregionais.com.br\/index.php?rest_route=\/wp\/v2\/posts\/5437\/revisions"}],"predecessor-version":[{"id":5441,"href":"https:\/\/noticiasregionais.com.br\/index.php?rest_route=\/wp\/v2\/posts\/5437\/revisions\/5441"}],"wp:featuredmedia":[{"embeddable":true,"href":"https:\/\/noticiasregionais.com.br\/index.php?rest_route=\/wp\/v2\/media\/5440"}],"wp:attachment":[{"href":"https:\/\/noticiasregionais.com.br\/index.php?rest_route=%2Fwp%2Fv2%2Fmedia&parent=5437"}],"wp:term":[{"taxonomy":"category","embeddable":true,"href":"https:\/\/noticiasregionais.com.br\/index.php?rest_route=%2Fwp%2Fv2%2Fcategories&post=5437"},{"taxonomy":"post_tag","embeddable":true,"href":"https:\/\/noticiasregionais.com.br\/index.php?rest_route=%2Fwp%2Fv2%2Ftags&post=5437"}],"curies":[{"name":"wp","href":"https:\/\/api.w.org\/{rel}","templated":true}]}}