{"id":545,"date":"2023-09-25T12:18:05","date_gmt":"2023-09-25T15:18:05","guid":{"rendered":"https:\/\/noticiasregionais.com.br\/?p=545"},"modified":"2023-09-25T12:18:45","modified_gmt":"2023-09-25T15:18:45","slug":"homem-se-depara-com-jacare-e-descobre-que-ele-devorou-corpo-de-mulher","status":"publish","type":"post","link":"https:\/\/noticiasregionais.com.br\/?p=545","title":{"rendered":"Homem se depara com jacar\u00e9 e descobre que ele devorou corpo de mulher"},"content":{"rendered":"\n<p class=\"has-text-align-center\"><strong>Morador do munic\u00edpio de Largo, Jamarcus Bullard retornava do trabalho caminhando \u00e0 beira de um canal na \u00e1rea de Clearwater, em Tampa Bay, quando avistou o animal<\/strong><\/p>\n\n\n\n<p>Um homem se deparou com um jacar\u00e9 em um canal enquanto voltava do trabalho, em uma \u00e1rea pr\u00f3xima ao Jardim Bot\u00e2nico da Fl\u00f3rida, na cidade de Largo, nos EUA, e descobriu que ele tinha devorado o corpo de uma mulher.<\/p>\n\n\n\n<p>Morador do munic\u00edpio de Largo, Jamarcus Bullard retornava do trabalho caminhando \u00e0 beira de um canal na \u00e1rea de Clearwater, em Tampa Bay, quando avistou o jacar\u00e9, segundo narrou \u00e0 rede de TV NBC.<\/p>\n\n\n\n<p>&#8220;Atirei uma pedra nele s\u00f3 para ver se era realmente um jacar\u00e9. Ele se mexeu e vi que ele tinha um peda\u00e7o de torso humano na boca. Comecei a gritar e imediatamente ele puxou o corpo para baixo, afundando na \u00e1gua&#8221;, disse Jamarcus Bullard, testemunha do caso.<\/p>\n\n\n\n<p>A cena ocorreu na sexta-feira (22), por volta das 13h40. O morador ligou para o Corpo de Bombeiros, que enviou agentes \u00e0 \u00e1rea do incidente. A pol\u00edcia local tamb\u00e9m foi chamada.<\/p>\n\n\n\n<p>O animal, com cerca de quatro metros de comprimento, foi encontrado e morto a tiros pelas autoridades.<\/p>\n\n\n\n<p>A v\u00edtima foi identificada no s\u00e1bado como Sabrina Peckham, 41, por oficiais do gabinete do Xerife do Condado de Pinellas.<\/p>\n\n\n\n<p>As autoridades descobriram que Peckham morava em um acampamento para pessoas sem-teto na regi\u00e3o de Clearwater. A filha de Sabrina, Breauna Dorris, disse que sua m\u00e3e foi provavelmente atacada enquanto caminhava.<\/p>\n\n\n\n<p>&#8220;Minha m\u00e3e foi v\u00edtima do ataque de um jacar\u00e9 em McCay Creek (Aldeia Arco-\u00cdris). Por favor, entenda que ainda n\u00e3o temos todas as informa\u00e7\u00f5es porque o relat\u00f3rio dos m\u00e9dicos legistas ainda n\u00e3o foi conclu\u00eddo. Alguns detalhes que gostaria de compartilhar \u00e9 que minha m\u00e3e n\u00e3o &#8216;provocou&#8217; o crocodilo como alguns est\u00e3o dizendo na imprensa&#8221;, disse Breauna Dorris, filha da v\u00edtima, em post publicado no Facebook.<\/p>\n\n\n\n<p>As autoridades da Fl\u00f3rida descobriram que Peckham havia sido presa em 14 de julho por invadir um p\u00e2ntano do condado a apenas 800 metros de onde foi atacada, segundo apurou a rede de TV WFLA. Ela foi condenada a pagar R$ 2.500 (US$ 500) por esse incidente.<\/p>\n\n\n\n<p>O corpo da mulher ser\u00e1 agora analisado por m\u00e9dicos legistas, que ir\u00e3o apurar as causas da morte.<\/p>\n\n\n\n<p><sub>fonte: Sampi \/ Folhapress<\/sub><\/p>\n<input type=\"hidden\" id=\"baseurl\" value=\"https:\/\/noticiasregionais.com.br\"><input type=\"hidden\" id=\"audio_nonce\" value=\"533fbb67b1\">","protected":false},"excerpt":{"rendered":"<p>Morador do munic\u00edpio de Largo, Jamarcus Bullard retornava do trabalho caminhando \u00e0 beira de um canal na \u00e1rea de Clearwater,&hellip;<\/p>\n","protected":false},"author":1,"featured_media":546,"comment_status":"closed","ping_status":"open","sticky":false,"template":"","format":"standard","meta":{"sfsi_plus_gutenberg_text_before_share":"","sfsi_plus_gutenberg_show_text_before_share":"","sfsi_plus_gutenberg_icon_type":"","sfsi_plus_gutenberg_icon_alignemt":"","sfsi_plus_gutenburg_max_per_row":"","footnotes":""},"categories":[9,10,1],"tags":[],"class_list":["post-545","post","type-post","status-publish","format-standard","has-post-thumbnail","hentry","category-mundo","category-destaques","category-noticias"],"_links":{"self":[{"href":"https:\/\/noticiasregionais.com.br\/index.php?rest_route=\/wp\/v2\/posts\/545","targetHints":{"allow":["GET"]}}],"collection":[{"href":"https:\/\/noticiasregionais.com.br\/index.php?rest_route=\/wp\/v2\/posts"}],"about":[{"href":"https:\/\/noticiasregionais.com.br\/index.php?rest_route=\/wp\/v2\/types\/post"}],"author":[{"embeddable":true,"href":"https:\/\/noticiasregionais.com.br\/index.php?rest_route=\/wp\/v2\/users\/1"}],"replies":[{"embeddable":true,"href":"https:\/\/noticiasregionais.com.br\/index.php?rest_route=%2Fwp%2Fv2%2Fcomments&post=545"}],"version-history":[{"count":2,"href":"https:\/\/noticiasregionais.com.br\/index.php?rest_route=\/wp\/v2\/posts\/545\/revisions"}],"predecessor-version":[{"id":548,"href":"https:\/\/noticiasregionais.com.br\/index.php?rest_route=\/wp\/v2\/posts\/545\/revisions\/548"}],"wp:featuredmedia":[{"embeddable":true,"href":"https:\/\/noticiasregionais.com.br\/index.php?rest_route=\/wp\/v2\/media\/546"}],"wp:attachment":[{"href":"https:\/\/noticiasregionais.com.br\/index.php?rest_route=%2Fwp%2Fv2%2Fmedia&parent=545"}],"wp:term":[{"taxonomy":"category","embeddable":true,"href":"https:\/\/noticiasregionais.com.br\/index.php?rest_route=%2Fwp%2Fv2%2Fcategories&post=545"},{"taxonomy":"post_tag","embeddable":true,"href":"https:\/\/noticiasregionais.com.br\/index.php?rest_route=%2Fwp%2Fv2%2Ftags&post=545"}],"curies":[{"name":"wp","href":"https:\/\/api.w.org\/{rel}","templated":true}]}}