{"id":5479,"date":"2025-06-04T08:40:00","date_gmt":"2025-06-04T11:40:00","guid":{"rendered":"https:\/\/noticiasregionais.com.br\/?p=5479"},"modified":"2025-06-04T08:40:04","modified_gmt":"2025-06-04T11:40:04","slug":"organizadores-da-fapi-2025-anunciam-show-especial-com-regis-danese-na-tarde-de-domingo","status":"publish","type":"post","link":"https:\/\/noticiasregionais.com.br\/?p=5479","title":{"rendered":"Organizadores da FAPI 2025 anunciam show especial com R\u00e9gis Danese na tarde de Domingo"},"content":{"rendered":"\n<p>O p\u00fablico da 56\u00aa FAPI foi surpreendido com um an\u00fancio especial que promete emocionar cora\u00e7\u00f5es e elevar a f\u00e9: o cantor <strong>R\u00e9gis Danese<\/strong>, um dos maiores nomes da m\u00fasica gospel brasileira, far\u00e1 uma apresenta\u00e7\u00e3o in\u00e9dita no evento, em um show que <strong>n\u00e3o estava na programa\u00e7\u00e3o oficial<\/strong>.<\/p>\n\n\n\n<p>A apresenta\u00e7\u00e3o especial foi divulgada como uma verdadeira surpresa \u2014 e n\u00e3o poderia ser diferente. Com sua voz marcante e mensagens de esperan\u00e7a, R\u00e9gis promete transformar o domingo, <strong>15 de junho<\/strong>, em uma tarde de louvor memor\u00e1vel. O show acontece <strong>a partir das 17h<\/strong>, logo ap\u00f3s a apresenta\u00e7\u00e3o da dupla infantil Patati e Patat\u00e1, no palco principal da feira.<\/p>\n\n\n\n<p>O an\u00fancio causou como\u00e7\u00e3o nas redes sociais e j\u00e1 movimenta caravanas de igrejas e grupos de ora\u00e7\u00e3o de toda a regi\u00e3o, que se organizam para prestigiar o artista. Conhecido por hits como <em>\u201cFaz um Milagre em Mim\u201d<\/em>, <em>\u201cTu Podes\u201d<\/em> e <em>\u201cEntra na Minha Casa\u201d<\/em>, R\u00e9gis Danese leva ao palco um repert\u00f3rio repleto de f\u00e9, emo\u00e7\u00e3o e mensagens que tocam o cora\u00e7\u00e3o.<\/p>\n\n\n\n<p>A 56\u00aa edi\u00e7\u00e3o da <strong>FAPI \u2013 Feira Agropecu\u00e1ria e Industrial de Ourinhos<\/strong> j\u00e1 era considerada a maior de todos os tempos, e agora ganha um refor\u00e7o espiritual que promete marcar a hist\u00f3ria do evento.<\/p>\n\n\n\n<p>Para quem busca um momento de reflex\u00e3o, adora\u00e7\u00e3o e conex\u00e3o, este \u00e9 um convite imperd\u00edvel. Traga sua fam\u00edlia, sua f\u00e9 e prepare o cora\u00e7\u00e3o: <strong>a maior tamb\u00e9m \u00e9 a mais aben\u00e7oada!<\/strong><\/p>\n\n\n\n<p>\u2728\ud83d\ude4c <strong>Tarde de Louvor com R\u00e9gis Danese \u2013 Uma surpresa que s\u00f3 a FAPI poderia proporcionar!<\/strong><\/p>\n\n\n\n<p>\ud83d\udccd <strong>Local:<\/strong> 56\u00aa FAPI \u2013 Ourinhos\/SP<br>\ud83d\udcc5 <strong>Data:<\/strong> Domingo, 15 de junho<br>\u23f0 <strong>Hor\u00e1rio:<\/strong> A partir das 17h (ap\u00f3s Patati e Patat\u00e1)<\/p>\n<input type=\"hidden\" id=\"baseurl\" value=\"https:\/\/noticiasregionais.com.br\"><input type=\"hidden\" id=\"audio_nonce\" value=\"296231ceac\">","protected":false},"excerpt":{"rendered":"<p>O p\u00fablico da 56\u00aa FAPI foi surpreendido com um an\u00fancio especial que promete emocionar cora\u00e7\u00f5es e elevar a f\u00e9: o&hellip;<\/p>\n","protected":false},"author":1,"featured_media":5480,"comment_status":"closed","ping_status":"open","sticky":false,"template":"","format":"standard","meta":{"sfsi_plus_gutenberg_text_before_share":"","sfsi_plus_gutenberg_show_text_before_share":"","sfsi_plus_gutenberg_icon_type":"","sfsi_plus_gutenberg_icon_alignemt":"","sfsi_plus_gutenburg_max_per_row":"","footnotes":""},"categories":[12,1,5],"tags":[16],"class_list":["post-5479","post","type-post","status-publish","format-standard","has-post-thumbnail","hentry","category-capa","category-noticias","category-ourinhos","tag-ourinhos"],"_links":{"self":[{"href":"https:\/\/noticiasregionais.com.br\/index.php?rest_route=\/wp\/v2\/posts\/5479","targetHints":{"allow":["GET"]}}],"collection":[{"href":"https:\/\/noticiasregionais.com.br\/index.php?rest_route=\/wp\/v2\/posts"}],"about":[{"href":"https:\/\/noticiasregionais.com.br\/index.php?rest_route=\/wp\/v2\/types\/post"}],"author":[{"embeddable":true,"href":"https:\/\/noticiasregionais.com.br\/index.php?rest_route=\/wp\/v2\/users\/1"}],"replies":[{"embeddable":true,"href":"https:\/\/noticiasregionais.com.br\/index.php?rest_route=%2Fwp%2Fv2%2Fcomments&post=5479"}],"version-history":[{"count":1,"href":"https:\/\/noticiasregionais.com.br\/index.php?rest_route=\/wp\/v2\/posts\/5479\/revisions"}],"predecessor-version":[{"id":5481,"href":"https:\/\/noticiasregionais.com.br\/index.php?rest_route=\/wp\/v2\/posts\/5479\/revisions\/5481"}],"wp:featuredmedia":[{"embeddable":true,"href":"https:\/\/noticiasregionais.com.br\/index.php?rest_route=\/wp\/v2\/media\/5480"}],"wp:attachment":[{"href":"https:\/\/noticiasregionais.com.br\/index.php?rest_route=%2Fwp%2Fv2%2Fmedia&parent=5479"}],"wp:term":[{"taxonomy":"category","embeddable":true,"href":"https:\/\/noticiasregionais.com.br\/index.php?rest_route=%2Fwp%2Fv2%2Fcategories&post=5479"},{"taxonomy":"post_tag","embeddable":true,"href":"https:\/\/noticiasregionais.com.br\/index.php?rest_route=%2Fwp%2Fv2%2Ftags&post=5479"}],"curies":[{"name":"wp","href":"https:\/\/api.w.org\/{rel}","templated":true}]}}