{"id":549,"date":"2023-09-25T12:43:27","date_gmt":"2023-09-25T15:43:27","guid":{"rendered":"https:\/\/noticiasregionais.com.br\/?p=549"},"modified":"2023-09-25T12:43:27","modified_gmt":"2023-09-25T15:43:27","slug":"um-bebe-e-sete-adultos-morrem-em-acidentes-na-regiao-no-final-de-semana","status":"publish","type":"post","link":"https:\/\/noticiasregionais.com.br\/?p=549","title":{"rendered":"Um beb\u00ea e sete adultos morrem em acidentes na regi\u00e3o, no final de semana"},"content":{"rendered":"\n<p class=\"has-text-align-center\"><strong>Quatro crian\u00e7as e um adulto foram resgatados em estado grave<\/strong><\/p>\n\n\n\n<p>A regi\u00e3o voltou a registrar um final de semana tr\u00e1gico, nas estradas. Um beb\u00ea de 4 meses e seis adultos morreram em acidentes, no \u00faltimo final de semana. No caso mais recente, por volta das 19h20, o passageiro de 26 anos de um HB20 perdeu a vida em uma colis\u00e3o, ocorrida no quil\u00f4metro 292 da Rodovia Marechal Rondon (SP-300), em Len\u00e7\u00f3is Paulista (a 155 quil\u00f4metros de Ourinhos).<\/p>\n\n\n\n<p>A batida envolveu uma Hilux, cuja motorista foi socorrida em estado grave, assim como o condutor e outra passageira do HB20. Os sobreviventes foram conduzidos \u00e0 Unidade de Pronto Atendimento (UPA) de Len\u00e7\u00f3is, informa o Policiamento Rodovi\u00e1rio. J\u00e1 o \u00f3bito foi constatado no local. Os dois ve\u00edculos seguiam no mesmo sentido de dire\u00e7\u00e3o.<\/p>\n\n\n\n<p>Ja\u00fa<\/p>\n\n\n\n<p>Duas horas antes, os policiais foram deslocados para o quil\u00f4metro 198 da rodovia Comandante Jo\u00e3o Ribeiro de Barros (SP-225), em Ja\u00fa (a 168 quil\u00f4metros de Ourinhos), onde uma mulher de 24 anos e outra de 52 morreram ap\u00f3s o capotamento de um Ford Ka. Segundo a corpora\u00e7\u00e3o, o passagerio de 29 anos, que foi socorrido em estado grave. A mais jovem das v\u00edtimas, por raz\u00f5es a serem apuradas, perdeu o controle da dire\u00e7\u00e3o quando seguia sentido Bauru, confirmaram familiares.<\/p>\n\n\n\n<p>Iacanga<\/p>\n\n\n\n<p>Pouco antes, \u00e0s 17h, no quil\u00f4metro 384 da rodovia Cez\u00e1rio Jos\u00e9 de Castilho (SP-321), em Iacanga (172 quil\u00f4metros de Ourinhos), um beb\u00ea de 4 meses morreu. Ele estava em um Fiat Palio de It\u00e1polis, cujo condutor, tamb\u00e9m por raz\u00f5es a serem apuradas, perdeu o controle da dire\u00e7\u00e3o. O ve\u00edculo atravessou a pista, chocou-se contra a defensa met\u00e1lica al\u00e9m do acostamento da pista contr\u00e1ria e capotou, destacam os policiais.<\/p>\n\n\n\n<p>O motorista, que faria 33 anos nesta segunda-feira (25), assim como uma mulher de 35 anos, chegaram a ser socorridos ao Pronto-Socorro de Bauru (PSC), mas n\u00e3o resistiram aos ferimentos.<\/p>\n\n\n\n<p>Foi socorrida em estado grave uma menina de 2 anos, al\u00e9m de dois meninos, sendo um de 7 anos e outro de 12.<\/p>\n\n\n\n<p>Bauru<\/p>\n\n\n\n<p>Uma menina tamb\u00e9m de 12 anos da mesma forma foi socorrida em estado grave, assim como a m\u00e3e dela, de 41 anos, em outro acidente, desta vez registrado na rodovia Engenheiro Jo\u00e3o Baptista Cabral Renn\u00f3 (SP-225), a Bauru-Piratininga, em Bauru, no s\u00e1bado final de tarde. Na ocasi\u00e3o, houve mais um capotamento, que resultou na morte do condutor de 46 anos. Uma crian\u00e7a de 5 anos foi resgatada em estado leve. A v\u00edtima fatal era pai das crian\u00e7as e trafegava no sentido Piratininga-Bauru.<\/p>\n\n\n\n<p>Ribeir\u00e3o Claro<\/p>\n\n\n\n<p>Na tarde de domingo, 24 de setembro, na PR-151, Rodovia Jos\u00e9 P. da Silva, pr\u00f3ximo \u00e0 Cascata V\u00e9u da Noiva (27 quil\u00f4metros de Ourinhos), Outro acidente com v\u00edtima fatal foi registrado. O fato ocorreu poucos quil\u00f4metros ap\u00f3s a Ponte Pensil que divide o Estado de S\u00e3o Paulo e o Paran\u00e1, j\u00e1 no munic\u00edpio de Ribeir\u00e3o Claro, norte do Paran\u00e1, A traj\u00e9dia resultou na perda de vida de um motociclista, cuja identidade n\u00e3o foi divulgada at\u00e9 o momento.<br>A Pol\u00edcia Rodovi\u00e1ria tamb\u00e9m se dirigiu ao local para investigar as circunst\u00e2ncias do acidente. De acordo com as informa\u00e7\u00f5es preliminares, o motociclista teria colidido de frente com uma caminhonete L200 logo ap\u00f3s uma curva na estrada. O corpo do motociclista foi encaminhado ao IML de Jacarezinho-PR.<\/p>\n\n\n\n<p><sub>com informa\u00e7\u00f5es do JC NET Bauru<\/sub><\/p>\n<input type=\"hidden\" id=\"baseurl\" value=\"https:\/\/noticiasregionais.com.br\"><input type=\"hidden\" id=\"audio_nonce\" value=\"533fbb67b1\">","protected":false},"excerpt":{"rendered":"<p>Quatro crian\u00e7as e um adulto foram resgatados em estado grave A regi\u00e3o voltou a registrar um final de semana tr\u00e1gico,&hellip;<\/p>\n","protected":false},"author":1,"featured_media":550,"comment_status":"closed","ping_status":"open","sticky":false,"template":"","format":"standard","meta":{"sfsi_plus_gutenberg_text_before_share":"","sfsi_plus_gutenberg_show_text_before_share":"","sfsi_plus_gutenberg_icon_type":"","sfsi_plus_gutenberg_icon_alignemt":"","sfsi_plus_gutenburg_max_per_row":"","footnotes":""},"categories":[6,10,1],"tags":[],"class_list":["post-549","post","type-post","status-publish","format-standard","has-post-thumbnail","hentry","category-sao_paulo","category-destaques","category-noticias"],"_links":{"self":[{"href":"https:\/\/noticiasregionais.com.br\/index.php?rest_route=\/wp\/v2\/posts\/549","targetHints":{"allow":["GET"]}}],"collection":[{"href":"https:\/\/noticiasregionais.com.br\/index.php?rest_route=\/wp\/v2\/posts"}],"about":[{"href":"https:\/\/noticiasregionais.com.br\/index.php?rest_route=\/wp\/v2\/types\/post"}],"author":[{"embeddable":true,"href":"https:\/\/noticiasregionais.com.br\/index.php?rest_route=\/wp\/v2\/users\/1"}],"replies":[{"embeddable":true,"href":"https:\/\/noticiasregionais.com.br\/index.php?rest_route=%2Fwp%2Fv2%2Fcomments&post=549"}],"version-history":[{"count":1,"href":"https:\/\/noticiasregionais.com.br\/index.php?rest_route=\/wp\/v2\/posts\/549\/revisions"}],"predecessor-version":[{"id":551,"href":"https:\/\/noticiasregionais.com.br\/index.php?rest_route=\/wp\/v2\/posts\/549\/revisions\/551"}],"wp:featuredmedia":[{"embeddable":true,"href":"https:\/\/noticiasregionais.com.br\/index.php?rest_route=\/wp\/v2\/media\/550"}],"wp:attachment":[{"href":"https:\/\/noticiasregionais.com.br\/index.php?rest_route=%2Fwp%2Fv2%2Fmedia&parent=549"}],"wp:term":[{"taxonomy":"category","embeddable":true,"href":"https:\/\/noticiasregionais.com.br\/index.php?rest_route=%2Fwp%2Fv2%2Fcategories&post=549"},{"taxonomy":"post_tag","embeddable":true,"href":"https:\/\/noticiasregionais.com.br\/index.php?rest_route=%2Fwp%2Fv2%2Ftags&post=549"}],"curies":[{"name":"wp","href":"https:\/\/api.w.org\/{rel}","templated":true}]}}