{"id":5491,"date":"2025-06-05T08:45:20","date_gmt":"2025-06-05T11:45:20","guid":{"rendered":"https:\/\/noticiasregionais.com.br\/?p=5491"},"modified":"2025-06-05T08:45:32","modified_gmt":"2025-06-05T11:45:32","slug":"estudantes-exploram-biodiversidade-e-aprendem-sobre-sustentabilidade-no-parque-ecologico-de-ourinhos","status":"publish","type":"post","link":"https:\/\/noticiasregionais.com.br\/?p=5491","title":{"rendered":"Estudantes exploram biodiversidade e aprendem sobre sustentabilidade no Parque Ecol\u00f3gico de Ourinhos"},"content":{"rendered":"\n<p>Em celebra\u00e7\u00e3o \u00e0 <strong>Semana do Meio Ambiente<\/strong>, o <strong>Parque Ecol\u00f3gico Municipal \u201cBi\u00f3loga Tania Mara Netto Silva\u201d<\/strong>, em Ourinhos, foi palco de uma rica experi\u00eancia educativa nos dias <strong>2 e 4 de junho<\/strong>, recebendo alunos da <strong>EMEF Adelaide Pedroso Racanello<\/strong>, de Ourinhos, e da <strong>EMEF Gilda Zanforlin dos Rheis Thosi<\/strong>, de Timburi.<\/p>\n\n\n\n<p>As visitas fizeram parte de uma programa\u00e7\u00e3o especial organizada pela <strong>Diretoria de Educa\u00e7\u00e3o Ambiental<\/strong>, da <strong>Secretaria Municipal de Meio Ambiente e Agricultura<\/strong>, com o objetivo de despertar a consci\u00eancia ambiental nas novas gera\u00e7\u00f5es. As crian\u00e7as participaram de uma <strong>visita guiada pela trilha de Mata Atl\u00e2ntica<\/strong> e assistiram a uma <strong>palestra sobre reciclagem e os \u201c5 R\u2019s\u201d da Sustentabilidade<\/strong>: <strong>Repensar, Reduzir, Reutilizar, Reciclar e Recusar<\/strong>.<\/p>\n\n\n\n<p>A iniciativa visa mostrar que os alunos s\u00e3o <strong>agentes multiplicadores de boas pr\u00e1ticas ambientais<\/strong>, com o potencial de transformar suas fam\u00edlias e comunidades por meio da conscientiza\u00e7\u00e3o e do exemplo.<\/p>\n\n\n\n<p>Al\u00e9m do conte\u00fado educativo, a experi\u00eancia promoveu o <strong>sentimento de pertencimento e valoriza\u00e7\u00e3o do territ\u00f3rio local<\/strong>, incentivando a ocupa\u00e7\u00e3o respons\u00e1vel e ativa do Parque Ecol\u00f3gico \u2014 um espa\u00e7o vital para a <strong>preserva\u00e7\u00e3o da biodiversidade regional<\/strong> e para o <strong>desenvolvimento de atividades de educa\u00e7\u00e3o ambiental<\/strong>.<\/p>\n\n\n\n<p>As a\u00e7\u00f5es integram uma s\u00e9rie de eventos promovidos pela Prefeitura de Ourinhos em alus\u00e3o ao <strong>Dia Mundial do Meio Ambiente<\/strong>, comemorado em <strong>5 de junho<\/strong>.<\/p>\n\n\n\n<p>\ud83d\udccd <strong>O Parque Ecol\u00f3gico est\u00e1 localizado na Rua Pedro Silvestrini, 125 \u2013 Jardim Paulista<\/strong>, com entrada gratuita. O espa\u00e7o funciona das <strong>8h \u00e0s 12h e das 14h \u00e0s 18h<\/strong> durante a semana, e das <strong>9h \u00e0s 18h<\/strong> aos fins de semana e feriados.<\/p>\n\n\n\n<figure class=\"wp-block-gallery has-nested-images columns-default is-cropped wp-block-gallery-1 is-layout-flex wp-block-gallery-is-layout-flex\">\n<figure class=\"wp-block-image size-large\"><a href=\"https:\/\/noticiasregionais.com.br\/wp-content\/uploads\/2025\/06\/WhatsApp-Image-2025-06-04-at-14.48.042.jpeg\"><img decoding=\"async\" width=\"1024\" height=\"682\" data-id=\"5495\" src=\"https:\/\/noticiasregionais.com.br\/wp-content\/uploads\/2025\/06\/WhatsApp-Image-2025-06-04-at-14.48.042-1024x682.jpeg\" alt=\"\" class=\"wp-image-5495\" srcset=\"https:\/\/noticiasregionais.com.br\/wp-content\/uploads\/2025\/06\/WhatsApp-Image-2025-06-04-at-14.48.042-1024x682.jpeg 1024w, https:\/\/noticiasregionais.com.br\/wp-content\/uploads\/2025\/06\/WhatsApp-Image-2025-06-04-at-14.48.042-300x200.jpeg 300w, https:\/\/noticiasregionais.com.br\/wp-content\/uploads\/2025\/06\/WhatsApp-Image-2025-06-04-at-14.48.042-768x512.jpeg 768w, https:\/\/noticiasregionais.com.br\/wp-content\/uploads\/2025\/06\/WhatsApp-Image-2025-06-04-at-14.48.042-1536x1023.jpeg 1536w, https:\/\/noticiasregionais.com.br\/wp-content\/uploads\/2025\/06\/WhatsApp-Image-2025-06-04-at-14.48.042.jpeg 1600w\" sizes=\"(max-width: 1024px) 100vw, 1024px\" \/><\/a><\/figure>\n\n\n\n<figure class=\"wp-block-image size-large\"><a href=\"https:\/\/noticiasregionais.com.br\/wp-content\/uploads\/2025\/06\/WhatsApp-Image-2025-06-04-at-14.48.031.jpeg\"><img decoding=\"async\" width=\"1024\" height=\"682\" data-id=\"5493\" src=\"https:\/\/noticiasregionais.com.br\/wp-content\/uploads\/2025\/06\/WhatsApp-Image-2025-06-04-at-14.48.031-1024x682.jpeg\" alt=\"\" class=\"wp-image-5493\" srcset=\"https:\/\/noticiasregionais.com.br\/wp-content\/uploads\/2025\/06\/WhatsApp-Image-2025-06-04-at-14.48.031-1024x682.jpeg 1024w, https:\/\/noticiasregionais.com.br\/wp-content\/uploads\/2025\/06\/WhatsApp-Image-2025-06-04-at-14.48.031-300x200.jpeg 300w, https:\/\/noticiasregionais.com.br\/wp-content\/uploads\/2025\/06\/WhatsApp-Image-2025-06-04-at-14.48.031-768x512.jpeg 768w, https:\/\/noticiasregionais.com.br\/wp-content\/uploads\/2025\/06\/WhatsApp-Image-2025-06-04-at-14.48.031-1536x1023.jpeg 1536w, https:\/\/noticiasregionais.com.br\/wp-content\/uploads\/2025\/06\/WhatsApp-Image-2025-06-04-at-14.48.031.jpeg 1600w\" sizes=\"(max-width: 1024px) 100vw, 1024px\" \/><\/a><\/figure>\n\n\n\n<figure class=\"wp-block-image size-large\"><a href=\"https:\/\/noticiasregionais.com.br\/wp-content\/uploads\/2025\/06\/WhatsApp-Image-2025-06-04-at-14.48.04.jpeg\"><img decoding=\"async\" width=\"1024\" height=\"682\" data-id=\"5492\" src=\"https:\/\/noticiasregionais.com.br\/wp-content\/uploads\/2025\/06\/WhatsApp-Image-2025-06-04-at-14.48.04-1024x682.jpeg\" alt=\"\" class=\"wp-image-5492\" srcset=\"https:\/\/noticiasregionais.com.br\/wp-content\/uploads\/2025\/06\/WhatsApp-Image-2025-06-04-at-14.48.04-1024x682.jpeg 1024w, https:\/\/noticiasregionais.com.br\/wp-content\/uploads\/2025\/06\/WhatsApp-Image-2025-06-04-at-14.48.04-300x200.jpeg 300w, https:\/\/noticiasregionais.com.br\/wp-content\/uploads\/2025\/06\/WhatsApp-Image-2025-06-04-at-14.48.04-768x512.jpeg 768w, https:\/\/noticiasregionais.com.br\/wp-content\/uploads\/2025\/06\/WhatsApp-Image-2025-06-04-at-14.48.04-1536x1023.jpeg 1536w, https:\/\/noticiasregionais.com.br\/wp-content\/uploads\/2025\/06\/WhatsApp-Image-2025-06-04-at-14.48.04.jpeg 1600w\" sizes=\"(max-width: 1024px) 100vw, 1024px\" \/><\/a><\/figure>\n\n\n\n<figure class=\"wp-block-image size-large\"><a href=\"https:\/\/noticiasregionais.com.br\/wp-content\/uploads\/2025\/06\/WhatsApp-Image-2025-06-04-at-14.48.03.jpeg\"><img decoding=\"async\" width=\"1024\" height=\"682\" data-id=\"5494\" src=\"https:\/\/noticiasregionais.com.br\/wp-content\/uploads\/2025\/06\/WhatsApp-Image-2025-06-04-at-14.48.03-1024x682.jpeg\" alt=\"\" class=\"wp-image-5494\" srcset=\"https:\/\/noticiasregionais.com.br\/wp-content\/uploads\/2025\/06\/WhatsApp-Image-2025-06-04-at-14.48.03-1024x682.jpeg 1024w, https:\/\/noticiasregionais.com.br\/wp-content\/uploads\/2025\/06\/WhatsApp-Image-2025-06-04-at-14.48.03-300x200.jpeg 300w, https:\/\/noticiasregionais.com.br\/wp-content\/uploads\/2025\/06\/WhatsApp-Image-2025-06-04-at-14.48.03-768x512.jpeg 768w, https:\/\/noticiasregionais.com.br\/wp-content\/uploads\/2025\/06\/WhatsApp-Image-2025-06-04-at-14.48.03-1536x1023.jpeg 1536w, https:\/\/noticiasregionais.com.br\/wp-content\/uploads\/2025\/06\/WhatsApp-Image-2025-06-04-at-14.48.03.jpeg 1600w\" sizes=\"(max-width: 1024px) 100vw, 1024px\" \/><\/a><\/figure>\n<\/figure>\n<input type=\"hidden\" id=\"baseurl\" value=\"https:\/\/noticiasregionais.com.br\"><input type=\"hidden\" id=\"audio_nonce\" value=\"533fbb67b1\">","protected":false},"excerpt":{"rendered":"<p>Em celebra\u00e7\u00e3o \u00e0 Semana do Meio Ambiente, o Parque Ecol\u00f3gico Municipal \u201cBi\u00f3loga Tania Mara Netto Silva\u201d, em Ourinhos, foi palco&hellip;<\/p>\n","protected":false},"author":1,"featured_media":5496,"comment_status":"closed","ping_status":"open","sticky":false,"template":"","format":"standard","meta":{"sfsi_plus_gutenberg_text_before_share":"","sfsi_plus_gutenberg_show_text_before_share":"","sfsi_plus_gutenberg_icon_type":"","sfsi_plus_gutenberg_icon_alignemt":"","sfsi_plus_gutenburg_max_per_row":"","footnotes":""},"categories":[10,1,5],"tags":[16],"class_list":["post-5491","post","type-post","status-publish","format-standard","has-post-thumbnail","hentry","category-destaques","category-noticias","category-ourinhos","tag-ourinhos"],"_links":{"self":[{"href":"https:\/\/noticiasregionais.com.br\/index.php?rest_route=\/wp\/v2\/posts\/5491","targetHints":{"allow":["GET"]}}],"collection":[{"href":"https:\/\/noticiasregionais.com.br\/index.php?rest_route=\/wp\/v2\/posts"}],"about":[{"href":"https:\/\/noticiasregionais.com.br\/index.php?rest_route=\/wp\/v2\/types\/post"}],"author":[{"embeddable":true,"href":"https:\/\/noticiasregionais.com.br\/index.php?rest_route=\/wp\/v2\/users\/1"}],"replies":[{"embeddable":true,"href":"https:\/\/noticiasregionais.com.br\/index.php?rest_route=%2Fwp%2Fv2%2Fcomments&post=5491"}],"version-history":[{"count":1,"href":"https:\/\/noticiasregionais.com.br\/index.php?rest_route=\/wp\/v2\/posts\/5491\/revisions"}],"predecessor-version":[{"id":5497,"href":"https:\/\/noticiasregionais.com.br\/index.php?rest_route=\/wp\/v2\/posts\/5491\/revisions\/5497"}],"wp:featuredmedia":[{"embeddable":true,"href":"https:\/\/noticiasregionais.com.br\/index.php?rest_route=\/wp\/v2\/media\/5496"}],"wp:attachment":[{"href":"https:\/\/noticiasregionais.com.br\/index.php?rest_route=%2Fwp%2Fv2%2Fmedia&parent=5491"}],"wp:term":[{"taxonomy":"category","embeddable":true,"href":"https:\/\/noticiasregionais.com.br\/index.php?rest_route=%2Fwp%2Fv2%2Fcategories&post=5491"},{"taxonomy":"post_tag","embeddable":true,"href":"https:\/\/noticiasregionais.com.br\/index.php?rest_route=%2Fwp%2Fv2%2Ftags&post=5491"}],"curies":[{"name":"wp","href":"https:\/\/api.w.org\/{rel}","templated":true}]}}