{"id":5513,"date":"2025-06-05T09:15:30","date_gmt":"2025-06-05T12:15:30","guid":{"rendered":"https:\/\/noticiasregionais.com.br\/?p=5513"},"modified":"2025-06-05T09:16:01","modified_gmt":"2025-06-05T12:16:01","slug":"8o-arraia-dajuda-promete-diversao-e-solidariedade-na-sede-do-13o-baep-em-bauru","status":"publish","type":"post","link":"https:\/\/noticiasregionais.com.br\/?p=5513","title":{"rendered":"8\u00ba Arrai\u00e1 D\u2019AJuda promete divers\u00e3o e solidariedade na sede do 13\u00ba BAEP em Bauru"},"content":{"rendered":"\n<p>Nesta sexta-feira, <strong>6 de junho<\/strong>, das <strong>19h \u00e0s 23h<\/strong>, a sede do <strong>13\u00ba Batalh\u00e3o de A\u00e7\u00f5es Especiais de Pol\u00edcia (13\u00ba BAEP)<\/strong>, em Bauru, ser\u00e1 palco de mais uma edi\u00e7\u00e3o do tradicional <strong>Arrai\u00e1 D\u2019AJuda<\/strong>, evento que celebra as festas juninas com muita alegria, comidas t\u00edpicas e atra\u00e7\u00f5es para toda a fam\u00edlia.<\/p>\n\n\n\n<p>Em sua <strong>8\u00aa edi\u00e7\u00e3o<\/strong>, a festa se consolida como uma das mais aguardadas do calend\u00e1rio local. No ano passado, o evento reuniu aproximadamente <strong>7 mil pessoas<\/strong>, e neste ano a expectativa \u00e9 repetir ou at\u00e9 superar esse sucesso.<\/p>\n\n\n\n<p>A programa\u00e7\u00e3o \u00e9 variada e voltada para todas as idades, com destaque para atra\u00e7\u00f5es como <strong>touro mec\u00e2nico<\/strong>, <strong>pesca<\/strong>, <strong>tobog\u00e3 infl\u00e1vel<\/strong> e apresenta\u00e7\u00f5es especiais das unidades do <strong>Canil<\/strong> e da <strong>Cavalaria do BAEP<\/strong>. As tradicionais barracas de <strong>comidas e bebidas juninas<\/strong>, al\u00e9m de <strong>doces e brincadeiras t\u00edpicas<\/strong>, tamb\u00e9m fazem parte da festa.<\/p>\n\n\n\n<p>A <strong>entrada \u00e9 gratuita e aberta ao p\u00fablico<\/strong>, mas os organizadores sugerem, de forma volunt\u00e1ria, a <strong>doa\u00e7\u00e3o de leite<\/strong>. Os itens arrecadados ser\u00e3o destinados a a\u00e7\u00f5es de apoio a fam\u00edlias em situa\u00e7\u00e3o de vulnerabilidade social.<\/p>\n\n\n\n<p>O evento ser\u00e1 realizado na sede do 13\u00ba BAEP, localizada na <strong>Avenida Rodrigues Alves, n\u00ba 38-118, Vila Cardia<\/strong>, em frente ao Horto Florestal. Para maior comodidade, os visitantes contar\u00e3o com <strong>estacionamento gratuito<\/strong>, dispon\u00edvel em dois locais: ao lado do Horto e no estacionamento do <strong>SESI-Bauru<\/strong>, situado na Rua Zenitta Alc\u00e2ntara Nogueira, esquina com a mesma avenida.<\/p>\n\n\n\n<p>O Arrai\u00e1 D\u2019AJuda combina <strong>tradi\u00e7\u00e3o, lazer e solidariedade<\/strong>, e \u00e9 mais uma iniciativa da Pol\u00edcia Militar do Estado de S\u00e3o Paulo para fortalecer os la\u00e7os com a comunidade.<\/p>\n\n\n\n<figure class=\"wp-block-gallery has-nested-images columns-default is-cropped wp-block-gallery-1 is-layout-flex wp-block-gallery-is-layout-flex\">\n<figure class=\"wp-block-image size-large\"><img decoding=\"async\" width=\"576\" height=\"1024\" data-id=\"5516\" src=\"https:\/\/noticiasregionais.com.br\/wp-content\/uploads\/2025\/06\/WhatsApp-Image-2025-06-04-at-08.48.22-576x1024.jpeg\" alt=\"\" class=\"wp-image-5516\" srcset=\"https:\/\/noticiasregionais.com.br\/wp-content\/uploads\/2025\/06\/WhatsApp-Image-2025-06-04-at-08.48.22-576x1024.jpeg 576w, https:\/\/noticiasregionais.com.br\/wp-content\/uploads\/2025\/06\/WhatsApp-Image-2025-06-04-at-08.48.22-169x300.jpeg 169w, https:\/\/noticiasregionais.com.br\/wp-content\/uploads\/2025\/06\/WhatsApp-Image-2025-06-04-at-08.48.22-768x1365.jpeg 768w, https:\/\/noticiasregionais.com.br\/wp-content\/uploads\/2025\/06\/WhatsApp-Image-2025-06-04-at-08.48.22-864x1536.jpeg 864w, https:\/\/noticiasregionais.com.br\/wp-content\/uploads\/2025\/06\/WhatsApp-Image-2025-06-04-at-08.48.22-1152x2048.jpeg 1152w, https:\/\/noticiasregionais.com.br\/wp-content\/uploads\/2025\/06\/WhatsApp-Image-2025-06-04-at-08.48.22.jpeg 1440w\" sizes=\"(max-width: 576px) 100vw, 576px\" \/><\/figure>\n\n\n\n<figure class=\"wp-block-image size-large\"><img decoding=\"async\" width=\"805\" height=\"1024\" data-id=\"5514\" src=\"https:\/\/noticiasregionais.com.br\/wp-content\/uploads\/2025\/06\/WhatsApp-Image-2025-06-04-at-08.48.23-805x1024.jpeg\" alt=\"\" class=\"wp-image-5514\" srcset=\"https:\/\/noticiasregionais.com.br\/wp-content\/uploads\/2025\/06\/WhatsApp-Image-2025-06-04-at-08.48.23-805x1024.jpeg 805w, https:\/\/noticiasregionais.com.br\/wp-content\/uploads\/2025\/06\/WhatsApp-Image-2025-06-04-at-08.48.23-236x300.jpeg 236w, https:\/\/noticiasregionais.com.br\/wp-content\/uploads\/2025\/06\/WhatsApp-Image-2025-06-04-at-08.48.23-768x977.jpeg 768w, https:\/\/noticiasregionais.com.br\/wp-content\/uploads\/2025\/06\/WhatsApp-Image-2025-06-04-at-08.48.23-1208x1536.jpeg 1208w, https:\/\/noticiasregionais.com.br\/wp-content\/uploads\/2025\/06\/WhatsApp-Image-2025-06-04-at-08.48.23-1610x2048.jpeg 1610w, https:\/\/noticiasregionais.com.br\/wp-content\/uploads\/2025\/06\/WhatsApp-Image-2025-06-04-at-08.48.23.jpeg 2013w\" sizes=\"(max-width: 805px) 100vw, 805px\" \/><\/figure>\n\n\n\n<figure class=\"wp-block-image size-large\"><img decoding=\"async\" width=\"576\" height=\"1024\" data-id=\"5515\" src=\"https:\/\/noticiasregionais.com.br\/wp-content\/uploads\/2025\/06\/WhatsApp-Image-2025-06-04-at-08.48.221-576x1024.jpeg\" alt=\"\" class=\"wp-image-5515\" srcset=\"https:\/\/noticiasregionais.com.br\/wp-content\/uploads\/2025\/06\/WhatsApp-Image-2025-06-04-at-08.48.221-576x1024.jpeg 576w, https:\/\/noticiasregionais.com.br\/wp-content\/uploads\/2025\/06\/WhatsApp-Image-2025-06-04-at-08.48.221-169x300.jpeg 169w, https:\/\/noticiasregionais.com.br\/wp-content\/uploads\/2025\/06\/WhatsApp-Image-2025-06-04-at-08.48.221-768x1366.jpeg 768w, https:\/\/noticiasregionais.com.br\/wp-content\/uploads\/2025\/06\/WhatsApp-Image-2025-06-04-at-08.48.221-863x1536.jpeg 863w, https:\/\/noticiasregionais.com.br\/wp-content\/uploads\/2025\/06\/WhatsApp-Image-2025-06-04-at-08.48.221-1151x2048.jpeg 1151w, https:\/\/noticiasregionais.com.br\/wp-content\/uploads\/2025\/06\/WhatsApp-Image-2025-06-04-at-08.48.221.jpeg 1439w\" sizes=\"(max-width: 576px) 100vw, 576px\" \/><\/figure>\n<\/figure>\n<input type=\"hidden\" id=\"baseurl\" value=\"https:\/\/noticiasregionais.com.br\"><input type=\"hidden\" id=\"audio_nonce\" value=\"3cdc555a10\">","protected":false},"excerpt":{"rendered":"<p>Nesta sexta-feira, 6 de junho, das 19h \u00e0s 23h, a sede do 13\u00ba Batalh\u00e3o de A\u00e7\u00f5es Especiais de Pol\u00edcia (13\u00ba&hellip;<\/p>\n","protected":false},"author":1,"featured_media":5517,"comment_status":"closed","ping_status":"open","sticky":false,"template":"","format":"standard","meta":{"sfsi_plus_gutenberg_text_before_share":"","sfsi_plus_gutenberg_show_text_before_share":"","sfsi_plus_gutenberg_icon_type":"","sfsi_plus_gutenberg_icon_alignemt":"","sfsi_plus_gutenburg_max_per_row":"","footnotes":""},"categories":[12,1,6],"tags":[40],"class_list":["post-5513","post","type-post","status-publish","format-standard","has-post-thumbnail","hentry","category-capa","category-noticias","category-sao_paulo","tag-bauru"],"_links":{"self":[{"href":"https:\/\/noticiasregionais.com.br\/index.php?rest_route=\/wp\/v2\/posts\/5513","targetHints":{"allow":["GET"]}}],"collection":[{"href":"https:\/\/noticiasregionais.com.br\/index.php?rest_route=\/wp\/v2\/posts"}],"about":[{"href":"https:\/\/noticiasregionais.com.br\/index.php?rest_route=\/wp\/v2\/types\/post"}],"author":[{"embeddable":true,"href":"https:\/\/noticiasregionais.com.br\/index.php?rest_route=\/wp\/v2\/users\/1"}],"replies":[{"embeddable":true,"href":"https:\/\/noticiasregionais.com.br\/index.php?rest_route=%2Fwp%2Fv2%2Fcomments&post=5513"}],"version-history":[{"count":1,"href":"https:\/\/noticiasregionais.com.br\/index.php?rest_route=\/wp\/v2\/posts\/5513\/revisions"}],"predecessor-version":[{"id":5518,"href":"https:\/\/noticiasregionais.com.br\/index.php?rest_route=\/wp\/v2\/posts\/5513\/revisions\/5518"}],"wp:featuredmedia":[{"embeddable":true,"href":"https:\/\/noticiasregionais.com.br\/index.php?rest_route=\/wp\/v2\/media\/5517"}],"wp:attachment":[{"href":"https:\/\/noticiasregionais.com.br\/index.php?rest_route=%2Fwp%2Fv2%2Fmedia&parent=5513"}],"wp:term":[{"taxonomy":"category","embeddable":true,"href":"https:\/\/noticiasregionais.com.br\/index.php?rest_route=%2Fwp%2Fv2%2Fcategories&post=5513"},{"taxonomy":"post_tag","embeddable":true,"href":"https:\/\/noticiasregionais.com.br\/index.php?rest_route=%2Fwp%2Fv2%2Ftags&post=5513"}],"curies":[{"name":"wp","href":"https:\/\/api.w.org\/{rel}","templated":true}]}}