{"id":5519,"date":"2025-06-05T09:31:53","date_gmt":"2025-06-05T12:31:53","guid":{"rendered":"https:\/\/noticiasregionais.com.br\/?p=5519"},"modified":"2025-06-05T09:32:24","modified_gmt":"2025-06-05T12:32:24","slug":"acao-integrada-entre-prf-e-pmrv-apreende-quase-meia-tonelada-de-cocaina-na-sp-310","status":"publish","type":"post","link":"https:\/\/noticiasregionais.com.br\/?p=5519","title":{"rendered":"A\u00e7\u00e3o integrada entre PRF e PMRv apreende quase meia tonelada de coca\u00edna na SP-310"},"content":{"rendered":"\n<p>Uma opera\u00e7\u00e3o conjunta entre a <strong>Pol\u00edcia Rodovi\u00e1ria Federal (PRF)<\/strong> e a <strong>Pol\u00edcia Militar Rodovi\u00e1ria (PMRv)<\/strong> resultou na apreens\u00e3o de <strong>428 quilos de coca\u00edna<\/strong> na noite da \u00faltima quarta-feira, <strong>4 de junho<\/strong>, na <strong>Rodovia Washington Lu\u00eds (SP-310)<\/strong>, na altura do km 444, em <strong>S\u00e3o Jos\u00e9 do Rio Preto (SP)<\/strong>. Um homem foi preso em flagrante.<\/p>\n\n\n\n<p>A droga estava cuidadosamente escondida em um <strong>fundo falso de uma carreta carregada com farelo de soja<\/strong>. O motorista, que tamb\u00e9m \u00e9 o <strong>propriet\u00e1rio do ve\u00edculo<\/strong>, apresentou documenta\u00e7\u00e3o fiscal indicando que a carga teria sa\u00eddo de <strong>Primavera do Leste (MT)<\/strong> com destino ao <strong>Porto de Santos (SP)<\/strong> \u2014 o que refor\u00e7a a suspeita de que o entorpecente seria enviado \u00e0 <strong>Europa<\/strong>.<\/p>\n\n\n\n<p>A abordagem foi fruto de um trabalho de <strong>intelig\u00eancia integrado entre equipes da PRF dos estados de Mato Grosso e S\u00e3o Paulo<\/strong>. Ap\u00f3s a intercepta\u00e7\u00e3o, o <strong>Corpo de Bombeiros<\/strong> foi acionado para auxiliar na desmontagem da estrutura oculta na carroceria. A opera\u00e7\u00e3o foi minuciosa e se estendeu ao longo da madrugada, at\u00e9 que todos os <strong>420 tabletes<\/strong> fossem localizados e contabilizados.<\/p>\n\n\n\n<p>A ocorr\u00eancia foi apresentada na <strong>Delegacia da Pol\u00edcia Civil de S\u00e3o Jos\u00e9 do Rio Preto<\/strong>. O motorista permanece detido e responder\u00e1 por <strong>tr\u00e1fico internacional de drogas<\/strong>, crime que prev\u00ea penas severas no C\u00f3digo Penal brasileiro.<\/p>\n\n\n\n<p>Com a apreens\u00e3o, as for\u00e7as de seguran\u00e7a frustraram mais uma tentativa de envio de grandes quantidades de entorpecentes ao exterior, reafirmando o papel fundamental da integra\u00e7\u00e3o entre as pol\u00edcias no combate ao crime organizado.<\/p>\n\n\n\n<figure class=\"wp-block-gallery has-nested-images columns-default is-cropped wp-block-gallery-1 is-layout-flex wp-block-gallery-is-layout-flex\">\n<figure class=\"wp-block-image size-large\"><a href=\"https:\/\/noticiasregionais.com.br\/wp-content\/uploads\/2025\/06\/Cocaina3.jpg\"><img decoding=\"async\" width=\"1024\" height=\"571\" data-id=\"5520\" src=\"https:\/\/noticiasregionais.com.br\/wp-content\/uploads\/2025\/06\/Cocaina3-1024x571.jpg\" alt=\"\" class=\"wp-image-5520\" srcset=\"https:\/\/noticiasregionais.com.br\/wp-content\/uploads\/2025\/06\/Cocaina3-1024x571.jpg 1024w, https:\/\/noticiasregionais.com.br\/wp-content\/uploads\/2025\/06\/Cocaina3-300x167.jpg 300w, https:\/\/noticiasregionais.com.br\/wp-content\/uploads\/2025\/06\/Cocaina3-768x428.jpg 768w, https:\/\/noticiasregionais.com.br\/wp-content\/uploads\/2025\/06\/Cocaina3.jpg 1476w\" sizes=\"(max-width: 1024px) 100vw, 1024px\" \/><\/a><\/figure>\n\n\n\n<figure class=\"wp-block-image size-large\"><a href=\"https:\/\/noticiasregionais.com.br\/wp-content\/uploads\/2025\/06\/Cocaina1.jpg\"><img decoding=\"async\" width=\"1024\" height=\"600\" data-id=\"5521\" src=\"https:\/\/noticiasregionais.com.br\/wp-content\/uploads\/2025\/06\/Cocaina1-1024x600.jpg\" alt=\"\" class=\"wp-image-5521\" srcset=\"https:\/\/noticiasregionais.com.br\/wp-content\/uploads\/2025\/06\/Cocaina1-1024x600.jpg 1024w, https:\/\/noticiasregionais.com.br\/wp-content\/uploads\/2025\/06\/Cocaina1-300x176.jpg 300w, https:\/\/noticiasregionais.com.br\/wp-content\/uploads\/2025\/06\/Cocaina1-768x450.jpg 768w, https:\/\/noticiasregionais.com.br\/wp-content\/uploads\/2025\/06\/Cocaina1.jpg 1361w\" sizes=\"(max-width: 1024px) 100vw, 1024px\" \/><\/a><\/figure>\n\n\n\n<figure class=\"wp-block-image size-large\"><a href=\"https:\/\/noticiasregionais.com.br\/wp-content\/uploads\/2025\/06\/Cocaina2.jpg\"><img decoding=\"async\" width=\"1024\" height=\"589\" data-id=\"5523\" src=\"https:\/\/noticiasregionais.com.br\/wp-content\/uploads\/2025\/06\/Cocaina2-1024x589.jpg\" alt=\"\" class=\"wp-image-5523\" srcset=\"https:\/\/noticiasregionais.com.br\/wp-content\/uploads\/2025\/06\/Cocaina2-1024x589.jpg 1024w, https:\/\/noticiasregionais.com.br\/wp-content\/uploads\/2025\/06\/Cocaina2-300x173.jpg 300w, https:\/\/noticiasregionais.com.br\/wp-content\/uploads\/2025\/06\/Cocaina2-768x442.jpg 768w, https:\/\/noticiasregionais.com.br\/wp-content\/uploads\/2025\/06\/Cocaina2.jpg 1415w\" sizes=\"(max-width: 1024px) 100vw, 1024px\" \/><\/a><\/figure>\n<\/figure>\n\n\n\n<p><\/p>\n<input type=\"hidden\" id=\"baseurl\" value=\"https:\/\/noticiasregionais.com.br\"><input type=\"hidden\" id=\"audio_nonce\" value=\"3cdc555a10\">","protected":false},"excerpt":{"rendered":"<p>Uma opera\u00e7\u00e3o conjunta entre a Pol\u00edcia Rodovi\u00e1ria Federal (PRF) e a Pol\u00edcia Militar Rodovi\u00e1ria (PMRv) resultou na apreens\u00e3o de 428&hellip;<\/p>\n","protected":false},"author":1,"featured_media":5522,"comment_status":"closed","ping_status":"open","sticky":false,"template":"","format":"standard","meta":{"sfsi_plus_gutenberg_text_before_share":"","sfsi_plus_gutenberg_show_text_before_share":"","sfsi_plus_gutenberg_icon_type":"","sfsi_plus_gutenberg_icon_alignemt":"","sfsi_plus_gutenburg_max_per_row":"","footnotes":""},"categories":[10,1,6],"tags":[],"class_list":["post-5519","post","type-post","status-publish","format-standard","has-post-thumbnail","hentry","category-destaques","category-noticias","category-sao_paulo"],"_links":{"self":[{"href":"https:\/\/noticiasregionais.com.br\/index.php?rest_route=\/wp\/v2\/posts\/5519","targetHints":{"allow":["GET"]}}],"collection":[{"href":"https:\/\/noticiasregionais.com.br\/index.php?rest_route=\/wp\/v2\/posts"}],"about":[{"href":"https:\/\/noticiasregionais.com.br\/index.php?rest_route=\/wp\/v2\/types\/post"}],"author":[{"embeddable":true,"href":"https:\/\/noticiasregionais.com.br\/index.php?rest_route=\/wp\/v2\/users\/1"}],"replies":[{"embeddable":true,"href":"https:\/\/noticiasregionais.com.br\/index.php?rest_route=%2Fwp%2Fv2%2Fcomments&post=5519"}],"version-history":[{"count":1,"href":"https:\/\/noticiasregionais.com.br\/index.php?rest_route=\/wp\/v2\/posts\/5519\/revisions"}],"predecessor-version":[{"id":5524,"href":"https:\/\/noticiasregionais.com.br\/index.php?rest_route=\/wp\/v2\/posts\/5519\/revisions\/5524"}],"wp:featuredmedia":[{"embeddable":true,"href":"https:\/\/noticiasregionais.com.br\/index.php?rest_route=\/wp\/v2\/media\/5522"}],"wp:attachment":[{"href":"https:\/\/noticiasregionais.com.br\/index.php?rest_route=%2Fwp%2Fv2%2Fmedia&parent=5519"}],"wp:term":[{"taxonomy":"category","embeddable":true,"href":"https:\/\/noticiasregionais.com.br\/index.php?rest_route=%2Fwp%2Fv2%2Fcategories&post=5519"},{"taxonomy":"post_tag","embeddable":true,"href":"https:\/\/noticiasregionais.com.br\/index.php?rest_route=%2Fwp%2Fv2%2Ftags&post=5519"}],"curies":[{"name":"wp","href":"https:\/\/api.w.org\/{rel}","templated":true}]}}