{"id":552,"date":"2023-09-26T07:26:27","date_gmt":"2023-09-26T10:26:27","guid":{"rendered":"https:\/\/noticiasregionais.com.br\/?p=552"},"modified":"2023-09-26T07:26:27","modified_gmt":"2023-09-26T10:26:27","slug":"homem-ia-para-o-trabalho-quando-teve-carro-esmagado-por-trem","status":"publish","type":"post","link":"https:\/\/noticiasregionais.com.br\/?p=552","title":{"rendered":"Homem ia para o trabalho quando teve carro esmagado por trem"},"content":{"rendered":"\n<p>Um homem de 45 anos morreu ap\u00f3s ter o carro &#8220;esmagado&#8221; por um trem em Satuba, na regi\u00e3o metropolitana de Macei\u00f3 (AL). O acidente ocorreu na manh\u00e3 desta segunda-feira (25).<\/p>\n\n\n\n<p>O motorista, identificado como Jos\u00e9 C\u00edcero dos Santos, foi socorrido com vida e encaminhada ao HGE (Hospital Geral do Estado), mas n\u00e3o resistiu e morreu.<\/p>\n\n\n\n<p>O autom\u00f3vel foi atingido e arrastado em uma \u00e1rea pr\u00f3xima \u00e0 esta\u00e7\u00e3o Ferrovi\u00e1ria, que fica no centro da cidade. No momento do acidente, Jos\u00e9 C\u00edcero avan\u00e7ava sobre a linha f\u00e9rrea. A popula\u00e7\u00e3o precisou ajudar a levantar o carro para retirar o homem, que ficou sob o ve\u00edculo, at\u00e9 a chegada do socorro.<\/p>\n\n\n\n<p>Um primo da v\u00edtima disse em entrevista \u00e0 TV Paju\u00e7ara, afiliada da Record, que Jos\u00e9 C\u00edcero estava indo para o trabalho. &#8220;Ele estava perto do hor\u00e1rio para ir ao servi\u00e7o, ele trabalha como operador, sempre sai cedo para trabalhar. Ele ia pegar o irm\u00e3o, para os dois irem juntos ao servi\u00e7o&#8221;, contou.<\/p>\n\n\n\n<p>Em nota, a CBTU (Companhia Brasileira de Trens Urbanos ) informou que a linha f\u00e9rrea onde o acidente ocorreu j\u00e1 voltou a funcionar.<\/p>\n\n\n\n<p><sub>fonte: Sampi \/ Folhapress<\/sub><\/p>\n<input type=\"hidden\" id=\"baseurl\" value=\"https:\/\/noticiasregionais.com.br\"><input type=\"hidden\" id=\"audio_nonce\" value=\"533fbb67b1\">","protected":false},"excerpt":{"rendered":"<p>Um homem de 45 anos morreu ap\u00f3s ter o carro &#8220;esmagado&#8221; por um trem em Satuba, na regi\u00e3o metropolitana de&hellip;<\/p>\n","protected":false},"author":1,"featured_media":553,"comment_status":"closed","ping_status":"open","sticky":false,"template":"","format":"standard","meta":{"sfsi_plus_gutenberg_text_before_share":"","sfsi_plus_gutenberg_show_text_before_share":"","sfsi_plus_gutenberg_icon_type":"","sfsi_plus_gutenberg_icon_alignemt":"","sfsi_plus_gutenburg_max_per_row":"","footnotes":""},"categories":[8,12,1],"tags":[],"class_list":["post-552","post","type-post","status-publish","format-standard","has-post-thumbnail","hentry","category-brasil","category-capa","category-noticias"],"_links":{"self":[{"href":"https:\/\/noticiasregionais.com.br\/index.php?rest_route=\/wp\/v2\/posts\/552","targetHints":{"allow":["GET"]}}],"collection":[{"href":"https:\/\/noticiasregionais.com.br\/index.php?rest_route=\/wp\/v2\/posts"}],"about":[{"href":"https:\/\/noticiasregionais.com.br\/index.php?rest_route=\/wp\/v2\/types\/post"}],"author":[{"embeddable":true,"href":"https:\/\/noticiasregionais.com.br\/index.php?rest_route=\/wp\/v2\/users\/1"}],"replies":[{"embeddable":true,"href":"https:\/\/noticiasregionais.com.br\/index.php?rest_route=%2Fwp%2Fv2%2Fcomments&post=552"}],"version-history":[{"count":1,"href":"https:\/\/noticiasregionais.com.br\/index.php?rest_route=\/wp\/v2\/posts\/552\/revisions"}],"predecessor-version":[{"id":554,"href":"https:\/\/noticiasregionais.com.br\/index.php?rest_route=\/wp\/v2\/posts\/552\/revisions\/554"}],"wp:featuredmedia":[{"embeddable":true,"href":"https:\/\/noticiasregionais.com.br\/index.php?rest_route=\/wp\/v2\/media\/553"}],"wp:attachment":[{"href":"https:\/\/noticiasregionais.com.br\/index.php?rest_route=%2Fwp%2Fv2%2Fmedia&parent=552"}],"wp:term":[{"taxonomy":"category","embeddable":true,"href":"https:\/\/noticiasregionais.com.br\/index.php?rest_route=%2Fwp%2Fv2%2Fcategories&post=552"},{"taxonomy":"post_tag","embeddable":true,"href":"https:\/\/noticiasregionais.com.br\/index.php?rest_route=%2Fwp%2Fv2%2Ftags&post=552"}],"curies":[{"name":"wp","href":"https:\/\/api.w.org\/{rel}","templated":true}]}}