{"id":5525,"date":"2025-06-05T21:46:09","date_gmt":"2025-06-06T00:46:09","guid":{"rendered":"https:\/\/noticiasregionais.com.br\/?p=5525"},"modified":"2025-06-05T21:46:21","modified_gmt":"2025-06-06T00:46:21","slug":"fatec-ourinhos-oferece-ensino-superior-gratuito-e-de-qualidade-inscricoes-para-o-vestibular-foram-prorrogadas","status":"publish","type":"post","link":"https:\/\/noticiasregionais.com.br\/?p=5525","title":{"rendered":"Fatec Ourinhos oferece ensino superior gratuito e de qualidade; inscri\u00e7\u00f5es para o vestibular foram prorrogadas"},"content":{"rendered":"\n<p>Est\u00e3o abertas as inscri\u00e7\u00f5es para o Vestibular das Faculdades de Tecnologia do Estado de S\u00e3o Paulo (Fatecs) para o segundo semestre de 2025, e os candidatos ganharam mais tempo para garantir sua participa\u00e7\u00e3o. O prazo, que terminaria antes, foi prorrogado at\u00e9 \u00e0s 20h do dia 12 de junho. A prova ser\u00e1 aplicada no dia 29 de junho.<\/p>\n\n\n\n<p>A Fatec Ourinhos \u00e9 uma das unidades participantes e oferece cursos superiores de tecnologia gratuitos nas \u00e1reas de <strong>Agroneg\u00f3cio, An\u00e1lise e Desenvolvimento de Sistemas, Ci\u00eancia de Dados, Gest\u00e3o Empresarial (EAD), Jogos Digitais e Seguran\u00e7a da Informa\u00e7\u00e3o<\/strong>. \u00c9 uma excelente oportunidade para quem busca qualifica\u00e7\u00e3o profissional com ensino p\u00fablico de qualidade.<\/p>\n\n\n\n<p>Para se inscrever, o interessado deve acessar o site <a class=\"\" href=\"https:\/\/vestibular.fatec.sp.gov.br\" target=\"_blank\" rel=\"noopener\">vestibular.fatec.sp.gov.br<\/a>, preencher a ficha de inscri\u00e7\u00e3o, responder ao question\u00e1rio socioecon\u00f4mico e pagar a taxa de R$ 50. Quem desejar se candidatar a mais de um curso ou unidade poder\u00e1 fazer mais de uma inscri\u00e7\u00e3o, com taxa adicional para cada uma.<\/p>\n\n\n\n<p><strong>Quem pode se inscrever?<\/strong><br>Podem participar do processo seletivo candidatos que tenham conclu\u00eddo ou estejam cursando o Ensino M\u00e9dio, desde que comprovem a conclus\u00e3o at\u00e9 o momento da matr\u00edcula.<\/p>\n\n\n\n<p><strong>Calend\u00e1rio do vestibular:<\/strong><\/p>\n\n\n\n<ul class=\"wp-block-list\">\n<li><strong>12 de junho, at\u00e9 as 20h<\/strong> \u2013 encerramento das inscri\u00e7\u00f5es<\/li>\n\n\n\n<li><strong>25 de junho, a partir das 17h<\/strong> \u2013 divulga\u00e7\u00e3o dos locais de prova<\/li>\n\n\n\n<li><strong>29 de junho, \u00e0s 13h<\/strong> \u2013 aplica\u00e7\u00e3o da prova<\/li>\n\n\n\n<li><strong>14 de julho, a partir das 15h<\/strong> \u2013 divulga\u00e7\u00e3o da classifica\u00e7\u00e3o geral e primeira chamada<\/li>\n\n\n\n<li><strong>15 a 17 de julho<\/strong> \u2013 matr\u00edcula da primeira chamada<\/li>\n\n\n\n<li><strong>22 de julho, \u00e0s 15h<\/strong> \u2013 divulga\u00e7\u00e3o da segunda chamada<\/li>\n\n\n\n<li><strong>23 e 24 de julho<\/strong> \u2013 matr\u00edcula da segunda chamada<\/li>\n<\/ul>\n\n\n\n<p>A Fatec Ourinhos tamb\u00e9m oferece suporte com computador e acesso \u00e0 internet para quem precisar realizar a inscri\u00e7\u00e3o presencialmente. Para isso, \u00e9 necess\u00e1rio entrar em contato com a unidade e verificar os hor\u00e1rios dispon\u00edveis.<\/p>\n\n\n\n<p>Com um total de <strong>20.020 vagas em todo o estado<\/strong>, sendo <strong>12.550 via vestibular tradicional e 7.470 oriundas do Prov\u00e3o Paulista<\/strong>, a Fatec se consolida como uma das melhores op\u00e7\u00f5es de ensino superior gratuito em S\u00e3o Paulo. \u00c9 importante lembrar que os dois processos s\u00e3o independentes.<\/p>\n\n\n\n<p>Mais informa\u00e7\u00f5es podem ser obtidas diretamente com a Fatec Ourinhos pelo telefone <strong>(14) 3302-9800<\/strong> ou WhatsApp <strong>(14) 99707-1309<\/strong>.<\/p>\n\n\n\n<p><strong>N\u00e3o perca essa chance! Garanta seu futuro com ensino superior p\u00fablico, gratuito e de qualidade na Fatec Ourinhos.<\/strong><\/p>\n<input type=\"hidden\" id=\"baseurl\" value=\"https:\/\/noticiasregionais.com.br\"><input type=\"hidden\" id=\"audio_nonce\" value=\"533fbb67b1\">","protected":false},"excerpt":{"rendered":"<p>Est\u00e3o abertas as inscri\u00e7\u00f5es para o Vestibular das Faculdades de Tecnologia do Estado de S\u00e3o Paulo (Fatecs) para o segundo&hellip;<\/p>\n","protected":false},"author":1,"featured_media":908,"comment_status":"closed","ping_status":"open","sticky":false,"template":"","format":"standard","meta":{"sfsi_plus_gutenberg_text_before_share":"","sfsi_plus_gutenberg_show_text_before_share":"","sfsi_plus_gutenberg_icon_type":"","sfsi_plus_gutenberg_icon_alignemt":"","sfsi_plus_gutenburg_max_per_row":"","footnotes":""},"categories":[12,1,5],"tags":[16],"class_list":["post-5525","post","type-post","status-publish","format-standard","has-post-thumbnail","hentry","category-capa","category-noticias","category-ourinhos","tag-ourinhos"],"_links":{"self":[{"href":"https:\/\/noticiasregionais.com.br\/index.php?rest_route=\/wp\/v2\/posts\/5525","targetHints":{"allow":["GET"]}}],"collection":[{"href":"https:\/\/noticiasregionais.com.br\/index.php?rest_route=\/wp\/v2\/posts"}],"about":[{"href":"https:\/\/noticiasregionais.com.br\/index.php?rest_route=\/wp\/v2\/types\/post"}],"author":[{"embeddable":true,"href":"https:\/\/noticiasregionais.com.br\/index.php?rest_route=\/wp\/v2\/users\/1"}],"replies":[{"embeddable":true,"href":"https:\/\/noticiasregionais.com.br\/index.php?rest_route=%2Fwp%2Fv2%2Fcomments&post=5525"}],"version-history":[{"count":1,"href":"https:\/\/noticiasregionais.com.br\/index.php?rest_route=\/wp\/v2\/posts\/5525\/revisions"}],"predecessor-version":[{"id":5526,"href":"https:\/\/noticiasregionais.com.br\/index.php?rest_route=\/wp\/v2\/posts\/5525\/revisions\/5526"}],"wp:featuredmedia":[{"embeddable":true,"href":"https:\/\/noticiasregionais.com.br\/index.php?rest_route=\/wp\/v2\/media\/908"}],"wp:attachment":[{"href":"https:\/\/noticiasregionais.com.br\/index.php?rest_route=%2Fwp%2Fv2%2Fmedia&parent=5525"}],"wp:term":[{"taxonomy":"category","embeddable":true,"href":"https:\/\/noticiasregionais.com.br\/index.php?rest_route=%2Fwp%2Fv2%2Fcategories&post=5525"},{"taxonomy":"post_tag","embeddable":true,"href":"https:\/\/noticiasregionais.com.br\/index.php?rest_route=%2Fwp%2Fv2%2Ftags&post=5525"}],"curies":[{"name":"wp","href":"https:\/\/api.w.org\/{rel}","templated":true}]}}