{"id":5530,"date":"2025-06-06T07:38:03","date_gmt":"2025-06-06T10:38:03","guid":{"rendered":"https:\/\/noticiasregionais.com.br\/?p=5530"},"modified":"2025-06-06T07:38:07","modified_gmt":"2025-06-06T10:38:07","slug":"iniciativa-fortalece-protecao-e-leva-conhecimento-as-mulheres-do-campo-no-norte-pioneiro-do-parana","status":"publish","type":"post","link":"https:\/\/noticiasregionais.com.br\/?p=5530","title":{"rendered":"Iniciativa fortalece prote\u00e7\u00e3o e leva conhecimento \u00e0s mulheres do campo no Norte Pioneiro do Paran\u00e1"},"content":{"rendered":"\n<p>Entre os dias 22 de maio e 2 de junho de 2025, mulheres que vivem em \u00e1reas rurais do Norte Pioneiro do Paran\u00e1 participaram de uma s\u00e9rie de palestras educativas voltadas \u00e0 seguran\u00e7a e ao enfrentamento da viol\u00eancia dom\u00e9stica. A a\u00e7\u00e3o faz parte da <em>Semana da Mulher do Campo<\/em>, atividade integrada ao <strong>Programa Mulher Segura<\/strong>, promovido pelo Governo do Paran\u00e1 por meio da Secretaria da Seguran\u00e7a P\u00fablica e executado pela Pol\u00edcia Militar, com apoio da Patrulha Maria da Penha e da Patrulha Rural do 2\u00ba BPM.<\/p>\n\n\n\n<p>A iniciativa percorreu diferentes munic\u00edpios da regi\u00e3o com o objetivo de <strong>ampliar o acesso \u00e0 informa\u00e7\u00e3o, fortalecer os mecanismos de prote\u00e7\u00e3o \u00e0s mulheres e promover a seguran\u00e7a das comunidades rurais<\/strong>.<\/p>\n\n\n\n<hr class=\"wp-block-separator has-alpha-channel-opacity\"\/>\n\n\n\n<h3 class=\"wp-block-heading\"><strong>Munic\u00edpios alcan\u00e7ados pela a\u00e7\u00e3o<\/strong><\/h3>\n\n\n\n<p>O ciclo de palestras passou por diversas cidades, reunindo moradores, autoridades locais e representantes da seguran\u00e7a p\u00fablica:<\/p>\n\n\n\n<ul class=\"wp-block-list\">\n<li><strong>Guapirama (22\/05)<\/strong> \u2013 O evento teve in\u00edcio com a fala do prefeito Pedro de Oliveira, que destacou a import\u00e2ncia de enfrentar a viol\u00eancia dom\u00e9stica e ampliar a prote\u00e7\u00e3o no campo.<\/li>\n\n\n\n<li><strong>Ribeir\u00e3o do Pinhal (27\/05)<\/strong> \u2013 Cerca de 80 participantes acompanharam o evento, demonstrando o engajamento da comunidade.<\/li>\n\n\n\n<li><strong>Santo Ant\u00f4nio da Platina (28\/05)<\/strong> \u2013 Realizado na Casa da Cultura, contou com a presen\u00e7a de alunos e moradores, totalizando 50 participantes.<\/li>\n\n\n\n<li><strong>Carl\u00f3polis (02\/06)<\/strong> \u2013 Reuniu 64 pessoas, entre autoridades e popula\u00e7\u00e3o da zona rural.<\/li>\n<\/ul>\n\n\n\n<hr class=\"wp-block-separator has-alpha-channel-opacity\"\/>\n\n\n\n<h3 class=\"wp-block-heading\"><strong>Seguran\u00e7a e empoderamento como prioridades<\/strong><\/h3>\n\n\n\n<p>Durante os encontros, a <strong>Patrulha Maria da Penha<\/strong> abordou aspectos relacionados ao enfrentamento da viol\u00eancia contra a mulher, como os diferentes tipos de agress\u00e3o, o ciclo da viol\u00eancia, a rede de prote\u00e7\u00e3o dispon\u00edvel e os canais de den\u00fancia.<\/p>\n\n\n\n<p>J\u00e1 a <strong>Patrulha Rural<\/strong> tratou de temas ligados \u00e0 prote\u00e7\u00e3o das propriedades e \u00e0 preven\u00e7\u00e3o de crimes patrimoniais, al\u00e9m de orientar os moradores sobre golpes recorrentes no meio rural e apresentar as funcionalidades do aplicativo APP 190.<\/p>\n\n\n\n<hr class=\"wp-block-separator has-alpha-channel-opacity\"\/>\n\n\n\n<h3 class=\"wp-block-heading\"><strong>Temas em destaque nas palestras da Patrulha Rural:<\/strong><\/h3>\n\n\n\n<ul class=\"wp-block-list\">\n<li><strong>Cadastro de propriedades<\/strong> na PM para facilitar o monitoramento;<\/li>\n\n\n\n<li><strong>Preven\u00e7\u00e3o de furtos e invas\u00f5es<\/strong>, com foco em medidas como cercas, ilumina\u00e7\u00e3o e vigil\u00e2ncia comunit\u00e1ria;<\/li>\n\n\n\n<li><strong>Golpes comuns no campo<\/strong>, incluindo fraudes com m\u00e1quinas e servi\u00e7os;<\/li>\n\n\n\n<li><strong>Atua\u00e7\u00e3o da Patrulha Rural<\/strong>, que realiza visitas regulares e promove a\u00e7\u00f5es preventivas;<\/li>\n\n\n\n<li><strong>Uso do APP 190<\/strong>, para facilitar o contato com a pol\u00edcia em casos de emerg\u00eancia.<\/li>\n<\/ul>\n\n\n\n<hr class=\"wp-block-separator has-alpha-channel-opacity\"\/>\n\n\n\n<h3 class=\"wp-block-heading\"><strong>Rede de apoio \u00e0 mulher: onde buscar ajuda<\/strong><\/h3>\n\n\n\n<p>As participantes tamb\u00e9m foram orientadas sobre os servi\u00e7os que integram a rede de apoio, como:<\/p>\n\n\n\n<ul class=\"wp-block-list\">\n<li><strong>Delegacias Especializadas de Atendimento \u00e0 Mulher (DEAMs)<\/strong>;<\/li>\n\n\n\n<li><strong>Minist\u00e9rio P\u00fablico e Defensoria P\u00fablica<\/strong>, com suporte jur\u00eddico gratuito;<\/li>\n\n\n\n<li><strong>CREAS<\/strong>, respons\u00e1vel pelo acolhimento social e direcionamento de v\u00edtimas;<\/li>\n\n\n\n<li><strong>Organiza\u00e7\u00f5es sociais e ONGs<\/strong>, que oferecem acolhimento e acompanhamento.<\/li>\n<\/ul>\n\n\n\n<hr class=\"wp-block-separator has-alpha-channel-opacity\"\/>\n\n\n\n<h3 class=\"wp-block-heading\"><strong>Ferramentas digitais de prote\u00e7\u00e3o<\/strong><\/h3>\n\n\n\n<p>O <strong>APP 190<\/strong>, aplicativo oficial da Pol\u00edcia Militar, foi apresentado como uma ferramenta \u00e1gil e segura, com recursos como:<\/p>\n\n\n\n<ul class=\"wp-block-list\">\n<li>Chamadas emergenciais com localiza\u00e7\u00e3o em tempo real;<\/li>\n\n\n\n<li>Registro de den\u00fancias e ocorr\u00eancias;<\/li>\n\n\n\n<li>Acesso r\u00e1pido ao suporte policial.<\/li>\n<\/ul>\n\n\n\n<p>Al\u00e9m disso, foi demonstrado o funcionamento do <strong>Bot\u00e3o do P\u00e2nico Virtual<\/strong>, destinado a mulheres que t\u00eam medidas protetivas concedidas judicialmente. Esse recurso permite o envio imediato de alertas \u00e0 PM com localiza\u00e7\u00e3o, grava\u00e7\u00e3o de \u00e1udio e acionamento em apenas tr\u00eas toques.<\/p>\n\n\n\n<hr class=\"wp-block-separator has-alpha-channel-opacity\"\/>\n\n\n\n<h3 class=\"wp-block-heading\"><strong>Compromisso com a continuidade do trabalho<\/strong><\/h3>\n\n\n\n<p>A <em>Semana da Mulher do Campo<\/em> n\u00e3o foi uma a\u00e7\u00e3o isolada, mas parte de um programa cont\u00ednuo que visa ampliar a <strong>seguran\u00e7a e a cidadania das mulheres em \u00e1reas rurais<\/strong>. A participa\u00e7\u00e3o ativa das comunidades e o apoio das autoridades locais refor\u00e7am o compromisso com a prote\u00e7\u00e3o e o empoderamento feminino, promovendo ambientes mais seguros e igualit\u00e1rios no campo.<\/p>\n\n\n\n<figure class=\"wp-block-gallery has-nested-images columns-2 is-cropped wp-block-gallery-1 is-layout-flex wp-block-gallery-is-layout-flex\">\n<figure class=\"wp-block-image size-large\"><a href=\"https:\/\/noticiasregionais.com.br\/wp-content\/uploads\/2025\/06\/WhatsApp-Image-2025-06-05-at-14.07.01.jpeg\"><img decoding=\"async\" width=\"1024\" height=\"576\" data-id=\"5531\" src=\"https:\/\/noticiasregionais.com.br\/wp-content\/uploads\/2025\/06\/WhatsApp-Image-2025-06-05-at-14.07.01-1024x576.jpeg\" alt=\"\" class=\"wp-image-5531\" srcset=\"https:\/\/noticiasregionais.com.br\/wp-content\/uploads\/2025\/06\/WhatsApp-Image-2025-06-05-at-14.07.01-1024x576.jpeg 1024w, https:\/\/noticiasregionais.com.br\/wp-content\/uploads\/2025\/06\/WhatsApp-Image-2025-06-05-at-14.07.01-300x169.jpeg 300w, https:\/\/noticiasregionais.com.br\/wp-content\/uploads\/2025\/06\/WhatsApp-Image-2025-06-05-at-14.07.01-768x432.jpeg 768w, https:\/\/noticiasregionais.com.br\/wp-content\/uploads\/2025\/06\/WhatsApp-Image-2025-06-05-at-14.07.01-1536x864.jpeg 1536w, https:\/\/noticiasregionais.com.br\/wp-content\/uploads\/2025\/06\/WhatsApp-Image-2025-06-05-at-14.07.01.jpeg 1600w\" sizes=\"(max-width: 1024px) 100vw, 1024px\" \/><\/a><\/figure>\n\n\n\n<figure class=\"wp-block-image size-large\"><a href=\"https:\/\/noticiasregionais.com.br\/wp-content\/uploads\/2025\/06\/WhatsApp-Image-2025-06-05-at-14.07.07.jpeg\"><img decoding=\"async\" width=\"1024\" height=\"768\" data-id=\"5532\" src=\"https:\/\/noticiasregionais.com.br\/wp-content\/uploads\/2025\/06\/WhatsApp-Image-2025-06-05-at-14.07.07-1024x768.jpeg\" alt=\"\" class=\"wp-image-5532\" srcset=\"https:\/\/noticiasregionais.com.br\/wp-content\/uploads\/2025\/06\/WhatsApp-Image-2025-06-05-at-14.07.07-1024x768.jpeg 1024w, https:\/\/noticiasregionais.com.br\/wp-content\/uploads\/2025\/06\/WhatsApp-Image-2025-06-05-at-14.07.07-300x225.jpeg 300w, https:\/\/noticiasregionais.com.br\/wp-content\/uploads\/2025\/06\/WhatsApp-Image-2025-06-05-at-14.07.07-768x576.jpeg 768w, https:\/\/noticiasregionais.com.br\/wp-content\/uploads\/2025\/06\/WhatsApp-Image-2025-06-05-at-14.07.07-1536x1152.jpeg 1536w, https:\/\/noticiasregionais.com.br\/wp-content\/uploads\/2025\/06\/WhatsApp-Image-2025-06-05-at-14.07.07.jpeg 1600w\" sizes=\"(max-width: 1024px) 100vw, 1024px\" \/><\/a><\/figure>\n\n\n\n<figure class=\"wp-block-image size-large\"><a href=\"https:\/\/noticiasregionais.com.br\/wp-content\/uploads\/2025\/06\/WhatsApp-Image-2025-06-05-at-14.06.58.jpeg\"><img decoding=\"async\" width=\"1024\" height=\"768\" data-id=\"5533\" src=\"https:\/\/noticiasregionais.com.br\/wp-content\/uploads\/2025\/06\/WhatsApp-Image-2025-06-05-at-14.06.58-1024x768.jpeg\" alt=\"\" class=\"wp-image-5533\" srcset=\"https:\/\/noticiasregionais.com.br\/wp-content\/uploads\/2025\/06\/WhatsApp-Image-2025-06-05-at-14.06.58-1024x768.jpeg 1024w, https:\/\/noticiasregionais.com.br\/wp-content\/uploads\/2025\/06\/WhatsApp-Image-2025-06-05-at-14.06.58-300x225.jpeg 300w, https:\/\/noticiasregionais.com.br\/wp-content\/uploads\/2025\/06\/WhatsApp-Image-2025-06-05-at-14.06.58-768x576.jpeg 768w, https:\/\/noticiasregionais.com.br\/wp-content\/uploads\/2025\/06\/WhatsApp-Image-2025-06-05-at-14.06.58.jpeg 1280w\" sizes=\"(max-width: 1024px) 100vw, 1024px\" \/><\/a><\/figure>\n<\/figure>\n<input type=\"hidden\" id=\"baseurl\" value=\"https:\/\/noticiasregionais.com.br\"><input type=\"hidden\" id=\"audio_nonce\" value=\"533fbb67b1\">","protected":false},"excerpt":{"rendered":"<p>Entre os dias 22 de maio e 2 de junho de 2025, mulheres que vivem em \u00e1reas rurais do Norte&hellip;<\/p>\n","protected":false},"author":1,"featured_media":5534,"comment_status":"closed","ping_status":"open","sticky":false,"template":"","format":"standard","meta":{"sfsi_plus_gutenberg_text_before_share":"","sfsi_plus_gutenberg_show_text_before_share":"","sfsi_plus_gutenberg_icon_type":"","sfsi_plus_gutenberg_icon_alignemt":"","sfsi_plus_gutenburg_max_per_row":"","footnotes":""},"categories":[10,1,7],"tags":[],"class_list":["post-5530","post","type-post","status-publish","format-standard","has-post-thumbnail","hentry","category-destaques","category-noticias","category-parana"],"_links":{"self":[{"href":"https:\/\/noticiasregionais.com.br\/index.php?rest_route=\/wp\/v2\/posts\/5530","targetHints":{"allow":["GET"]}}],"collection":[{"href":"https:\/\/noticiasregionais.com.br\/index.php?rest_route=\/wp\/v2\/posts"}],"about":[{"href":"https:\/\/noticiasregionais.com.br\/index.php?rest_route=\/wp\/v2\/types\/post"}],"author":[{"embeddable":true,"href":"https:\/\/noticiasregionais.com.br\/index.php?rest_route=\/wp\/v2\/users\/1"}],"replies":[{"embeddable":true,"href":"https:\/\/noticiasregionais.com.br\/index.php?rest_route=%2Fwp%2Fv2%2Fcomments&post=5530"}],"version-history":[{"count":1,"href":"https:\/\/noticiasregionais.com.br\/index.php?rest_route=\/wp\/v2\/posts\/5530\/revisions"}],"predecessor-version":[{"id":5535,"href":"https:\/\/noticiasregionais.com.br\/index.php?rest_route=\/wp\/v2\/posts\/5530\/revisions\/5535"}],"wp:featuredmedia":[{"embeddable":true,"href":"https:\/\/noticiasregionais.com.br\/index.php?rest_route=\/wp\/v2\/media\/5534"}],"wp:attachment":[{"href":"https:\/\/noticiasregionais.com.br\/index.php?rest_route=%2Fwp%2Fv2%2Fmedia&parent=5530"}],"wp:term":[{"taxonomy":"category","embeddable":true,"href":"https:\/\/noticiasregionais.com.br\/index.php?rest_route=%2Fwp%2Fv2%2Fcategories&post=5530"},{"taxonomy":"post_tag","embeddable":true,"href":"https:\/\/noticiasregionais.com.br\/index.php?rest_route=%2Fwp%2Fv2%2Ftags&post=5530"}],"curies":[{"name":"wp","href":"https:\/\/api.w.org\/{rel}","templated":true}]}}