{"id":5536,"date":"2025-06-06T07:45:42","date_gmt":"2025-06-06T10:45:42","guid":{"rendered":"https:\/\/noticiasregionais.com.br\/?p=5536"},"modified":"2025-06-06T07:45:54","modified_gmt":"2025-06-06T10:45:54","slug":"tiro-de-guerra-e-fundo-social-mobilizam-moradores-para-a-campanha-do-agasalho-2025","status":"publish","type":"post","link":"https:\/\/noticiasregionais.com.br\/?p=5536","title":{"rendered":"Tiro de Guerra e Fundo Social mobilizam moradores para a Campanha do Agasalho 2025"},"content":{"rendered":"\n<p><em>Ourinhos, 6 de junho de 2025<\/em> \u2014 Neste s\u00e1bado, dia 7 de junho, a solidariedade tomar\u00e1 conta das ruas de Ourinhos. A partir das 9h da manh\u00e3, os atiradores do Tiro de Guerra percorrer\u00e3o os bairros Nova Ourinhos, Jardim Paulista, Vila Soares e Jardim Ouro Verde com uma miss\u00e3o especial: recolher doa\u00e7\u00f5es para a <strong>Campanha do Agasalho 2025<\/strong>.<\/p>\n\n\n\n<p>A a\u00e7\u00e3o \u00e9 promovida em parceria com o <strong>Fundo Social de Solidariedade<\/strong>, que faz um apelo \u00e0 popula\u00e7\u00e3o: doar roupas e cobertores novos ou usados, desde que estejam em bom estado. As doa\u00e7\u00f5es arrecadadas ser\u00e3o cuidadosamente triadas e destinadas \u00e0s fam\u00edlias em situa\u00e7\u00e3o de vulnerabilidade social, buscando garantir um inverno mais digno para crian\u00e7as, adultos e idosos da cidade.<\/p>\n\n\n\n<p>Com a chegada das baixas temperaturas, a mobiliza\u00e7\u00e3o se torna ainda mais urgente. Para muitos, um agasalho ou cobertor pode representar mais do que conforto \u2014 pode significar prote\u00e7\u00e3o e dignidade.<\/p>\n\n\n\n<p>Os organizadores pedem que os moradores entreguem diretamente aos atiradores, que estar\u00e3o devidamente uniformizados e identificados.<\/p>\n\n\n\n<p>A Campanha do Agasalho 2025 \u00e9 um exemplo de como a uni\u00e3o entre poder p\u00fablico, institui\u00e7\u00f5es e sociedade pode transformar realidades. E neste s\u00e1bado, quem aquece tamb\u00e9m se aquece \u2014 com o sentimento de fazer o bem.<\/p>\n\n\n\n<figure class=\"wp-block-image size-large\"><img decoding=\"async\" width=\"819\" height=\"1024\" src=\"https:\/\/noticiasregionais.com.br\/wp-content\/uploads\/2025\/06\/WhatsApp-Image-2025-06-04-at-16.53.09-819x1024.jpeg\" alt=\"\" class=\"wp-image-5537\" srcset=\"https:\/\/noticiasregionais.com.br\/wp-content\/uploads\/2025\/06\/WhatsApp-Image-2025-06-04-at-16.53.09-819x1024.jpeg 819w, https:\/\/noticiasregionais.com.br\/wp-content\/uploads\/2025\/06\/WhatsApp-Image-2025-06-04-at-16.53.09-240x300.jpeg 240w, https:\/\/noticiasregionais.com.br\/wp-content\/uploads\/2025\/06\/WhatsApp-Image-2025-06-04-at-16.53.09-768x960.jpeg 768w, https:\/\/noticiasregionais.com.br\/wp-content\/uploads\/2025\/06\/WhatsApp-Image-2025-06-04-at-16.53.09.jpeg 1080w\" sizes=\"(max-width: 819px) 100vw, 819px\" \/><\/figure>\n<input type=\"hidden\" id=\"baseurl\" value=\"https:\/\/noticiasregionais.com.br\"><input type=\"hidden\" id=\"audio_nonce\" value=\"533fbb67b1\">","protected":false},"excerpt":{"rendered":"<p>Ourinhos, 6 de junho de 2025 \u2014 Neste s\u00e1bado, dia 7 de junho, a solidariedade tomar\u00e1 conta das ruas de&hellip;<\/p>\n","protected":false},"author":1,"featured_media":5538,"comment_status":"closed","ping_status":"open","sticky":false,"template":"","format":"standard","meta":{"sfsi_plus_gutenberg_text_before_share":"","sfsi_plus_gutenberg_show_text_before_share":"","sfsi_plus_gutenberg_icon_type":"","sfsi_plus_gutenberg_icon_alignemt":"","sfsi_plus_gutenburg_max_per_row":"","footnotes":""},"categories":[10,1,5],"tags":[16],"class_list":["post-5536","post","type-post","status-publish","format-standard","has-post-thumbnail","hentry","category-destaques","category-noticias","category-ourinhos","tag-ourinhos"],"_links":{"self":[{"href":"https:\/\/noticiasregionais.com.br\/index.php?rest_route=\/wp\/v2\/posts\/5536","targetHints":{"allow":["GET"]}}],"collection":[{"href":"https:\/\/noticiasregionais.com.br\/index.php?rest_route=\/wp\/v2\/posts"}],"about":[{"href":"https:\/\/noticiasregionais.com.br\/index.php?rest_route=\/wp\/v2\/types\/post"}],"author":[{"embeddable":true,"href":"https:\/\/noticiasregionais.com.br\/index.php?rest_route=\/wp\/v2\/users\/1"}],"replies":[{"embeddable":true,"href":"https:\/\/noticiasregionais.com.br\/index.php?rest_route=%2Fwp%2Fv2%2Fcomments&post=5536"}],"version-history":[{"count":1,"href":"https:\/\/noticiasregionais.com.br\/index.php?rest_route=\/wp\/v2\/posts\/5536\/revisions"}],"predecessor-version":[{"id":5539,"href":"https:\/\/noticiasregionais.com.br\/index.php?rest_route=\/wp\/v2\/posts\/5536\/revisions\/5539"}],"wp:featuredmedia":[{"embeddable":true,"href":"https:\/\/noticiasregionais.com.br\/index.php?rest_route=\/wp\/v2\/media\/5538"}],"wp:attachment":[{"href":"https:\/\/noticiasregionais.com.br\/index.php?rest_route=%2Fwp%2Fv2%2Fmedia&parent=5536"}],"wp:term":[{"taxonomy":"category","embeddable":true,"href":"https:\/\/noticiasregionais.com.br\/index.php?rest_route=%2Fwp%2Fv2%2Fcategories&post=5536"},{"taxonomy":"post_tag","embeddable":true,"href":"https:\/\/noticiasregionais.com.br\/index.php?rest_route=%2Fwp%2Fv2%2Ftags&post=5536"}],"curies":[{"name":"wp","href":"https:\/\/api.w.org\/{rel}","templated":true}]}}