{"id":5545,"date":"2025-06-08T10:02:48","date_gmt":"2025-06-08T13:02:48","guid":{"rendered":"https:\/\/noticiasregionais.com.br\/?p=5545"},"modified":"2025-06-08T10:03:43","modified_gmt":"2025-06-08T13:03:43","slug":"policiamento-rodoviario-prende-traficante-com-mais-de-150-quilos-de-cocaina-em-onibus-na-sp-270-em-palmital","status":"publish","type":"post","link":"https:\/\/noticiasregionais.com.br\/?p=5545","title":{"rendered":"Policiamento Rodovi\u00e1rio prende traficante com mais de 150 quilos de coca\u00edna em \u00f4nibus na SP-270, em Palmital"},"content":{"rendered":"\n<p>Durante a \u201cOpera\u00e7\u00e3o Impacto\u201d, uma a\u00e7\u00e3o de fiscaliza\u00e7\u00e3o de rotina resultou em uma grande apreens\u00e3o de drogas na noite deste s\u00e1bado (7), em Palmital\/SP. Policiais militares do Policiamento Rodovi\u00e1rio abordaram um \u00f4nibus de turismo modelo Scania\/K113, que transportava 28 passageiros de nacionalidade boliviana e fazia o trajeto Corumb\u00e1\/MS \u2013 S\u00e3o Paulo\/SP.<\/p>\n\n\n\n<p>Durante a vistoria no ve\u00edculo, os agentes localizaram um compartimento oculto, um fundo falso no assoalho do \u00f4nibus, onde estavam escondidos 141 tabletes de entorpecentes: 50 de pasta base de coca\u00edna e 91 de coca\u00edna pura. A carga totalizou impressionantes 153,140 kg da droga.<\/p>\n\n\n\n<p>O motorista do \u00f4nibus, um brasileiro, foi detido e conduzido ao Plant\u00e3o Policial de Assis\/SP, junto com uma guia de turismo boliviana, tamb\u00e9m presente na viagem. No local, a droga, o \u00f4nibus e dois aparelhos celulares foram apreendidos.<\/p>\n\n\n\n<p>Ap\u00f3s prestar depoimento, o condutor permaneceu preso e est\u00e1 \u00e0 disposi\u00e7\u00e3o da Justi\u00e7a. J\u00e1 a guia de turismo foi ouvida e liberada. Os passageiros, por sua vez, foram levados ao terminal rodovi\u00e1rio de Assis\/SP, onde aguardaram novos encaminhamentos.<\/p>\n\n\n\n<p>A a\u00e7\u00e3o reafirma o compromisso da Pol\u00edcia Militar em combater o tr\u00e1fico de drogas nas rodovias paulistas. A corpora\u00e7\u00e3o segue atuando firmemente em opera\u00e7\u00f5es preventivas e repressivas, com o lema: <strong>&#8220;Pol\u00edcia Militar, rumo aos 200 anos! Vamos todos juntos. Ningu\u00e9m fica para tr\u00e1s.&#8221;<\/strong><\/p>\n\n\n\n<figure class=\"wp-block-image size-large\"><img decoding=\"async\" width=\"1024\" height=\"576\" src=\"https:\/\/noticiasregionais.com.br\/wp-content\/uploads\/2025\/06\/WhatsApp-Image-2025-06-08-at-08.20.221-1024x576.jpeg\" alt=\"\" class=\"wp-image-5547\" srcset=\"https:\/\/noticiasregionais.com.br\/wp-content\/uploads\/2025\/06\/WhatsApp-Image-2025-06-08-at-08.20.221-1024x576.jpeg 1024w, https:\/\/noticiasregionais.com.br\/wp-content\/uploads\/2025\/06\/WhatsApp-Image-2025-06-08-at-08.20.221-300x169.jpeg 300w, https:\/\/noticiasregionais.com.br\/wp-content\/uploads\/2025\/06\/WhatsApp-Image-2025-06-08-at-08.20.221-768x432.jpeg 768w, https:\/\/noticiasregionais.com.br\/wp-content\/uploads\/2025\/06\/WhatsApp-Image-2025-06-08-at-08.20.221-1536x864.jpeg 1536w, https:\/\/noticiasregionais.com.br\/wp-content\/uploads\/2025\/06\/WhatsApp-Image-2025-06-08-at-08.20.221.jpeg 1600w\" sizes=\"(max-width: 1024px) 100vw, 1024px\" \/><\/figure>\n<input type=\"hidden\" id=\"baseurl\" value=\"https:\/\/noticiasregionais.com.br\"><input type=\"hidden\" id=\"audio_nonce\" value=\"533fbb67b1\">","protected":false},"excerpt":{"rendered":"<p>Durante a \u201cOpera\u00e7\u00e3o Impacto\u201d, uma a\u00e7\u00e3o de fiscaliza\u00e7\u00e3o de rotina resultou em uma grande apreens\u00e3o de drogas na noite deste&hellip;<\/p>\n","protected":false},"author":1,"featured_media":5546,"comment_status":"closed","ping_status":"open","sticky":false,"template":"","format":"standard","meta":{"sfsi_plus_gutenberg_text_before_share":"","sfsi_plus_gutenberg_show_text_before_share":"","sfsi_plus_gutenberg_icon_type":"","sfsi_plus_gutenberg_icon_alignemt":"","sfsi_plus_gutenburg_max_per_row":"","footnotes":""},"categories":[12,1,6],"tags":[27],"class_list":["post-5545","post","type-post","status-publish","format-standard","has-post-thumbnail","hentry","category-capa","category-noticias","category-sao_paulo","tag-palmital"],"_links":{"self":[{"href":"https:\/\/noticiasregionais.com.br\/index.php?rest_route=\/wp\/v2\/posts\/5545","targetHints":{"allow":["GET"]}}],"collection":[{"href":"https:\/\/noticiasregionais.com.br\/index.php?rest_route=\/wp\/v2\/posts"}],"about":[{"href":"https:\/\/noticiasregionais.com.br\/index.php?rest_route=\/wp\/v2\/types\/post"}],"author":[{"embeddable":true,"href":"https:\/\/noticiasregionais.com.br\/index.php?rest_route=\/wp\/v2\/users\/1"}],"replies":[{"embeddable":true,"href":"https:\/\/noticiasregionais.com.br\/index.php?rest_route=%2Fwp%2Fv2%2Fcomments&post=5545"}],"version-history":[{"count":1,"href":"https:\/\/noticiasregionais.com.br\/index.php?rest_route=\/wp\/v2\/posts\/5545\/revisions"}],"predecessor-version":[{"id":5548,"href":"https:\/\/noticiasregionais.com.br\/index.php?rest_route=\/wp\/v2\/posts\/5545\/revisions\/5548"}],"wp:featuredmedia":[{"embeddable":true,"href":"https:\/\/noticiasregionais.com.br\/index.php?rest_route=\/wp\/v2\/media\/5546"}],"wp:attachment":[{"href":"https:\/\/noticiasregionais.com.br\/index.php?rest_route=%2Fwp%2Fv2%2Fmedia&parent=5545"}],"wp:term":[{"taxonomy":"category","embeddable":true,"href":"https:\/\/noticiasregionais.com.br\/index.php?rest_route=%2Fwp%2Fv2%2Fcategories&post=5545"},{"taxonomy":"post_tag","embeddable":true,"href":"https:\/\/noticiasregionais.com.br\/index.php?rest_route=%2Fwp%2Fv2%2Ftags&post=5545"}],"curies":[{"name":"wp","href":"https:\/\/api.w.org\/{rel}","templated":true}]}}