{"id":5549,"date":"2025-06-08T10:37:49","date_gmt":"2025-06-08T13:37:49","guid":{"rendered":"https:\/\/noticiasregionais.com.br\/?p=5549"},"modified":"2025-06-08T10:38:01","modified_gmt":"2025-06-08T13:38:01","slug":"tor-prende-trio-com-109-tabletes-de-maconha-em-santa-cruz-do-rio-pardo","status":"publish","type":"post","link":"https:\/\/noticiasregionais.com.br\/?p=5549","title":{"rendered":"TOR prende trio com 109 tabletes de maconha em Santa Cruz do Rio Pardo"},"content":{"rendered":"\n<p>Na madrugada desta sexta-feira (6), uma equipe do T\u00e1tico Ostensivo Rodovi\u00e1rio (TOR), da Pol\u00edcia Militar Rodovi\u00e1ria, realizou uma importante apreens\u00e3o de drogas durante fiscaliza\u00e7\u00e3o na Rodovia Orlando Quagliato (SP-327), no munic\u00edpio de Santa Cruz do Rio Pardo\/SP, como parte da <em>Opera\u00e7\u00e3o Impacto<\/em>.<\/p>\n\n\n\n<p>Os policiais abordaram um ve\u00edculo VW\/Voyage com tr\u00eas ocupantes \u2014 o condutor, maior de idade, e dois passageiros adolescentes, ambos com 16 anos. Durante a vistoria, os militares encontraram no porta-malas do autom\u00f3vel quatro malas contendo 109 tabletes de maconha. A droga, ap\u00f3s pesagem, totalizou 82,532 kg.<\/p>\n\n\n\n<p>O motorista n\u00e3o possui antecedentes criminais conhecidos. N\u00e3o h\u00e1 informa\u00e7\u00f5es, at\u00e9 o momento, sobre a ficha dos adolescentes.<\/p>\n\n\n\n<p>Diante da situa\u00e7\u00e3o, o trio foi conduzido \u00e0 Central de Pol\u00edcia Judici\u00e1ria (CPJ) de Ourinhos\/SP, onde o ve\u00edculo, o entorpecente e demais objetos foram apreendidos. Ap\u00f3s os procedimentos legais e colhimento de depoimentos, os envolvidos permaneceram \u00e0 disposi\u00e7\u00e3o da Justi\u00e7a.<\/p>\n\n\n\n<p>A a\u00e7\u00e3o refor\u00e7a a efic\u00e1cia das fiscaliza\u00e7\u00f5es de rotina e o comprometimento da Pol\u00edcia Militar com o enfrentamento ao tr\u00e1fico de drogas nas rodovias do estado.<\/p>\n\n\n\n<p><strong>Pol\u00edcia Militar, rumo aos 200 anos! Vamos todos juntos. Ningu\u00e9m fica para tr\u00e1s.<\/strong><\/p>\n<input type=\"hidden\" id=\"baseurl\" value=\"https:\/\/noticiasregionais.com.br\"><input type=\"hidden\" id=\"audio_nonce\" value=\"533fbb67b1\">","protected":false},"excerpt":{"rendered":"<p>Na madrugada desta sexta-feira (6), uma equipe do T\u00e1tico Ostensivo Rodovi\u00e1rio (TOR), da Pol\u00edcia Militar Rodovi\u00e1ria, realizou uma importante apreens\u00e3o&hellip;<\/p>\n","protected":false},"author":1,"featured_media":5550,"comment_status":"closed","ping_status":"open","sticky":false,"template":"","format":"standard","meta":{"sfsi_plus_gutenberg_text_before_share":"","sfsi_plus_gutenberg_show_text_before_share":"","sfsi_plus_gutenberg_icon_type":"","sfsi_plus_gutenberg_icon_alignemt":"","sfsi_plus_gutenburg_max_per_row":"","footnotes":""},"categories":[10,1,6],"tags":[17],"class_list":["post-5549","post","type-post","status-publish","format-standard","has-post-thumbnail","hentry","category-destaques","category-noticias","category-sao_paulo","tag-santa_cruz"],"_links":{"self":[{"href":"https:\/\/noticiasregionais.com.br\/index.php?rest_route=\/wp\/v2\/posts\/5549","targetHints":{"allow":["GET"]}}],"collection":[{"href":"https:\/\/noticiasregionais.com.br\/index.php?rest_route=\/wp\/v2\/posts"}],"about":[{"href":"https:\/\/noticiasregionais.com.br\/index.php?rest_route=\/wp\/v2\/types\/post"}],"author":[{"embeddable":true,"href":"https:\/\/noticiasregionais.com.br\/index.php?rest_route=\/wp\/v2\/users\/1"}],"replies":[{"embeddable":true,"href":"https:\/\/noticiasregionais.com.br\/index.php?rest_route=%2Fwp%2Fv2%2Fcomments&post=5549"}],"version-history":[{"count":1,"href":"https:\/\/noticiasregionais.com.br\/index.php?rest_route=\/wp\/v2\/posts\/5549\/revisions"}],"predecessor-version":[{"id":5551,"href":"https:\/\/noticiasregionais.com.br\/index.php?rest_route=\/wp\/v2\/posts\/5549\/revisions\/5551"}],"wp:featuredmedia":[{"embeddable":true,"href":"https:\/\/noticiasregionais.com.br\/index.php?rest_route=\/wp\/v2\/media\/5550"}],"wp:attachment":[{"href":"https:\/\/noticiasregionais.com.br\/index.php?rest_route=%2Fwp%2Fv2%2Fmedia&parent=5549"}],"wp:term":[{"taxonomy":"category","embeddable":true,"href":"https:\/\/noticiasregionais.com.br\/index.php?rest_route=%2Fwp%2Fv2%2Fcategories&post=5549"},{"taxonomy":"post_tag","embeddable":true,"href":"https:\/\/noticiasregionais.com.br\/index.php?rest_route=%2Fwp%2Fv2%2Ftags&post=5549"}],"curies":[{"name":"wp","href":"https:\/\/api.w.org\/{rel}","templated":true}]}}