{"id":555,"date":"2023-09-26T07:30:53","date_gmt":"2023-09-26T10:30:53","guid":{"rendered":"https:\/\/noticiasregionais.com.br\/?p=555"},"modified":"2023-09-26T07:30:53","modified_gmt":"2023-09-26T10:30:53","slug":"inss-comeca-a-telefonar-para-segurados-anteciparem-pericia-medica-via-atestmed","status":"publish","type":"post","link":"https:\/\/noticiasregionais.com.br\/?p=555","title":{"rendered":"INSS come\u00e7a a telefonar para segurados anteciparem per\u00edcia m\u00e9dica via Atestmed"},"content":{"rendered":"\n<p>O Instituto Nacional do Seguro Social (INSS) come\u00e7ou nesta segunda-feira (25) a ligar para os segurados que est\u00e3o aguardando, h\u00e1 mais de 45 dias, pela per\u00edcia m\u00e9dica para concess\u00e3o de benef\u00edcio por incapacidade tempor\u00e1ria (antigo aux\u00edlio-doen\u00e7a). A medida faz parte das a\u00e7\u00f5es do Minist\u00e9rio da Previd\u00eancia Social para diminuir a fila de pedidos de concess\u00e3o de benef\u00edcios do INSS.<\/p>\n\n\n\n<p>A antecipa\u00e7\u00e3o ser\u00e1 feita por meio do <a href=\"https:\/\/www.gov.br\/previdencia\/pt-br\/assuntos\/atestmed\" target=\"_blank\" rel=\"noreferrer noopener\">Atestmed<\/a>, uma an\u00e1lise documental sem passar pela per\u00edcia presencial. Para agilizar o contato com o segurado, a Central de Atendimento 135 vai mudar de n\u00famero. A partir de agora, o n\u00famero que vai aparecer na tela de chamada ser\u00e1 o (11) 2135-0135. Vale destacar que o n\u00famero n\u00e3o recebe chamada telef\u00f4nica, nem mensagem de WhatsApp.<\/p>\n\n\n\n<p>O INSS informa que n\u00e3o entra em contato com o segurado para pedir n\u00famero de documentos, foto para comprovar a biometria facial, n\u00famero de conta corrente ou senha banc\u00e1ria. A chamada \u00e9 feita apenas para antecipar o atendimento, remarcar consulta, informar sobre requerimentos, entre outros servi\u00e7os. E, em todas elas, \u00e9 o INSS que fornece as informa\u00e7\u00f5es.<\/p>\n\n\n\n<h2 class=\"wp-block-heading\">Fila do INSS<\/h2>\n\n\n\n<p>At\u00e9 o final do m\u00eas de agosto, o INSS contava com 1,69 milh\u00e3o de pedidos de concess\u00e3o de benef\u00edcios \u2014 uma redu\u00e7\u00e3o de 5,7% na compara\u00e7\u00e3o com o m\u00eas anterior.&nbsp;<\/p>\n\n\n\n<p>O especialista em Direito Previdenci\u00e1rio Washington Barbosa explica que um dos motivos para o aumento da fila \u00e9 a digitaliza\u00e7\u00e3o dos servi\u00e7os.<\/p>\n\n\n\n<p>\u201cO ac\u00famulo de an\u00e1lise de benef\u00edcios se deu porque antigamente voc\u00ea controlava a quantidade de benef\u00edcios pela quantidade de senhas que era disponibilizada. Agora, com os aspectos eletr\u00f4nicos \u2014 no caso do Meu INSS, o pr\u00f3prio 135 Central de Atendimento \u2014, qualquer pessoa a qualquer momento pode fazer um pedido. Ent\u00e3o, a porta de entrada foi escancarada.\u201d<\/p>\n\n\n\n<p>Outro motivo para o aumento da fila, segundo Barbosa, \u00e9 o sucateamento do INSS.<\/p>\n\n\n\n<p>\u201cO outro ponto, na realidade, foi o sucateamento do INSS, tanto por pouca quantidade de pessoas, quanto pela pr\u00f3pria estrutura. Menos servidores e estrutura ruim. Soma-se a isso a Reforma da Previd\u00eancia. Basicamente, sempre que se tem uma reforma, h\u00e1 um acr\u00e9scimo no n\u00famero de pedidos.\u201d<\/p>\n\n\n\n<p>O economista e professor da FGV Renan Pieri refor\u00e7a os motivos listados por Barbosa e destaca que, al\u00e9m deles, h\u00e1 o fato de que a popula\u00e7\u00e3o est\u00e1 envelhecendo, e isso exige mais do INSS. \u201cCom a popula\u00e7\u00e3o envelhecendo, mais pessoas demandam aposentadoria, e isso exigiria um crescimento quase cont\u00ednuo do corpo de funcion\u00e1rios do INSS, o que, dadas as restri\u00e7\u00f5es fiscais do governo, nem sempre \u00e9 poss\u00edvel\u201d, ponderou.&nbsp;<\/p>\n\n\n\n<h2 class=\"wp-block-heading\">Medidas para reduzir a fila<\/h2>\n\n\n\n<p>A an\u00e1lise documental sem per\u00edcia presencial, por meio do Atestmed, \u00e9 uma das a\u00e7\u00f5es anunciadas pelo ministro da Previd\u00eancia Social, Carlos Lupi, em audi\u00eancia na C\u00e2mara dos Deputados. Outras a\u00e7\u00f5es, que ele chamou de \u201cestruturantes\u201d, envolvem a informatiza\u00e7\u00e3o, o cruzamento de dados com outras institui\u00e7\u00f5es federais e o lan\u00e7amento do Programa PREVM\u00f3vel para atendimento itinerante.&nbsp;<\/p>\n\n\n\n<p>Na ocasi\u00e3o, o ministro afirmou que a redu\u00e7\u00e3o da fila \u00e9 o principal desafio da Previd\u00eancia, sobretudo ap\u00f3s a recente alta dos pedidos de concess\u00e3o de benef\u00edcio.&nbsp;<\/p>\n\n\n\n<p>\u201cEsse m\u00eas de agosto, mais de 1 milh\u00e3o de brasileiros entraram com algum pedido dentro do Meu INSS da Previd\u00eancia Social. [Pedido] de todo tipo: aposentadoria, pens\u00e3o, sal\u00e1rio-acidente, sal\u00e1rio-gestante, BPC, agricultores. \u00c9 o recorde da nossa hist\u00f3ria. Ent\u00e3o, al\u00e9m de ter o problema de enfrentar uma heran\u00e7a de fila, voc\u00ea tem que resolver o que est\u00e1 agora. Nosso esfor\u00e7o \u00e9 para que, at\u00e9 final de dezembro, consigamos enquadrar esses pedidos no prazo m\u00e1ximo permitido por lei, que \u00e9 de 45 dias\u201d, estima.<\/p>\n\n\n\n<p>O especialista em Direito Previdenci\u00e1rio Washington Barbosa destaca o acordo entre o INSS e a Ordem dos Advogados do Brasil, no qual os juristas podem fazer quase todo o trabalho de uma ag\u00eancia da Previd\u00eancia. Essa medida desafoga os atendimentos e libera os servidores para ficarem na parte de an\u00e1lise das propostas. Barbosa prop\u00f5e que esse conv\u00eanio se estenda para os Centros de Refer\u00eancia de Assist\u00eancia Social (CRAS).<\/p>\n\n\n\n<p>\u201cSe n\u00f3s transfer\u00edssemos esse mesmo conv\u00eanio da OAB para que os CRAS, em cada localidade, pudessem tamb\u00e9m fazer o atendimento, muitas pessoas seriam liberadas e a gente poderia ter um efeito muito forte nesse aspecto. Sem falar que, se n\u00f3s treinarmos essas pessoas, a entrada dos pedidos j\u00e1 vai ser feita de maneira mais redonda, o que facilita o atendimento.\u201d<\/p>\n\n\n\n<p><strong><a href=\"https:\/\/brasil61.com\/n\/fila-do-inss-ultrapassa-1-2-milhao-especialistas-sugerem-saidas-para-o-problema-bras238478\" target=\"_blank\" rel=\"noreferrer noopener\">Fila do INSS ultrapassa 1,2 milh\u00e3o de pessoas. Especialistas sugerem sa\u00eddas para o problema<\/a><\/strong><\/p>\n\n\n\n<p><strong><a href=\"https:\/\/brasil61.com\/n\/economista-aponta-irresponsabilidade-fiscal-no-aumento-de-r-3-2-bilhoes-para-pagar-previdencia-bras239649\" target=\"_blank\" rel=\"noreferrer noopener\">Economista aponta irresponsabilidade fiscal no aumento de R$ 3,2 bilh\u00f5es para pagar Previd\u00eancia<\/a><\/strong><\/p>\n\n\n\n<p><strong><a href=\"https:\/\/brasil61.com\/n\/revisao-da-vida-toda-advogados-dao-orientacoes-para-nao-cair-em-golpes-bras239544\" target=\"_blank\" rel=\"noreferrer noopener\">Revis\u00e3o da vida toda: advogados d\u00e3o orienta\u00e7\u00f5es para benefici\u00e1rio do INSS n\u00e3o cair em golpes<\/a><\/strong><\/p>\n\n\n\n<h2 class=\"wp-block-heading\">Atestmed<\/h2>\n\n\n\n<p>Segundo o INSS, o prazo m\u00e1ximo para a concess\u00e3o do benef\u00edcio por meio do Atestmed \u00e9 de 180 dias. Caso o benef\u00edcio seja negado, o segurado ter\u00e1 um prazo de 15 dias para realizar um novo requerimento.&nbsp;<\/p>\n\n\n\n<p>A documenta\u00e7\u00e3o m\u00e9dica para fazer o requerimento deve ser leg\u00edvel e sem rasuras, contendo obrigatoriamente as seguintes informa\u00e7\u00f5es:<\/p>\n\n\n\n<ul class=\"wp-block-list\">\n<li>Nome completo do segurado;<\/li>\n\n\n\n<li>Data de emiss\u00e3o do documento (n\u00e3o podendo ser superior a 90 dias da data de entrada do requerimento);<\/li>\n\n\n\n<li>Diagn\u00f3stico por extenso ou c\u00f3digo da Classifica\u00e7\u00e3o Internacional de Doen\u00e7as (CID);<\/li>\n\n\n\n<li>Assinatura e identifica\u00e7\u00e3o do profissional emitente, com nome e registro no conselho de classe, ou carimbo;<\/li>\n\n\n\n<li>Data do in\u00edcio do afastamento ou repouso;<\/li>\n\n\n\n<li>Prazo necess\u00e1rio estimado para o repouso.<\/li>\n<\/ul>\n\n\n\n<p>Toda a documenta\u00e7\u00e3o necess\u00e1ria para a concess\u00e3o do benef\u00edcio por incapacidade tempor\u00e1ria dever\u00e1 ser enviada por meio dos canais digitais de atendimento \u2014 Meu INSS (<a href=\"https:\/\/play.google.com\/store\/apps\/details?id=br.gov.dataprev.meuinss&amp;hl=pt_BR&amp;gl=US&amp;pli=1\" target=\"_blank\" rel=\"noreferrer noopener\">aplicativo<\/a> ou <a href=\"https:\/\/meu.inss.gov.br\/#\/login\" target=\"_blank\" rel=\"noreferrer noopener\">p\u00e1gina web<\/a>) e Central de Atendimento 135.<\/p>\n\n\n\n<p>Fonte: <a href=\"https:\/\/brasil61.com\/n\/inss-comeca-a-telefonar-para-segurados-anteciparem-pericia-medica-via-atestmed-bras239667\" target=\"_blank\" rel=\"noreferrer noopener\">Brasil 61<\/a><\/p>\n<input type=\"hidden\" id=\"baseurl\" value=\"https:\/\/noticiasregionais.com.br\"><input type=\"hidden\" id=\"audio_nonce\" value=\"533fbb67b1\">","protected":false},"excerpt":{"rendered":"<p>O Instituto Nacional do Seguro Social (INSS) come\u00e7ou nesta segunda-feira (25) a ligar para os segurados que est\u00e3o aguardando, h\u00e1&hellip;<\/p>\n","protected":false},"author":1,"featured_media":556,"comment_status":"closed","ping_status":"open","sticky":false,"template":"","format":"standard","meta":{"sfsi_plus_gutenberg_text_before_share":"","sfsi_plus_gutenberg_show_text_before_share":"","sfsi_plus_gutenberg_icon_type":"","sfsi_plus_gutenberg_icon_alignemt":"","sfsi_plus_gutenburg_max_per_row":"","footnotes":""},"categories":[8,10,1],"tags":[],"class_list":["post-555","post","type-post","status-publish","format-standard","has-post-thumbnail","hentry","category-brasil","category-destaques","category-noticias"],"_links":{"self":[{"href":"https:\/\/noticiasregionais.com.br\/index.php?rest_route=\/wp\/v2\/posts\/555","targetHints":{"allow":["GET"]}}],"collection":[{"href":"https:\/\/noticiasregionais.com.br\/index.php?rest_route=\/wp\/v2\/posts"}],"about":[{"href":"https:\/\/noticiasregionais.com.br\/index.php?rest_route=\/wp\/v2\/types\/post"}],"author":[{"embeddable":true,"href":"https:\/\/noticiasregionais.com.br\/index.php?rest_route=\/wp\/v2\/users\/1"}],"replies":[{"embeddable":true,"href":"https:\/\/noticiasregionais.com.br\/index.php?rest_route=%2Fwp%2Fv2%2Fcomments&post=555"}],"version-history":[{"count":1,"href":"https:\/\/noticiasregionais.com.br\/index.php?rest_route=\/wp\/v2\/posts\/555\/revisions"}],"predecessor-version":[{"id":557,"href":"https:\/\/noticiasregionais.com.br\/index.php?rest_route=\/wp\/v2\/posts\/555\/revisions\/557"}],"wp:featuredmedia":[{"embeddable":true,"href":"https:\/\/noticiasregionais.com.br\/index.php?rest_route=\/wp\/v2\/media\/556"}],"wp:attachment":[{"href":"https:\/\/noticiasregionais.com.br\/index.php?rest_route=%2Fwp%2Fv2%2Fmedia&parent=555"}],"wp:term":[{"taxonomy":"category","embeddable":true,"href":"https:\/\/noticiasregionais.com.br\/index.php?rest_route=%2Fwp%2Fv2%2Fcategories&post=555"},{"taxonomy":"post_tag","embeddable":true,"href":"https:\/\/noticiasregionais.com.br\/index.php?rest_route=%2Fwp%2Fv2%2Ftags&post=555"}],"curies":[{"name":"wp","href":"https:\/\/api.w.org\/{rel}","templated":true}]}}