{"id":5552,"date":"2025-06-08T10:52:38","date_gmt":"2025-06-08T13:52:38","guid":{"rendered":"https:\/\/noticiasregionais.com.br\/?p=5552"},"modified":"2025-06-08T10:52:50","modified_gmt":"2025-06-08T13:52:50","slug":"camara-de-ourinhos-analisara-projeto-que-propoe-o-fim-do-uso-de-papel-na-administracao-publica","status":"publish","type":"post","link":"https:\/\/noticiasregionais.com.br\/?p=5552","title":{"rendered":"C\u00e2mara de Ourinhos analisar\u00e1 projeto que prop\u00f5e o fim do uso de papel na administra\u00e7\u00e3o p\u00fablica"},"content":{"rendered":"\n<p>A C\u00e2mara Municipal de Ourinhos realizar\u00e1 nesta segunda-feira, <strong>9 de junho<\/strong>, a sua <strong>19\u00aa Sess\u00e3o Ordin\u00e1ria<\/strong>, e entre os principais destaques da pauta est\u00e1 o <strong>Projeto de Lei n\u00ba 28\/2025<\/strong>, de autoria do prefeito <strong>Guilherme Andrew Gon\u00e7alves da Silva<\/strong>, que prop\u00f5e a cria\u00e7\u00e3o do <strong>Programa \u201cOurinhos Sem Papel\u201d<\/strong>.<\/p>\n\n\n\n<p>A proposta tem como objetivo promover a <strong>elimina\u00e7\u00e3o gradual do uso de papel<\/strong> no \u00e2mbito da administra\u00e7\u00e3o p\u00fablica municipal, substituindo processos f\u00edsicos por <strong>procedimentos digitais<\/strong>. De acordo com o texto do projeto, a medida visa modernizar os servi\u00e7os p\u00fablicos, com foco em maior efici\u00eancia administrativa, economia de recursos e sustentabilidade ambiental.<\/p>\n\n\n\n<p>O programa dever\u00e1 ser implementado diretamente pelos \u00f3rg\u00e3os da Prefeitura, abrangendo a tramita\u00e7\u00e3o de documentos internos, protocolos, memorandos, of\u00edcios e outros instrumentos administrativos que atualmente utilizam material impresso.<\/p>\n\n\n\n<h3 class=\"wp-block-heading\">Sess\u00e3o ter\u00e1 ainda requerimentos e mo\u00e7\u00f5es<\/h3>\n\n\n\n<p>Al\u00e9m do projeto do Executivo, a sess\u00e3o tamb\u00e9m contar\u00e1 com a an\u00e1lise de <strong>19 requerimentos de vereadores<\/strong>, abordando temas como infraestrutura urbana, sa\u00fade p\u00fablica, seguran\u00e7a no tr\u00e2nsito, limpeza de \u00e1reas p\u00fablicas e acessibilidade.<\/p>\n\n\n\n<p>Constam ainda na pauta <strong>seis mo\u00e7\u00f5es de congratula\u00e7\u00f5es<\/strong>, direcionadas a profissionais da sa\u00fade, atletas e representantes da cultura e da sociedade civil, al\u00e9m de <strong>tr\u00eas indica\u00e7\u00f5es legislativas<\/strong> e outros dois projetos de lei para denomina\u00e7\u00e3o de vias p\u00fablicas.<\/p>\n\n\n\n<p>A sess\u00e3o ser\u00e1 conduzida pelo presidente da C\u00e2mara, <strong>vereador C\u00edcero de Aquino<\/strong>, e ocorrer\u00e1 na sede do Legislativo Municipal.<\/p>\n\n\n\n<p><strong>Acompanhe a sess\u00e3o ao vivo pelo site da C\u00e2mara de Ourinhos: <a class=\"\" href=\"http:\/\/www.camaraourinhos.sp.gov.br\" target=\"_blank\" rel=\"noopener\">www.camaraourinhos.sp.gov.b<\/a><\/strong><\/p>\n<input type=\"hidden\" id=\"baseurl\" value=\"https:\/\/noticiasregionais.com.br\"><input type=\"hidden\" id=\"audio_nonce\" value=\"533fbb67b1\">","protected":false},"excerpt":{"rendered":"<p>A C\u00e2mara Municipal de Ourinhos realizar\u00e1 nesta segunda-feira, 9 de junho, a sua 19\u00aa Sess\u00e3o Ordin\u00e1ria, e entre os principais&hellip;<\/p>\n","protected":false},"author":1,"featured_media":4336,"comment_status":"closed","ping_status":"open","sticky":false,"template":"","format":"standard","meta":{"sfsi_plus_gutenberg_text_before_share":"","sfsi_plus_gutenberg_show_text_before_share":"","sfsi_plus_gutenberg_icon_type":"","sfsi_plus_gutenberg_icon_alignemt":"","sfsi_plus_gutenburg_max_per_row":"","footnotes":""},"categories":[10,1,5],"tags":[16],"class_list":["post-5552","post","type-post","status-publish","format-standard","has-post-thumbnail","hentry","category-destaques","category-noticias","category-ourinhos","tag-ourinhos"],"_links":{"self":[{"href":"https:\/\/noticiasregionais.com.br\/index.php?rest_route=\/wp\/v2\/posts\/5552","targetHints":{"allow":["GET"]}}],"collection":[{"href":"https:\/\/noticiasregionais.com.br\/index.php?rest_route=\/wp\/v2\/posts"}],"about":[{"href":"https:\/\/noticiasregionais.com.br\/index.php?rest_route=\/wp\/v2\/types\/post"}],"author":[{"embeddable":true,"href":"https:\/\/noticiasregionais.com.br\/index.php?rest_route=\/wp\/v2\/users\/1"}],"replies":[{"embeddable":true,"href":"https:\/\/noticiasregionais.com.br\/index.php?rest_route=%2Fwp%2Fv2%2Fcomments&post=5552"}],"version-history":[{"count":1,"href":"https:\/\/noticiasregionais.com.br\/index.php?rest_route=\/wp\/v2\/posts\/5552\/revisions"}],"predecessor-version":[{"id":5553,"href":"https:\/\/noticiasregionais.com.br\/index.php?rest_route=\/wp\/v2\/posts\/5552\/revisions\/5553"}],"wp:featuredmedia":[{"embeddable":true,"href":"https:\/\/noticiasregionais.com.br\/index.php?rest_route=\/wp\/v2\/media\/4336"}],"wp:attachment":[{"href":"https:\/\/noticiasregionais.com.br\/index.php?rest_route=%2Fwp%2Fv2%2Fmedia&parent=5552"}],"wp:term":[{"taxonomy":"category","embeddable":true,"href":"https:\/\/noticiasregionais.com.br\/index.php?rest_route=%2Fwp%2Fv2%2Fcategories&post=5552"},{"taxonomy":"post_tag","embeddable":true,"href":"https:\/\/noticiasregionais.com.br\/index.php?rest_route=%2Fwp%2Fv2%2Ftags&post=5552"}],"curies":[{"name":"wp","href":"https:\/\/api.w.org\/{rel}","templated":true}]}}